{"id":67804,"date":"2021-09-20T09:41:38","date_gmt":"2021-09-20T12:41:38","guid":{"rendered":"http:\/\/www.portalmantena.com.br\/novo\/?p=67804"},"modified":"2021-09-23T09:46:15","modified_gmt":"2021-09-23T12:46:15","slug":"print-color-faz-7-anos-e-agradece-aos-amigos-clientes","status":"publish","type":"post","link":"http:\/\/www.portalmantena.com.br\/novo\/?p=67804","title":{"rendered":"Print Color faz 7 anos e agradece aos amigos clientes"},"content":{"rendered":"<p><a href=\"http:\/\/www.portalmantena.com.br\/novo\/wp-content\/uploads\/2021\/09\/no200921print1.jpg\"><img loading=\"lazy\" class=\"alignnone size-full wp-image-67805\" src=\"http:\/\/www.portalmantena.com.br\/novo\/wp-content\/uploads\/2021\/09\/no200921print1.jpg\" alt=\"\" width=\"700\" height=\"450\" srcset=\"http:\/\/www.portalmantena.com.br\/novo\/wp-content\/uploads\/2021\/09\/no200921print1.jpg 700w, http:\/\/www.portalmantena.com.br\/novo\/wp-content\/uploads\/2021\/09\/no200921print1-300x193.jpg 300w, http:\/\/www.portalmantena.com.br\/novo\/wp-content\/uploads\/2021\/09\/no200921print1-696x447.jpg 696w, http:\/\/www.portalmantena.com.br\/novo\/wp-content\/uploads\/2021\/09\/no200921print1-653x420.jpg 653w\" sizes=\"(max-width: 700px) 100vw, 700px\" \/><\/a><\/p>\n<p><span style=\"font-size: 14pt;\">Com uma equipe de profissionais especializada, atendendo com qualidade e aten\u00e7\u00e3o aos clientes de Mantena e regi\u00e3o, a empresa PRINT COLOR, especializada na manuten\u00e7\u00e3o de impressoras, completa neste m\u00eas de Setembro, 7 anos atendendo aos amigos clientes.<\/span><\/p>\n<p><span style=\"font-size: 18pt;\"><strong> Um momento especial de Gratid\u00e3o a Deus e aos clientes e amigos que fazem parte desta bela hist\u00f3ria. <\/strong><\/span><\/p>\n<p><span style=\"font-size: 14pt;\">A dire\u00e7\u00e3o da empresa fez quest\u00e3o de aproveitar este momento marcante para agradecer o apoio e a confian\u00e7a de todos, &#8220;Gratid\u00e3o a Deus e a voc\u00ea, cliente amigo por mais esse ano juntos!&#8221;. <\/span><\/p>\n<p><span style=\"font-size: 14pt;\">A empresa que est\u00e1 situada \u00e0 avenida Get\u00falio Vargas, 150 no centro em Mantena e atende aos clientes da cidade e toda regi\u00e3o tamb\u00e9m com o servi\u00e7o externo (m\u00f3vel), basta ligar para (33) 3241-5932 e ainda (33) 9 9974-0663 (whatsapp).<\/span><\/p>\n<p><a href=\"http:\/\/www.portalmantena.com.br\/novo\/wp-content\/uploads\/2021\/09\/no200921print2.jpg\"><img loading=\"lazy\" class=\"alignnone size-full wp-image-67806\" src=\"http:\/\/www.portalmantena.com.br\/novo\/wp-content\/uploads\/2021\/09\/no200921print2.jpg\" alt=\"\" width=\"700\" height=\"450\" srcset=\"http:\/\/www.portalmantena.com.br\/novo\/wp-content\/uploads\/2021\/09\/no200921print2.jpg 700w, http:\/\/www.portalmantena.com.br\/novo\/wp-content\/uploads\/2021\/09\/no200921print2-300x193.jpg 300w, http:\/\/www.portalmantena.com.br\/novo\/wp-content\/uploads\/2021\/09\/no200921print2-696x447.jpg 696w, http:\/\/www.portalmantena.com.br\/novo\/wp-content\/uploads\/2021\/09\/no200921print2-653x420.jpg 653w\" sizes=\"(max-width: 700px) 100vw, 700px\" \/><\/a> <a href=\"http:\/\/www.portalmantena.com.br\/novo\/wp-content\/uploads\/2021\/09\/no200921print3.jpg\"><img loading=\"lazy\" class=\"alignnone size-full wp-image-67807\" src=\"http:\/\/www.portalmantena.com.br\/novo\/wp-content\/uploads\/2021\/09\/no200921print3.jpg\" alt=\"\" width=\"700\" height=\"450\" srcset=\"http:\/\/www.portalmantena.com.br\/novo\/wp-content\/uploads\/2021\/09\/no200921print3.jpg 700w, http:\/\/www.portalmantena.com.br\/novo\/wp-content\/uploads\/2021\/09\/no200921print3-300x193.jpg 300w, http:\/\/www.portalmantena.com.br\/novo\/wp-content\/uploads\/2021\/09\/no200921print3-696x447.jpg 696w, http:\/\/www.portalmantena.com.br\/novo\/wp-content\/uploads\/2021\/09\/no200921print3-653x420.jpg 653w\" sizes=\"(max-width: 700px) 100vw, 700px\" \/><\/a>Servi\u00e7o de atendimento externo na cidade e regi\u00e3o<\/p>\n<p><a href=\"http:\/\/www.portalmantena.com.br\/novo\/wp-content\/uploads\/2021\/09\/no200921print4.jpg\"><img loading=\"lazy\" class=\"alignnone size-full wp-image-67808\" src=\"http:\/\/www.portalmantena.com.br\/novo\/wp-content\/uploads\/2021\/09\/no200921print4.jpg\" alt=\"\" width=\"700\" height=\"450\" srcset=\"http:\/\/www.portalmantena.com.br\/novo\/wp-content\/uploads\/2021\/09\/no200921print4.jpg 700w, http:\/\/www.portalmantena.com.br\/novo\/wp-content\/uploads\/2021\/09\/no200921print4-300x193.jpg 300w, http:\/\/www.portalmantena.com.br\/novo\/wp-content\/uploads\/2021\/09\/no200921print4-696x447.jpg 696w, http:\/\/www.portalmantena.com.br\/novo\/wp-content\/uploads\/2021\/09\/no200921print4-653x420.jpg 653w\" sizes=\"(max-width: 700px) 100vw, 700px\" \/><\/a><\/p>\n<p><a href=\"http:\/\/www.portalmantena.com.br\/novo\/\"><img loading=\"lazy\" class=\"alignnone size-full wp-image-37331\" src=\"http:\/\/www.portalmantena.com.br\/novo\/wp-content\/uploads\/2018\/05\/faixaportalnoticias5.jpg\" alt=\"\" width=\"700\" height=\"40\" srcset=\"http:\/\/www.portalmantena.com.br\/novo\/wp-content\/uploads\/2018\/05\/faixaportalnoticias5.jpg 700w, http:\/\/www.portalmantena.com.br\/novo\/wp-content\/uploads\/2018\/05\/faixaportalnoticias5-300x17.jpg 300w, http:\/\/www.portalmantena.com.br\/novo\/wp-content\/uploads\/2018\/05\/faixaportalnoticias5-696x40.jpg 696w\" sizes=\"(max-width: 700px) 100vw, 700px\" \/><\/a><\/p>\n<p><span style=\"font-size: 10pt;\">ESPA\u00c7O EMPRESARIAL<\/span><a href=\"https:\/\/www.facebook.com\/profile.php?id=100004934627949&amp;fref=ts\"><img loading=\"lazy\" class=\"alignnone size-full wp-image-59752\" src=\"http:\/\/www.portalmantena.com.br\/novo\/wp-content\/uploads\/2018\/05\/print150420.jpg\" alt=\"\" width=\"700\" height=\"150\" srcset=\"http:\/\/www.portalmantena.com.br\/novo\/wp-content\/uploads\/2018\/05\/print150420.jpg 700w, http:\/\/www.portalmantena.com.br\/novo\/wp-content\/uploads\/2018\/05\/print150420-300x64.jpg 300w, http:\/\/www.portalmantena.com.br\/novo\/wp-content\/uploads\/2018\/05\/print150420-696x150.jpg 696w\" sizes=\"(max-width: 700px) 100vw, 700px\" \/><\/a><\/p>\n","protected":false},"excerpt":{"rendered":"<p>Com uma equipe de profissionais especializada, atendendo com qualidade e aten\u00e7\u00e3o aos clientes de Mantena e regi\u00e3o, a empresa PRINT COLOR, especializada na manuten\u00e7\u00e3o de impressoras, completa neste m\u00eas de Setembro, 7 anos atendendo aos amigos clientes. Um momento especial de Gratid\u00e3o a Deus e aos clientes e amigos que fazem parte desta bela hist\u00f3ria. [&hellip;]<\/p>\n","protected":false},"author":1,"featured_media":67805,"comment_status":"open","ping_status":"open","sticky":false,"template":"","format":"standard","meta":[],"categories":[11],"tags":[],"_links":{"self":[{"href":"http:\/\/www.portalmantena.com.br\/novo\/index.php?rest_route=\/wp\/v2\/posts\/67804"}],"collection":[{"href":"http:\/\/www.portalmantena.com.br\/novo\/index.php?rest_route=\/wp\/v2\/posts"}],"about":[{"href":"http:\/\/www.portalmantena.com.br\/novo\/index.php?rest_route=\/wp\/v2\/types\/post"}],"author":[{"embeddable":true,"href":"http:\/\/www.portalmantena.com.br\/novo\/index.php?rest_route=\/wp\/v2\/users\/1"}],"replies":[{"embeddable":true,"href":"http:\/\/www.portalmantena.com.br\/novo\/index.php?rest_route=%2Fwp%2Fv2%2Fcomments&post=67804"}],"version-history":[{"count":1,"href":"http:\/\/www.portalmantena.com.br\/novo\/index.php?rest_route=\/wp\/v2\/posts\/67804\/revisions"}],"predecessor-version":[{"id":67809,"href":"http:\/\/www.portalmantena.com.br\/novo\/index.php?rest_route=\/wp\/v2\/posts\/67804\/revisions\/67809"}],"wp:featuredmedia":[{"embeddable":true,"href":"http:\/\/www.portalmantena.com.br\/novo\/index.php?rest_route=\/wp\/v2\/media\/67805"}],"wp:attachment":[{"href":"http:\/\/www.portalmantena.com.br\/novo\/index.php?rest_route=%2Fwp%2Fv2%2Fmedia&parent=67804"}],"wp:term":[{"taxonomy":"category","embeddable":true,"href":"http:\/\/www.portalmantena.com.br\/novo\/index.php?rest_route=%2Fwp%2Fv2%2Fcategories&post=67804"},{"taxonomy":"post_tag","embeddable":true,"href":"http:\/\/www.portalmantena.com.br\/novo\/index.php?rest_route=%2Fwp%2Fv2%2Ftags&post=67804"}],"curies":[{"name":"wp","href":"https:\/\/api.w.org\/{rel}","templated":true}]}}