{"id":67722,"date":"2021-09-13T10:46:50","date_gmt":"2021-09-13T13:46:50","guid":{"rendered":"http:\/\/www.portalmantena.com.br\/novo\/?p=67722"},"modified":"2021-09-13T10:54:47","modified_gmt":"2021-09-13T13:54:47","slug":"mantena-saae-alerta-populacao-para-economizar-agua","status":"publish","type":"post","link":"http:\/\/www.portalmantena.com.br\/novo\/?p=67722","title":{"rendered":"Mantena: SAAE Alerta popula\u00e7\u00e3o para economizar \u00e1gua"},"content":{"rendered":"<p><a href=\"http:\/\/www.portalmantena.com.br\/novo\/wp-content\/uploads\/2021\/09\/no130921agua1.jpg\"><img loading=\"lazy\" class=\"alignnone size-full wp-image-67723\" src=\"http:\/\/www.portalmantena.com.br\/novo\/wp-content\/uploads\/2021\/09\/no130921agua1.jpg\" alt=\"\" width=\"700\" height=\"450\" srcset=\"http:\/\/www.portalmantena.com.br\/novo\/wp-content\/uploads\/2021\/09\/no130921agua1.jpg 700w, http:\/\/www.portalmantena.com.br\/novo\/wp-content\/uploads\/2021\/09\/no130921agua1-300x193.jpg 300w, http:\/\/www.portalmantena.com.br\/novo\/wp-content\/uploads\/2021\/09\/no130921agua1-696x447.jpg 696w, http:\/\/www.portalmantena.com.br\/novo\/wp-content\/uploads\/2021\/09\/no130921agua1-653x420.jpg 653w\" sizes=\"(max-width: 700px) 100vw, 700px\" \/><\/a><\/p>\n<p><span style=\"font-size: 14pt;\">A dire\u00e7\u00e3o do SAAE divulgou em seu site oficial um comunicado, pedindo \u00e0 popula\u00e7\u00e3o que economize \u00e1gua, pois a estiagem vem se agravando e pode comprometer rapidamente a capta\u00e7\u00e3o de \u00e1gua bruto e consequentemente a falta de \u00e1gua para o tratamento e distribui\u00e7\u00e3o. <\/span><\/p>\n<p><span style=\"font-size: 14pt;\">O SAAE comunica \u00e0 popula\u00e7\u00e3o que o momento \u00e9 cr\u00edtico para a capta\u00e7\u00e3o de \u00e1gua bruta para o tratamento e pede a colabora\u00e7\u00e3o da popula\u00e7\u00e3o para que economize \u00e1gua e evite o desperd\u00edcio. <\/span><\/p>\n<p><span style=\"font-size: 14pt;\">A situa\u00e7\u00e3o vem se agravando nos \u00faltimos dias com a falta de chuvas e as barragens utilizadas para a capta\u00e7\u00e3o de \u00e1gua bruta para o tratamento j\u00e1 est\u00e3o refletindo esta estiagem. <\/span><\/p>\n<p><span style=\"font-size: 18pt;\"><strong>A \u00e1gua j\u00e1 n\u00e3o est\u00e1 mais vertendo sobre as barragens da Serra Branca, Turvo e C\u00f3rrego frio, as tr\u00eas que formam o sistema de capta\u00e7\u00e3o utilizado pelo SAAE. <\/strong><\/span><\/p>\n<p><span style=\"font-size: 14pt;\">Desta forma, com a situa\u00e7\u00e3o se agravando, e para evitar um poss\u00edvel racionamento, a dire\u00e7\u00e3o do SAAE pede a compreens\u00e3o de todos neste momento, evite lavar cal\u00e7adas, carros, molhar a rua e outros procedimentos que podem agravar a quest\u00e3o da distribui\u00e7\u00e3o de \u00e1gua, principalmente para aquelas fam\u00edlias que residem nas partes mais altas da cidade. <\/span><\/p>\n<p><span style=\"font-size: 14pt;\">Se cada fam\u00edlia fizer sua parte atravessaremos este momento cr\u00edtico na oferta de \u00e1gua, sem precisar realizar o rod\u00edcio ou o temido racionamento de \u00e1gua. (fonte\/foto:saaemantena).<\/span><\/p>\n<p><a href=\"http:\/\/www.portalmantena.com.br\/novo\/wp-content\/uploads\/2021\/09\/no130921agua2.jpg\"><img loading=\"lazy\" class=\"alignnone size-full wp-image-67724\" src=\"http:\/\/www.portalmantena.com.br\/novo\/wp-content\/uploads\/2021\/09\/no130921agua2.jpg\" alt=\"\" width=\"700\" height=\"450\" srcset=\"http:\/\/www.portalmantena.com.br\/novo\/wp-content\/uploads\/2021\/09\/no130921agua2.jpg 700w, http:\/\/www.portalmantena.com.br\/novo\/wp-content\/uploads\/2021\/09\/no130921agua2-300x193.jpg 300w, http:\/\/www.portalmantena.com.br\/novo\/wp-content\/uploads\/2021\/09\/no130921agua2-696x447.jpg 696w, http:\/\/www.portalmantena.com.br\/novo\/wp-content\/uploads\/2021\/09\/no130921agua2-653x420.jpg 653w\" sizes=\"(max-width: 700px) 100vw, 700px\" \/><\/a><\/p>\n<p><a href=\"http:\/\/www.portalmantena.com.br\/novo\/\"><img loading=\"lazy\" class=\"alignnone size-full wp-image-37331\" src=\"http:\/\/www.portalmantena.com.br\/novo\/wp-content\/uploads\/2018\/05\/faixaportalnoticias5.jpg\" alt=\"\" width=\"700\" height=\"40\" srcset=\"http:\/\/www.portalmantena.com.br\/novo\/wp-content\/uploads\/2018\/05\/faixaportalnoticias5.jpg 700w, http:\/\/www.portalmantena.com.br\/novo\/wp-content\/uploads\/2018\/05\/faixaportalnoticias5-300x17.jpg 300w, http:\/\/www.portalmantena.com.br\/novo\/wp-content\/uploads\/2018\/05\/faixaportalnoticias5-696x40.jpg 696w\" sizes=\"(max-width: 700px) 100vw, 700px\" \/><\/a><\/p>\n<p><span style=\"font-size: 10pt;\">ESPA\u00c7O EMPRESARIAL<\/span><a href=\"http:\/\/www.portalmantena.com.br\/novo\/?p=53568\"><img loading=\"lazy\" class=\"alignnone size-full wp-image-54066\" src=\"http:\/\/www.portalmantena.com.br\/novo\/wp-content\/uploads\/2018\/05\/valenteapp.jpg\" alt=\"\" width=\"700\" height=\"150\" srcset=\"http:\/\/www.portalmantena.com.br\/novo\/wp-content\/uploads\/2018\/05\/valenteapp.jpg 700w, http:\/\/www.portalmantena.com.br\/novo\/wp-content\/uploads\/2018\/05\/valenteapp-300x64.jpg 300w, http:\/\/www.portalmantena.com.br\/novo\/wp-content\/uploads\/2018\/05\/valenteapp-696x150.jpg 696w\" sizes=\"(max-width: 700px) 100vw, 700px\" \/><\/a><\/p>\n","protected":false},"excerpt":{"rendered":"<p>A dire\u00e7\u00e3o do SAAE divulgou em seu site oficial um comunicado, pedindo \u00e0 popula\u00e7\u00e3o que economize \u00e1gua, pois a estiagem vem se agravando e pode comprometer rapidamente a capta\u00e7\u00e3o de \u00e1gua bruto e consequentemente a falta de \u00e1gua para o tratamento e distribui\u00e7\u00e3o. O SAAE comunica \u00e0 popula\u00e7\u00e3o que o momento \u00e9 cr\u00edtico para a [&hellip;]<\/p>\n","protected":false},"author":1,"featured_media":67724,"comment_status":"open","ping_status":"open","sticky":false,"template":"","format":"standard","meta":[],"categories":[12],"tags":[],"_links":{"self":[{"href":"http:\/\/www.portalmantena.com.br\/novo\/index.php?rest_route=\/wp\/v2\/posts\/67722"}],"collection":[{"href":"http:\/\/www.portalmantena.com.br\/novo\/index.php?rest_route=\/wp\/v2\/posts"}],"about":[{"href":"http:\/\/www.portalmantena.com.br\/novo\/index.php?rest_route=\/wp\/v2\/types\/post"}],"author":[{"embeddable":true,"href":"http:\/\/www.portalmantena.com.br\/novo\/index.php?rest_route=\/wp\/v2\/users\/1"}],"replies":[{"embeddable":true,"href":"http:\/\/www.portalmantena.com.br\/novo\/index.php?rest_route=%2Fwp%2Fv2%2Fcomments&post=67722"}],"version-history":[{"count":1,"href":"http:\/\/www.portalmantena.com.br\/novo\/index.php?rest_route=\/wp\/v2\/posts\/67722\/revisions"}],"predecessor-version":[{"id":67725,"href":"http:\/\/www.portalmantena.com.br\/novo\/index.php?rest_route=\/wp\/v2\/posts\/67722\/revisions\/67725"}],"wp:featuredmedia":[{"embeddable":true,"href":"http:\/\/www.portalmantena.com.br\/novo\/index.php?rest_route=\/wp\/v2\/media\/67724"}],"wp:attachment":[{"href":"http:\/\/www.portalmantena.com.br\/novo\/index.php?rest_route=%2Fwp%2Fv2%2Fmedia&parent=67722"}],"wp:term":[{"taxonomy":"category","embeddable":true,"href":"http:\/\/www.portalmantena.com.br\/novo\/index.php?rest_route=%2Fwp%2Fv2%2Fcategories&post=67722"},{"taxonomy":"post_tag","embeddable":true,"href":"http:\/\/www.portalmantena.com.br\/novo\/index.php?rest_route=%2Fwp%2Fv2%2Ftags&post=67722"}],"curies":[{"name":"wp","href":"https:\/\/api.w.org\/{rel}","templated":true}]}}