{"id":67615,"date":"2021-08-24T09:10:18","date_gmt":"2021-08-24T12:10:18","guid":{"rendered":"http:\/\/www.portalmantena.com.br\/novo\/?p=67615"},"modified":"2021-08-24T09:14:26","modified_gmt":"2021-08-24T12:14:26","slug":"covid-casos-suspeitos-estao-quase-zerados-em-mantena","status":"publish","type":"post","link":"http:\/\/www.portalmantena.com.br\/novo\/?p=67615","title":{"rendered":"Covid: Casos suspeitos est\u00e3o quase zerados em Mantena"},"content":{"rendered":"<p><a href=\"http:\/\/www.portalmantena.com.br\/novo\/wp-content\/uploads\/2021\/08\/no240821covid.jpg\"><img loading=\"lazy\" class=\"alignnone size-full wp-image-67616\" src=\"http:\/\/www.portalmantena.com.br\/novo\/wp-content\/uploads\/2021\/08\/no240821covid.jpg\" alt=\"\" width=\"700\" height=\"450\" srcset=\"http:\/\/www.portalmantena.com.br\/novo\/wp-content\/uploads\/2021\/08\/no240821covid.jpg 700w, http:\/\/www.portalmantena.com.br\/novo\/wp-content\/uploads\/2021\/08\/no240821covid-300x193.jpg 300w, http:\/\/www.portalmantena.com.br\/novo\/wp-content\/uploads\/2021\/08\/no240821covid-696x447.jpg 696w, http:\/\/www.portalmantena.com.br\/novo\/wp-content\/uploads\/2021\/08\/no240821covid-653x420.jpg 653w\" sizes=\"(max-width: 700px) 100vw, 700px\" \/><\/a><\/p>\n<p><span style=\"font-size: 14pt;\">O boletim epidemiol\u00f3gico sobre o covid 19 no munic\u00edpio de Mantena, atualizado na tarde desta segunda-feira dia 23 de agosto, registra o menor n\u00famero de casos suspeitos em investiga\u00e7\u00e3o desde o in\u00edcio da Pandemia. <\/span><\/p>\n<p><span style=\"font-size: 14pt;\">O boletim que passou a ser divulgado no m\u00eas de Maio de 2020 (ou seja, mais de um ano), ainda n\u00e3o havia registrado n\u00fameros abaixo de 10 casos suspeitos. <\/span><\/p>\n<p><span style=\"font-size: 14pt;\">Nesta segunda-feira dia 23 registrou apenas 6 casos suspeitos em investiga\u00e7\u00e3o, confirmando o resultado dos \u00faltimos boletins que j\u00e1 apresentavam estabilidade e queda no avan\u00e7o da doen\u00e7a no munic\u00edpio de Mantena.<\/span><\/p>\n<p><span style=\"font-size: 18pt;\"><strong> Outros dados positivos que \u00e9 que, h\u00e1 mais de 30 dias n\u00e3o s\u00e3o registrados novos \u00f3bitos provocados pela doen\u00e7a no munic\u00edpio. <\/strong><\/span><\/p>\n<p><span style=\"font-size: 14pt;\">Nesta data existem registrados 23 casos ativos da doen\u00e7a, sendo que deste total 18 pessoas est\u00e3o em isolamento domiciliar, 02 pacientes internados em Ala de hospital e 03 pacientes internados em UTI. <\/span><\/p>\n<p><span style=\"font-size: 14pt;\">Desde o in\u00edcio da Pandemia Mantena j\u00e1 confirmou 3.287 casos sendo que 3.167 pessoas j\u00e1 se curaram da doen\u00e7a, e infelizmente 97 pessoas perderam suas vidas para o covid 19. <\/span><\/p>\n<p><span style=\"font-size: 14pt;\">Os \u00f3timos resultados alcan\u00e7ados na baixa do \u00edndice de contamina\u00e7\u00e3o se d\u00e1 pelo avan\u00e7o da vacina\u00e7\u00e3o, que nesta data alcan\u00e7a 57,16% da popula\u00e7\u00e3o vacinada com pelo menos uma dose.<\/span><\/p>\n<p><a href=\"http:\/\/www.portalmantena.com.br\/novo\/\"><img loading=\"lazy\" class=\"alignnone size-full wp-image-37331\" src=\"http:\/\/www.portalmantena.com.br\/novo\/wp-content\/uploads\/2018\/05\/faixaportalnoticias5.jpg\" alt=\"\" width=\"700\" height=\"40\" srcset=\"http:\/\/www.portalmantena.com.br\/novo\/wp-content\/uploads\/2018\/05\/faixaportalnoticias5.jpg 700w, http:\/\/www.portalmantena.com.br\/novo\/wp-content\/uploads\/2018\/05\/faixaportalnoticias5-300x17.jpg 300w, http:\/\/www.portalmantena.com.br\/novo\/wp-content\/uploads\/2018\/05\/faixaportalnoticias5-696x40.jpg 696w\" sizes=\"(max-width: 700px) 100vw, 700px\" \/><\/a><\/p>\n<p><span style=\"font-size: 10pt;\">ESPA\u00c7O EMPRESARIAL<\/span><a href=\"http:\/\/www.portalmantena.com.br\/novo\/wp-content\/uploads\/2018\/05\/higiclean.jpg\"><img loading=\"lazy\" class=\"alignnone size-full wp-image-66110\" src=\"http:\/\/www.portalmantena.com.br\/novo\/wp-content\/uploads\/2018\/05\/higiclean.jpg\" alt=\"\" width=\"700\" height=\"150\" srcset=\"http:\/\/www.portalmantena.com.br\/novo\/wp-content\/uploads\/2018\/05\/higiclean.jpg 700w, http:\/\/www.portalmantena.com.br\/novo\/wp-content\/uploads\/2018\/05\/higiclean-300x64.jpg 300w, http:\/\/www.portalmantena.com.br\/novo\/wp-content\/uploads\/2018\/05\/higiclean-696x150.jpg 696w\" sizes=\"(max-width: 700px) 100vw, 700px\" \/><\/a><\/p>\n","protected":false},"excerpt":{"rendered":"<p>O boletim epidemiol\u00f3gico sobre o covid 19 no munic\u00edpio de Mantena, atualizado na tarde desta segunda-feira dia 23 de agosto, registra o menor n\u00famero de casos suspeitos em investiga\u00e7\u00e3o desde o in\u00edcio da Pandemia. O boletim que passou a ser divulgado no m\u00eas de Maio de 2020 (ou seja, mais de um ano), ainda n\u00e3o [&hellip;]<\/p>\n","protected":false},"author":1,"featured_media":67616,"comment_status":"open","ping_status":"open","sticky":false,"template":"","format":"standard","meta":[],"categories":[12],"tags":[],"_links":{"self":[{"href":"http:\/\/www.portalmantena.com.br\/novo\/index.php?rest_route=\/wp\/v2\/posts\/67615"}],"collection":[{"href":"http:\/\/www.portalmantena.com.br\/novo\/index.php?rest_route=\/wp\/v2\/posts"}],"about":[{"href":"http:\/\/www.portalmantena.com.br\/novo\/index.php?rest_route=\/wp\/v2\/types\/post"}],"author":[{"embeddable":true,"href":"http:\/\/www.portalmantena.com.br\/novo\/index.php?rest_route=\/wp\/v2\/users\/1"}],"replies":[{"embeddable":true,"href":"http:\/\/www.portalmantena.com.br\/novo\/index.php?rest_route=%2Fwp%2Fv2%2Fcomments&post=67615"}],"version-history":[{"count":1,"href":"http:\/\/www.portalmantena.com.br\/novo\/index.php?rest_route=\/wp\/v2\/posts\/67615\/revisions"}],"predecessor-version":[{"id":67617,"href":"http:\/\/www.portalmantena.com.br\/novo\/index.php?rest_route=\/wp\/v2\/posts\/67615\/revisions\/67617"}],"wp:featuredmedia":[{"embeddable":true,"href":"http:\/\/www.portalmantena.com.br\/novo\/index.php?rest_route=\/wp\/v2\/media\/67616"}],"wp:attachment":[{"href":"http:\/\/www.portalmantena.com.br\/novo\/index.php?rest_route=%2Fwp%2Fv2%2Fmedia&parent=67615"}],"wp:term":[{"taxonomy":"category","embeddable":true,"href":"http:\/\/www.portalmantena.com.br\/novo\/index.php?rest_route=%2Fwp%2Fv2%2Fcategories&post=67615"},{"taxonomy":"post_tag","embeddable":true,"href":"http:\/\/www.portalmantena.com.br\/novo\/index.php?rest_route=%2Fwp%2Fv2%2Ftags&post=67615"}],"curies":[{"name":"wp","href":"https:\/\/api.w.org\/{rel}","templated":true}]}}