{"id":67605,"date":"2021-08-23T14:24:49","date_gmt":"2021-08-23T17:24:49","guid":{"rendered":"http:\/\/www.portalmantena.com.br\/novo\/?p=67605"},"modified":"2021-08-23T14:26:10","modified_gmt":"2021-08-23T17:26:10","slug":"cantora-mantenense-lanca-novo-sucesso-solidao-a-dois","status":"publish","type":"post","link":"http:\/\/www.portalmantena.com.br\/novo\/?p=67605","title":{"rendered":"Cantora mantenense lan\u00e7a novo sucesso \u201cSolid\u00e3o a Dois\u201d"},"content":{"rendered":"<p><a href=\"http:\/\/www.portalmantena.com.br\/novo\/wp-content\/uploads\/2021\/08\/no230821kamila.jpg\"><img loading=\"lazy\" class=\"alignnone size-full wp-image-67606\" src=\"http:\/\/www.portalmantena.com.br\/novo\/wp-content\/uploads\/2021\/08\/no230821kamila.jpg\" alt=\"\" width=\"700\" height=\"450\" srcset=\"http:\/\/www.portalmantena.com.br\/novo\/wp-content\/uploads\/2021\/08\/no230821kamila.jpg 700w, http:\/\/www.portalmantena.com.br\/novo\/wp-content\/uploads\/2021\/08\/no230821kamila-300x193.jpg 300w, http:\/\/www.portalmantena.com.br\/novo\/wp-content\/uploads\/2021\/08\/no230821kamila-696x447.jpg 696w, http:\/\/www.portalmantena.com.br\/novo\/wp-content\/uploads\/2021\/08\/no230821kamila-653x420.jpg 653w\" sizes=\"(max-width: 700px) 100vw, 700px\" \/><\/a><\/p>\n<p><span style=\"font-size: 14pt;\">A cantora e compositora mantenense Kamila lan\u00e7a mais um grande sucesso, a can\u00e7\u00e3o &#8220;Solid\u00e3o a Dois&#8221; e impacta com verdades sobre relacionamentos infelizes. A m\u00fasica faz parte de seu novo DVD ao vivo e fala sobre a crise de casais que n\u00e3o conseguem romper a rela\u00e7\u00e3o e passam a viver como estranhos sob o mesmo teto. <\/span><\/p>\n<p><span style=\"font-size: 14pt;\">Com muita atitude e sensibilidade, a cantora sertaneja e compositora Kamila apresentou seu mais novo single &#8220;Solid\u00e3o a Dois&#8221;, no \u00faltimo dia 19 de agosto em todas as plataformas de streaming e no YouTube.<\/span><\/p>\n<p><span style=\"font-size: 14pt;\"> Conhecida pela franqueza nas mensagens que transmite ao p\u00fablico, a cantora escolheu um tema s\u00e9rio e pouco abordado no universo musical para a nova can\u00e7\u00e3o: a dif\u00edcil situa\u00e7\u00e3o de casais infelizes que n\u00e3o conseguem terminar a rela\u00e7\u00e3o e continuam vivendo juntos, por\u00e9m totalmente solit\u00e1rios. <\/span><\/p>\n<p><span style=\"font-size: 14pt;\">A m\u00fasica \u00e9 a primeira faixa a ser revelada de seu DVD in\u00e9dito &#8220;Altos e Baixos&#8221;, que foi gravado ao vivo no interior de S\u00e3o Paulo. A produ\u00e7\u00e3o musical \u00e9 assinada pelos produtores Orlando Baron e<\/span><\/p>\n<p><span style=\"font-size: 14pt;\">Luis Gustavo Garcia, da LB7 Music, conhecidos por seus trabalhos com importantes nomes da m\u00fasica como Chita\u0303ozinho &amp; Xororo\u0301, Sandy &amp; Junior, Zeze\u0301 Di Camargo &amp;<\/span><\/p>\n<p><span style=\"font-size: 14pt;\">Luciano, Luan Santana, entre outros. A can\u00e7\u00e3o &#8220;Solid\u00e3o a Dois&#8221;, Kamila divide a autoria da letra com os compositores Silas Franco e Michel Alves \u2013 respons\u00e1vel por grandes hits de artistas como Mar\u00edlia Mendon\u00e7a e Henrique &amp; Juliano. <\/span><\/p>\n<p><span style=\"font-size: 14pt;\">&#8220;Eu costumo cantar muito sobre a supera\u00e7\u00e3o, mas estou em uma fase de falar sobre a dor como uma das fases desse processo. Essa m\u00fasica \u00e9 um triste cen\u00e1rio do que acontece em muitos relacionamentos, quando chega a hora de admitir que a rela\u00e7\u00e3o acabou e \u00e9 preciso tomar uma decis\u00e3o e seguir em frente. Isso tudo \u00e9 muito dolorido, mas necess\u00e1rio. Espero que a m\u00fasica ajude as pessoas a se conectarem com os seus sentimentos e encontrem <\/span><span style=\"font-size: 14pt;\">for\u00e7a para escolherem o caminho certo&#8221;, conclui a cantora.<\/span><\/p>\n<p><span style=\"font-size: 14pt;\"> O novo DVD &#8220;Altos e Baixos&#8221; contar\u00e1 com mais 3 m\u00fasicas in\u00e9ditas que ser\u00e3o lan\u00e7adas como singles at\u00e9 o fim do ano. Kamila optou por gravar sua voz ao vivo em todas as faixas<\/span><\/p>\n<p><span style=\"font-size: 14pt;\">e tamb\u00e9m esteve \u00e0 frente da produ\u00e7\u00e3o executiva do novo trabalho, cuidando de cada detalhe das grava\u00e7\u00f5es, desde a procura pelo espa\u00e7o e cenografia, que \u00e9 assinada pela XD<\/span><\/p>\n<p><span style=\"font-size: 14pt;\">Produtora, at\u00e9 a concep\u00e7\u00e3o de seu figurino exclusivo, desenvolvido pela estilista Vanessa Vieira, de Mantena (MG) \u2013 cidade natal da cantora. &#8220;Esse \u00e1lbum tem muito da Kamila, n\u00e3o s\u00f3 no quesito de composi\u00e7\u00e3o, mas na produ\u00e7\u00e3o<\/span><\/p>\n<p><span style=\"font-size: 14pt;\">como um todo, ela sempre esteve muito presente em cada etapa e o resultado ficou incr\u00edvel, fazendo o trabalho brilhar mais ainda, como sempre, com todo o seu talento, simpatia e carisma&#8221;, comenta o produtor musical Luis Gustavo Garcia. <\/span><\/p>\n<p><span style=\"font-size: 14pt;\">E as novidades n\u00e3o param por a\u00ed, em paralelo a sua carreira de cantora, Kamila tamb\u00e9m participou da composi\u00e7\u00e3o do rec\u00e9m-lan\u00e7ado single &#8220;Amiga n\u00e3o julga&#8221; de Tati Zaqui com Karen Kardasha e Renato Shippee, e tamb\u00e9m da m\u00fasica &#8220;Beijo verificado&#8221;, lan\u00e7amento da<\/span><\/p>\n<p><span style=\"font-size: 14pt;\">Kondzilla Records. (fonte: Assessoria de imprensa da cantora).<\/span><\/p>\n<p><span style=\"font-size: 14pt;\"><strong>Clique e Assista o clique abaixo\u00a0<\/strong><\/span><\/p>\n<p><iframe src=\"\/\/www.youtube.com\/embed\/KpQ_WQJlRMw\" width=\"560\" height=\"314\" allowfullscreen=\"allowfullscreen\"><\/iframe><\/p>\n<p><a href=\"http:\/\/www.portalmantena.com.br\/novo\/\"><img loading=\"lazy\" class=\"alignnone size-full wp-image-37331\" src=\"http:\/\/www.portalmantena.com.br\/novo\/wp-content\/uploads\/2018\/05\/faixaportalnoticias5.jpg\" alt=\"\" width=\"700\" height=\"40\" srcset=\"http:\/\/www.portalmantena.com.br\/novo\/wp-content\/uploads\/2018\/05\/faixaportalnoticias5.jpg 700w, http:\/\/www.portalmantena.com.br\/novo\/wp-content\/uploads\/2018\/05\/faixaportalnoticias5-300x17.jpg 300w, http:\/\/www.portalmantena.com.br\/novo\/wp-content\/uploads\/2018\/05\/faixaportalnoticias5-696x40.jpg 696w\" sizes=\"(max-width: 700px) 100vw, 700px\" \/><\/a><\/p>\n<p><span style=\"font-size: 10pt;\">ESPA\u00c7O EMPRESARIAL<\/span><a href=\"https:\/\/www.facebook.com\/redecasasdastintas\/?__xts__[0]=68.ARBvBkEV-xf0LmeoVmLkmSNYi2fkJzyH_VdImjnJBqA-OJQ8WAGhfxFzuODZeXT97StHLCU2lui2hNiBS9juZZIIH59sSIfo9vM1711g7hmVObiniGMIKpCnGYGx_YmAkGj8o0shglKSje-m1cISUC5fXmbbIDZHgBn9rbll8J1_u-sWBptuc70mqMQ5dXSVaEbLcv7md0y1MndLTPX1QVF6vv_p8UwvHEYJiMzOeJ27-SNULvH_Ia_jzPUIPLemEjFfBOB1GDY2bKOl-hHJ82NDCthVWvRTDkLv5Ac-BJxkK8AMjv3yPHiiz_fTfCghxAzXR4kngL0HN5fNO2PSBWMM9g&amp;__tn__=HHH-R\"><img loading=\"lazy\" class=\"alignnone size-full wp-image-45727\" src=\"http:\/\/www.portalmantena.com.br\/novo\/wp-content\/uploads\/2018\/05\/casatintas120419.jpg\" alt=\"\" width=\"700\" height=\"150\" srcset=\"http:\/\/www.portalmantena.com.br\/novo\/wp-content\/uploads\/2018\/05\/casatintas120419.jpg 700w, http:\/\/www.portalmantena.com.br\/novo\/wp-content\/uploads\/2018\/05\/casatintas120419-300x64.jpg 300w, http:\/\/www.portalmantena.com.br\/novo\/wp-content\/uploads\/2018\/05\/casatintas120419-696x150.jpg 696w\" sizes=\"(max-width: 700px) 100vw, 700px\" \/><\/a><\/p>\n","protected":false},"excerpt":{"rendered":"<p>A cantora e compositora mantenense Kamila lan\u00e7a mais um grande sucesso, a can\u00e7\u00e3o &#8220;Solid\u00e3o a Dois&#8221; e impacta com verdades sobre relacionamentos infelizes. A m\u00fasica faz parte de seu novo DVD ao vivo e fala sobre a crise de casais que n\u00e3o conseguem romper a rela\u00e7\u00e3o e passam a viver como estranhos sob o mesmo [&hellip;]<\/p>\n","protected":false},"author":1,"featured_media":67606,"comment_status":"open","ping_status":"open","sticky":false,"template":"","format":"standard","meta":[],"categories":[11,55],"tags":[],"_links":{"self":[{"href":"http:\/\/www.portalmantena.com.br\/novo\/index.php?rest_route=\/wp\/v2\/posts\/67605"}],"collection":[{"href":"http:\/\/www.portalmantena.com.br\/novo\/index.php?rest_route=\/wp\/v2\/posts"}],"about":[{"href":"http:\/\/www.portalmantena.com.br\/novo\/index.php?rest_route=\/wp\/v2\/types\/post"}],"author":[{"embeddable":true,"href":"http:\/\/www.portalmantena.com.br\/novo\/index.php?rest_route=\/wp\/v2\/users\/1"}],"replies":[{"embeddable":true,"href":"http:\/\/www.portalmantena.com.br\/novo\/index.php?rest_route=%2Fwp%2Fv2%2Fcomments&post=67605"}],"version-history":[{"count":1,"href":"http:\/\/www.portalmantena.com.br\/novo\/index.php?rest_route=\/wp\/v2\/posts\/67605\/revisions"}],"predecessor-version":[{"id":67607,"href":"http:\/\/www.portalmantena.com.br\/novo\/index.php?rest_route=\/wp\/v2\/posts\/67605\/revisions\/67607"}],"wp:featuredmedia":[{"embeddable":true,"href":"http:\/\/www.portalmantena.com.br\/novo\/index.php?rest_route=\/wp\/v2\/media\/67606"}],"wp:attachment":[{"href":"http:\/\/www.portalmantena.com.br\/novo\/index.php?rest_route=%2Fwp%2Fv2%2Fmedia&parent=67605"}],"wp:term":[{"taxonomy":"category","embeddable":true,"href":"http:\/\/www.portalmantena.com.br\/novo\/index.php?rest_route=%2Fwp%2Fv2%2Fcategories&post=67605"},{"taxonomy":"post_tag","embeddable":true,"href":"http:\/\/www.portalmantena.com.br\/novo\/index.php?rest_route=%2Fwp%2Fv2%2Ftags&post=67605"}],"curies":[{"name":"wp","href":"https:\/\/api.w.org\/{rel}","templated":true}]}}