{"id":67565,"date":"2021-08-17T09:21:49","date_gmt":"2021-08-17T12:21:49","guid":{"rendered":"http:\/\/www.portalmantena.com.br\/novo\/?p=67565"},"modified":"2021-08-17T09:30:20","modified_gmt":"2021-08-17T12:30:20","slug":"rodrigo-recebendo-o-carinho-dos-amigo-parabens","status":"publish","type":"post","link":"http:\/\/www.portalmantena.com.br\/novo\/?p=67565","title":{"rendered":"Rodrigo recebendo o carinho dos amigos, Parab\u00e9ns"},"content":{"rendered":"<p><a href=\"http:\/\/www.portalmantena.com.br\/novo\/wp-content\/uploads\/2021\/08\/vi170821rodrigo1.jpg\"><img loading=\"lazy\" class=\"alignnone size-full wp-image-67566\" src=\"http:\/\/www.portalmantena.com.br\/novo\/wp-content\/uploads\/2021\/08\/vi170821rodrigo1.jpg\" alt=\"\" width=\"700\" height=\"450\" srcset=\"http:\/\/www.portalmantena.com.br\/novo\/wp-content\/uploads\/2021\/08\/vi170821rodrigo1.jpg 700w, http:\/\/www.portalmantena.com.br\/novo\/wp-content\/uploads\/2021\/08\/vi170821rodrigo1-300x193.jpg 300w, http:\/\/www.portalmantena.com.br\/novo\/wp-content\/uploads\/2021\/08\/vi170821rodrigo1-696x447.jpg 696w, http:\/\/www.portalmantena.com.br\/novo\/wp-content\/uploads\/2021\/08\/vi170821rodrigo1-653x420.jpg 653w\" sizes=\"(max-width: 700px) 100vw, 700px\" \/><\/a><\/p>\n<p><span style=\"font-size: 14pt;\">Quem soprou velinhas nesta segunda-feira dia 16 de agosto foi o nosso amigo, o mantenense ausente Rodrigo Fernandes. <\/span><\/p>\n<p><span style=\"font-size: 14pt;\">Sempre alegre e interagindo com os amigos quando est\u00e1 na terrinha, recebe aqui o nosso abra\u00e7o e o desejo de muitas e muitas felicidades, realiza\u00e7\u00f5es, sa\u00fade, paz e muitos anos de vida.<\/span><\/p>\n<p><span style=\"font-size: 14pt;\"> Pedimos ao nosso Deus que continue lhe aben\u00e7oando e protegendo, parab\u00e9ns.<\/span><\/p>\n<p><a href=\"http:\/\/www.portalmantena.com.br\/novo\/wp-content\/uploads\/2021\/08\/vi170821rodrigo2.jpg\"><img loading=\"lazy\" class=\"alignnone size-full wp-image-67567\" src=\"http:\/\/www.portalmantena.com.br\/novo\/wp-content\/uploads\/2021\/08\/vi170821rodrigo2.jpg\" alt=\"\" width=\"700\" height=\"450\" srcset=\"http:\/\/www.portalmantena.com.br\/novo\/wp-content\/uploads\/2021\/08\/vi170821rodrigo2.jpg 700w, http:\/\/www.portalmantena.com.br\/novo\/wp-content\/uploads\/2021\/08\/vi170821rodrigo2-300x193.jpg 300w, http:\/\/www.portalmantena.com.br\/novo\/wp-content\/uploads\/2021\/08\/vi170821rodrigo2-696x447.jpg 696w, http:\/\/www.portalmantena.com.br\/novo\/wp-content\/uploads\/2021\/08\/vi170821rodrigo2-653x420.jpg 653w\" sizes=\"(max-width: 700px) 100vw, 700px\" \/><\/a> <a href=\"http:\/\/www.portalmantena.com.br\/novo\/wp-content\/uploads\/2021\/08\/vi170821rodrigo3.jpg\"><img loading=\"lazy\" class=\"alignnone size-full wp-image-67568\" src=\"http:\/\/www.portalmantena.com.br\/novo\/wp-content\/uploads\/2021\/08\/vi170821rodrigo3.jpg\" alt=\"\" width=\"700\" height=\"450\" srcset=\"http:\/\/www.portalmantena.com.br\/novo\/wp-content\/uploads\/2021\/08\/vi170821rodrigo3.jpg 700w, http:\/\/www.portalmantena.com.br\/novo\/wp-content\/uploads\/2021\/08\/vi170821rodrigo3-300x193.jpg 300w, http:\/\/www.portalmantena.com.br\/novo\/wp-content\/uploads\/2021\/08\/vi170821rodrigo3-696x447.jpg 696w, http:\/\/www.portalmantena.com.br\/novo\/wp-content\/uploads\/2021\/08\/vi170821rodrigo3-653x420.jpg 653w\" sizes=\"(max-width: 700px) 100vw, 700px\" \/><\/a><\/p>\n<p><a href=\"http:\/\/www.portalmantena.com.br\/novo\/\"><img loading=\"lazy\" class=\"alignnone size-full wp-image-37296\" src=\"http:\/\/www.portalmantena.com.br\/novo\/wp-content\/uploads\/2018\/05\/faixavitrine2.jpg\" alt=\"\" width=\"700\" height=\"40\" srcset=\"http:\/\/www.portalmantena.com.br\/novo\/wp-content\/uploads\/2018\/05\/faixavitrine2.jpg 700w, http:\/\/www.portalmantena.com.br\/novo\/wp-content\/uploads\/2018\/05\/faixavitrine2-300x17.jpg 300w, http:\/\/www.portalmantena.com.br\/novo\/wp-content\/uploads\/2018\/05\/faixavitrine2-696x40.jpg 696w\" sizes=\"(max-width: 700px) 100vw, 700px\" \/><\/a><\/p>\n<p><span style=\"font-size: 10pt;\">ESPA\u00c7O EMPRESARIAL<\/span><a href=\"http:\/\/www.portalmantena.com.br\/novo\/wp-content\/uploads\/2018\/05\/higiclean.jpg\"><img loading=\"lazy\" class=\"alignnone size-full wp-image-66110\" src=\"http:\/\/www.portalmantena.com.br\/novo\/wp-content\/uploads\/2018\/05\/higiclean.jpg\" alt=\"\" width=\"700\" height=\"150\" srcset=\"http:\/\/www.portalmantena.com.br\/novo\/wp-content\/uploads\/2018\/05\/higiclean.jpg 700w, http:\/\/www.portalmantena.com.br\/novo\/wp-content\/uploads\/2018\/05\/higiclean-300x64.jpg 300w, http:\/\/www.portalmantena.com.br\/novo\/wp-content\/uploads\/2018\/05\/higiclean-696x150.jpg 696w\" sizes=\"(max-width: 700px) 100vw, 700px\" \/><\/a><\/p>\n","protected":false},"excerpt":{"rendered":"<p>Quem soprou velinhas nesta segunda-feira dia 16 de agosto foi o nosso amigo, o mantenense ausente Rodrigo Fernandes. Sempre alegre e interagindo com os amigos quando est\u00e1 na terrinha, recebe aqui o nosso abra\u00e7o e o desejo de muitas e muitas felicidades, realiza\u00e7\u00f5es, sa\u00fade, paz e muitos anos de vida. Pedimos ao nosso Deus que [&hellip;]<\/p>\n","protected":false},"author":1,"featured_media":67566,"comment_status":"open","ping_status":"open","sticky":false,"template":"","format":"standard","meta":[],"categories":[7],"tags":[],"_links":{"self":[{"href":"http:\/\/www.portalmantena.com.br\/novo\/index.php?rest_route=\/wp\/v2\/posts\/67565"}],"collection":[{"href":"http:\/\/www.portalmantena.com.br\/novo\/index.php?rest_route=\/wp\/v2\/posts"}],"about":[{"href":"http:\/\/www.portalmantena.com.br\/novo\/index.php?rest_route=\/wp\/v2\/types\/post"}],"author":[{"embeddable":true,"href":"http:\/\/www.portalmantena.com.br\/novo\/index.php?rest_route=\/wp\/v2\/users\/1"}],"replies":[{"embeddable":true,"href":"http:\/\/www.portalmantena.com.br\/novo\/index.php?rest_route=%2Fwp%2Fv2%2Fcomments&post=67565"}],"version-history":[{"count":3,"href":"http:\/\/www.portalmantena.com.br\/novo\/index.php?rest_route=\/wp\/v2\/posts\/67565\/revisions"}],"predecessor-version":[{"id":67571,"href":"http:\/\/www.portalmantena.com.br\/novo\/index.php?rest_route=\/wp\/v2\/posts\/67565\/revisions\/67571"}],"wp:featuredmedia":[{"embeddable":true,"href":"http:\/\/www.portalmantena.com.br\/novo\/index.php?rest_route=\/wp\/v2\/media\/67566"}],"wp:attachment":[{"href":"http:\/\/www.portalmantena.com.br\/novo\/index.php?rest_route=%2Fwp%2Fv2%2Fmedia&parent=67565"}],"wp:term":[{"taxonomy":"category","embeddable":true,"href":"http:\/\/www.portalmantena.com.br\/novo\/index.php?rest_route=%2Fwp%2Fv2%2Fcategories&post=67565"},{"taxonomy":"post_tag","embeddable":true,"href":"http:\/\/www.portalmantena.com.br\/novo\/index.php?rest_route=%2Fwp%2Fv2%2Ftags&post=67565"}],"curies":[{"name":"wp","href":"https:\/\/api.w.org\/{rel}","templated":true}]}}