{"id":67523,"date":"2021-08-10T09:49:03","date_gmt":"2021-08-10T12:49:03","guid":{"rendered":"http:\/\/www.portalmantena.com.br\/novo\/?p=67523"},"modified":"2021-08-10T09:49:03","modified_gmt":"2021-08-10T12:49:03","slug":"nbe-pm-apreende-armas-e-prende-autor-apos-disparos","status":"publish","type":"post","link":"http:\/\/www.portalmantena.com.br\/novo\/?p=67523","title":{"rendered":"NBE: PM apreende armas e prende autor ap\u00f3s disparos"},"content":{"rendered":"<p><a href=\"http:\/\/www.portalmantena.com.br\/novo\/wp-content\/uploads\/2021\/08\/no100821arma.jpg\"><img loading=\"lazy\" class=\"alignnone size-full wp-image-67524\" src=\"http:\/\/www.portalmantena.com.br\/novo\/wp-content\/uploads\/2021\/08\/no100821arma.jpg\" alt=\"\" width=\"700\" height=\"450\" srcset=\"http:\/\/www.portalmantena.com.br\/novo\/wp-content\/uploads\/2021\/08\/no100821arma.jpg 700w, http:\/\/www.portalmantena.com.br\/novo\/wp-content\/uploads\/2021\/08\/no100821arma-300x193.jpg 300w, http:\/\/www.portalmantena.com.br\/novo\/wp-content\/uploads\/2021\/08\/no100821arma-696x447.jpg 696w, http:\/\/www.portalmantena.com.br\/novo\/wp-content\/uploads\/2021\/08\/no100821arma-653x420.jpg 653w\" sizes=\"(max-width: 700px) 100vw, 700px\" \/><\/a><\/p>\n<p><span style=\"font-size: 14pt;\">Na noite desta segunda-feira dia 09 de agosto, em decorr\u00eancia do Plano de A\u00e7\u00e3o 01\/18\u00b0 Cia PM Ind, foi desencadeada opera\u00e7\u00e3o na zona rural de cidade de Nova Bel\u00e9m. <\/span><\/p>\n<p><span style=\"font-size: 18pt;\"><strong>Durante a opera\u00e7\u00e3o os militares receberam den\u00fancia an\u00f4nima dando conta que nas proximidades da resid\u00eancia do autor estavam ouvindo estampidos possivelmente ocasionados por disparos de arma de fogo.<\/strong><\/span><\/p>\n<p><span style=\"font-size: 14pt;\"> Diante das informa\u00e7\u00f5es, os militares deslocaram at\u00e9 a resid\u00eancia informada e no local ap\u00f3s ser franqueada a entrada dos militares, foram localizadas 2 (duas) espingardas de fabrica\u00e7\u00e3o artesanal, bem como alguns apetrechos escondidos entre sacas de caf\u00e9. <\/span><\/p>\n<p><span style=\"font-size: 14pt;\">O autor e os materiais apreendidos foram encaminhados at\u00e9 a Delegacia de Plant\u00e3o da cidade de Governador Valadares. (fonte\/foto:PMMG).<\/span><\/p>\n<p><a href=\"http:\/\/www.portalmantena.com.br\/novo\/\"><img loading=\"lazy\" class=\"alignnone size-full wp-image-37331\" src=\"http:\/\/www.portalmantena.com.br\/novo\/wp-content\/uploads\/2018\/05\/faixaportalnoticias5.jpg\" alt=\"\" width=\"700\" height=\"40\" srcset=\"http:\/\/www.portalmantena.com.br\/novo\/wp-content\/uploads\/2018\/05\/faixaportalnoticias5.jpg 700w, http:\/\/www.portalmantena.com.br\/novo\/wp-content\/uploads\/2018\/05\/faixaportalnoticias5-300x17.jpg 300w, http:\/\/www.portalmantena.com.br\/novo\/wp-content\/uploads\/2018\/05\/faixaportalnoticias5-696x40.jpg 696w\" sizes=\"(max-width: 700px) 100vw, 700px\" \/><\/a><\/p>\n<p><span style=\"font-size: 10pt;\">ESPA\u00c7O EMPRESARIAL<\/span><a href=\"http:\/\/www.portalmantena.com.br\/novo\/wp-content\/uploads\/2018\/05\/postoterraboa.jpg\"><img loading=\"lazy\" class=\"alignnone size-full wp-image-29172\" src=\"http:\/\/www.portalmantena.com.br\/novo\/wp-content\/uploads\/2018\/05\/postoterraboa.jpg\" alt=\"\" width=\"700\" height=\"150\" srcset=\"http:\/\/www.portalmantena.com.br\/novo\/wp-content\/uploads\/2018\/05\/postoterraboa.jpg 700w, http:\/\/www.portalmantena.com.br\/novo\/wp-content\/uploads\/2018\/05\/postoterraboa-300x64.jpg 300w, http:\/\/www.portalmantena.com.br\/novo\/wp-content\/uploads\/2018\/05\/postoterraboa-696x150.jpg 696w\" sizes=\"(max-width: 700px) 100vw, 700px\" \/><\/a><\/p>\n","protected":false},"excerpt":{"rendered":"<p>Na noite desta segunda-feira dia 09 de agosto, em decorr\u00eancia do Plano de A\u00e7\u00e3o 01\/18\u00b0 Cia PM Ind, foi desencadeada opera\u00e7\u00e3o na zona rural de cidade de Nova Bel\u00e9m. Durante a opera\u00e7\u00e3o os militares receberam den\u00fancia an\u00f4nima dando conta que nas proximidades da resid\u00eancia do autor estavam ouvindo estampidos possivelmente ocasionados por disparos de arma [&hellip;]<\/p>\n","protected":false},"author":1,"featured_media":67524,"comment_status":"open","ping_status":"open","sticky":false,"template":"","format":"standard","meta":[],"categories":[11,34],"tags":[],"_links":{"self":[{"href":"http:\/\/www.portalmantena.com.br\/novo\/index.php?rest_route=\/wp\/v2\/posts\/67523"}],"collection":[{"href":"http:\/\/www.portalmantena.com.br\/novo\/index.php?rest_route=\/wp\/v2\/posts"}],"about":[{"href":"http:\/\/www.portalmantena.com.br\/novo\/index.php?rest_route=\/wp\/v2\/types\/post"}],"author":[{"embeddable":true,"href":"http:\/\/www.portalmantena.com.br\/novo\/index.php?rest_route=\/wp\/v2\/users\/1"}],"replies":[{"embeddable":true,"href":"http:\/\/www.portalmantena.com.br\/novo\/index.php?rest_route=%2Fwp%2Fv2%2Fcomments&post=67523"}],"version-history":[{"count":1,"href":"http:\/\/www.portalmantena.com.br\/novo\/index.php?rest_route=\/wp\/v2\/posts\/67523\/revisions"}],"predecessor-version":[{"id":67525,"href":"http:\/\/www.portalmantena.com.br\/novo\/index.php?rest_route=\/wp\/v2\/posts\/67523\/revisions\/67525"}],"wp:featuredmedia":[{"embeddable":true,"href":"http:\/\/www.portalmantena.com.br\/novo\/index.php?rest_route=\/wp\/v2\/media\/67524"}],"wp:attachment":[{"href":"http:\/\/www.portalmantena.com.br\/novo\/index.php?rest_route=%2Fwp%2Fv2%2Fmedia&parent=67523"}],"wp:term":[{"taxonomy":"category","embeddable":true,"href":"http:\/\/www.portalmantena.com.br\/novo\/index.php?rest_route=%2Fwp%2Fv2%2Fcategories&post=67523"},{"taxonomy":"post_tag","embeddable":true,"href":"http:\/\/www.portalmantena.com.br\/novo\/index.php?rest_route=%2Fwp%2Fv2%2Ftags&post=67523"}],"curies":[{"name":"wp","href":"https:\/\/api.w.org\/{rel}","templated":true}]}}