{"id":67520,"date":"2021-08-10T09:38:35","date_gmt":"2021-08-10T12:38:35","guid":{"rendered":"http:\/\/www.portalmantena.com.br\/novo\/?p=67520"},"modified":"2021-08-10T09:38:35","modified_gmt":"2021-08-10T12:38:35","slug":"regiao-veiculo-capota-na-rodovia-proximo-de-sao-vitor","status":"publish","type":"post","link":"http:\/\/www.portalmantena.com.br\/novo\/?p=67520","title":{"rendered":"Regi\u00e3o: Ve\u00edculo capota na rodovia, pr\u00f3ximo de S\u00e3o Vitor"},"content":{"rendered":"<p><a href=\"http:\/\/www.portalmantena.com.br\/novo\/wp-content\/uploads\/2021\/08\/no100821aci.jpg\"><img loading=\"lazy\" class=\"alignnone size-full wp-image-67521\" src=\"http:\/\/www.portalmantena.com.br\/novo\/wp-content\/uploads\/2021\/08\/no100821aci.jpg\" alt=\"\" width=\"700\" height=\"450\" srcset=\"http:\/\/www.portalmantena.com.br\/novo\/wp-content\/uploads\/2021\/08\/no100821aci.jpg 700w, http:\/\/www.portalmantena.com.br\/novo\/wp-content\/uploads\/2021\/08\/no100821aci-300x193.jpg 300w, http:\/\/www.portalmantena.com.br\/novo\/wp-content\/uploads\/2021\/08\/no100821aci-696x447.jpg 696w, http:\/\/www.portalmantena.com.br\/novo\/wp-content\/uploads\/2021\/08\/no100821aci-653x420.jpg 653w\" sizes=\"(max-width: 700px) 100vw, 700px\" \/><\/a><\/p>\n<p><span style=\"font-size: 14pt;\">Um grave acidente foi registrado pela Pol\u00edcia Militar Rodovi\u00e1ria no km 137 da rodovia BR 259, pr\u00f3ximo ao distrito de S\u00e3o V\u00edtor. O acidente ocorreu no \u00faltimo domingo dia 08 de Agosto. <\/span><\/p>\n<p><span style=\"font-size: 14pt;\">Segundo informa\u00e7\u00f5es haviam quatro pessoas no ve\u00edculo, tr\u00eas dispensaram atendimento m\u00e9dico e uma gestante foi encaminhada ao hospital de Valadares. <\/span><\/p>\n<p><span style=\"font-size: 14pt;\">O condutor do ve\u00edculo relatou aos militares que\u00a0ele e mais tr\u00eas passageiros seguiam de Conselheiro Pena sentido \u00e0 Valadares, e ao se aproximar do km 137, perdeu o controle da dire\u00e7\u00e3o do ve\u00edculo em uma curva e capotou o carro, parando do outro lado da pista, na contram\u00e3o, com as rodas para cima. <\/span><\/p>\n<p><span style=\"font-size: 18pt;\"><strong>Em meio \u00e0s v\u00edtimas, havia uma mulher gr\u00e1vida de aproximadamente 24 semanas.\u00a0<\/strong><\/span><\/p>\n<p><span style=\"font-size: 14pt;\">Ela foi socorrida por terceiros e levada para o Hospital Municipal de Valadares. <\/span><\/p>\n<p><span style=\"font-size: 14pt;\">Os outros passageiros dispensaram atendimento m\u00e9dico e o condutor do ve\u00edculo ficou respons\u00e1vel pela retirada do autom\u00f3vel do local.\u00a0(<strong><em>Comando Geral<\/em><\/strong>)<\/span><\/p>\n<p><a href=\"http:\/\/www.portalmantena.com.br\/novo\/\"><img loading=\"lazy\" class=\"alignnone size-full wp-image-37331\" src=\"http:\/\/www.portalmantena.com.br\/novo\/wp-content\/uploads\/2018\/05\/faixaportalnoticias5.jpg\" alt=\"\" width=\"700\" height=\"40\" srcset=\"http:\/\/www.portalmantena.com.br\/novo\/wp-content\/uploads\/2018\/05\/faixaportalnoticias5.jpg 700w, http:\/\/www.portalmantena.com.br\/novo\/wp-content\/uploads\/2018\/05\/faixaportalnoticias5-300x17.jpg 300w, http:\/\/www.portalmantena.com.br\/novo\/wp-content\/uploads\/2018\/05\/faixaportalnoticias5-696x40.jpg 696w\" sizes=\"(max-width: 700px) 100vw, 700px\" \/><\/a><\/p>\n<p><span style=\"font-size: 10pt;\">ESPA\u00c7O EMPRESARIAL<\/span><a href=\"http:\/\/www.temposolar.com.br\/\"><img loading=\"lazy\" class=\"alignnone size-full wp-image-44084\" src=\"http:\/\/www.portalmantena.com.br\/novo\/wp-content\/uploads\/2018\/05\/temposolarbb.jpg\" alt=\"\" width=\"700\" height=\"150\" srcset=\"http:\/\/www.portalmantena.com.br\/novo\/wp-content\/uploads\/2018\/05\/temposolarbb.jpg 700w, http:\/\/www.portalmantena.com.br\/novo\/wp-content\/uploads\/2018\/05\/temposolarbb-300x64.jpg 300w, http:\/\/www.portalmantena.com.br\/novo\/wp-content\/uploads\/2018\/05\/temposolarbb-696x150.jpg 696w\" sizes=\"(max-width: 700px) 100vw, 700px\" \/><\/a><\/p>\n","protected":false},"excerpt":{"rendered":"<p>Um grave acidente foi registrado pela Pol\u00edcia Militar Rodovi\u00e1ria no km 137 da rodovia BR 259, pr\u00f3ximo ao distrito de S\u00e3o V\u00edtor. O acidente ocorreu no \u00faltimo domingo dia 08 de Agosto. Segundo informa\u00e7\u00f5es haviam quatro pessoas no ve\u00edculo, tr\u00eas dispensaram atendimento m\u00e9dico e uma gestante foi encaminhada ao hospital de Valadares. O condutor do [&hellip;]<\/p>\n","protected":false},"author":1,"featured_media":67521,"comment_status":"open","ping_status":"open","sticky":false,"template":"","format":"standard","meta":[],"categories":[11,34],"tags":[],"_links":{"self":[{"href":"http:\/\/www.portalmantena.com.br\/novo\/index.php?rest_route=\/wp\/v2\/posts\/67520"}],"collection":[{"href":"http:\/\/www.portalmantena.com.br\/novo\/index.php?rest_route=\/wp\/v2\/posts"}],"about":[{"href":"http:\/\/www.portalmantena.com.br\/novo\/index.php?rest_route=\/wp\/v2\/types\/post"}],"author":[{"embeddable":true,"href":"http:\/\/www.portalmantena.com.br\/novo\/index.php?rest_route=\/wp\/v2\/users\/1"}],"replies":[{"embeddable":true,"href":"http:\/\/www.portalmantena.com.br\/novo\/index.php?rest_route=%2Fwp%2Fv2%2Fcomments&post=67520"}],"version-history":[{"count":1,"href":"http:\/\/www.portalmantena.com.br\/novo\/index.php?rest_route=\/wp\/v2\/posts\/67520\/revisions"}],"predecessor-version":[{"id":67522,"href":"http:\/\/www.portalmantena.com.br\/novo\/index.php?rest_route=\/wp\/v2\/posts\/67520\/revisions\/67522"}],"wp:featuredmedia":[{"embeddable":true,"href":"http:\/\/www.portalmantena.com.br\/novo\/index.php?rest_route=\/wp\/v2\/media\/67521"}],"wp:attachment":[{"href":"http:\/\/www.portalmantena.com.br\/novo\/index.php?rest_route=%2Fwp%2Fv2%2Fmedia&parent=67520"}],"wp:term":[{"taxonomy":"category","embeddable":true,"href":"http:\/\/www.portalmantena.com.br\/novo\/index.php?rest_route=%2Fwp%2Fv2%2Fcategories&post=67520"},{"taxonomy":"post_tag","embeddable":true,"href":"http:\/\/www.portalmantena.com.br\/novo\/index.php?rest_route=%2Fwp%2Fv2%2Ftags&post=67520"}],"curies":[{"name":"wp","href":"https:\/\/api.w.org\/{rel}","templated":true}]}}