{"id":67508,"date":"2021-08-09T13:53:04","date_gmt":"2021-08-09T16:53:04","guid":{"rendered":"http:\/\/www.portalmantena.com.br\/novo\/?p=67508"},"modified":"2021-08-09T13:53:04","modified_gmt":"2021-08-09T16:53:04","slug":"mantena-mais-um-empresario-adere-a-energia-solar","status":"publish","type":"post","link":"http:\/\/www.portalmantena.com.br\/novo\/?p=67508","title":{"rendered":"Mantena: Mais um empres\u00e1rio adere \u00e0 Energia Solar"},"content":{"rendered":"<p><a href=\"http:\/\/www.portalmantena.com.br\/novo\/wp-content\/uploads\/2021\/08\/no090821solar2.jpg\"><img loading=\"lazy\" class=\"alignnone size-full wp-image-67509\" src=\"http:\/\/www.portalmantena.com.br\/novo\/wp-content\/uploads\/2021\/08\/no090821solar2.jpg\" alt=\"\" width=\"700\" height=\"450\" srcset=\"http:\/\/www.portalmantena.com.br\/novo\/wp-content\/uploads\/2021\/08\/no090821solar2.jpg 700w, http:\/\/www.portalmantena.com.br\/novo\/wp-content\/uploads\/2021\/08\/no090821solar2-300x193.jpg 300w, http:\/\/www.portalmantena.com.br\/novo\/wp-content\/uploads\/2021\/08\/no090821solar2-696x447.jpg 696w, http:\/\/www.portalmantena.com.br\/novo\/wp-content\/uploads\/2021\/08\/no090821solar2-653x420.jpg 653w\" sizes=\"(max-width: 700px) 100vw, 700px\" \/><\/a><\/p>\n<p><span style=\"font-size: 14pt;\">Buscando alternativas para gerar a energia que consome e economizar no gasto mensal desta fonte de sustentabilidade, o empres\u00e1rio mantenense Edson, da Forte Embalagens, tamb\u00e9m passa a explorar os benef\u00edcios da Energia Solar. <\/span><\/p>\n<p><span style=\"font-size: 18pt;\"><strong>O empres\u00e1rio adquiriu uma usina que produz 900 kwh\/m\u00eas gerando uma economia de quase R$ 1.000 reais. <\/strong><\/span><\/p>\n<p><span style=\"font-size: 14pt;\">Esta usina instalada pela empresa Tempo Solar, atender\u00e1 o consumo da resid\u00eancia e da empresa do empres\u00e1rio, e ele j\u00e1 est\u00e1 satisfeito com os primeiros resultados. <\/span><\/p>\n<p><span style=\"font-size: 14pt;\">Voc\u00ea que tamb\u00e9m tem interesse em saber mais sobre a gera\u00e7\u00e3o de energia solar, fa\u00e7a contado com a empresa Tempo Solar em Mantena, solicite uma visita e um or\u00e7amento sem compromisso com o representante\u00a0<strong>Emerson Alves, atrav\u00e9s do telefone: (33) 9 8864-0218 (Whatsapp).<\/strong><\/span><\/p>\n<p><a href=\"http:\/\/www.portalmantena.com.br\/novo\/wp-content\/uploads\/2021\/08\/no090821solar3.jpg\"><img loading=\"lazy\" class=\"alignnone size-full wp-image-67510\" src=\"http:\/\/www.portalmantena.com.br\/novo\/wp-content\/uploads\/2021\/08\/no090821solar3.jpg\" alt=\"\" width=\"700\" height=\"450\" srcset=\"http:\/\/www.portalmantena.com.br\/novo\/wp-content\/uploads\/2021\/08\/no090821solar3.jpg 700w, http:\/\/www.portalmantena.com.br\/novo\/wp-content\/uploads\/2021\/08\/no090821solar3-300x193.jpg 300w, http:\/\/www.portalmantena.com.br\/novo\/wp-content\/uploads\/2021\/08\/no090821solar3-696x447.jpg 696w, http:\/\/www.portalmantena.com.br\/novo\/wp-content\/uploads\/2021\/08\/no090821solar3-653x420.jpg 653w\" sizes=\"(max-width: 700px) 100vw, 700px\" \/><\/a> <a href=\"http:\/\/www.portalmantena.com.br\/novo\/wp-content\/uploads\/2021\/08\/no090821solar4.jpg\"><img loading=\"lazy\" class=\"alignnone size-full wp-image-67511\" src=\"http:\/\/www.portalmantena.com.br\/novo\/wp-content\/uploads\/2021\/08\/no090821solar4.jpg\" alt=\"\" width=\"700\" height=\"450\" srcset=\"http:\/\/www.portalmantena.com.br\/novo\/wp-content\/uploads\/2021\/08\/no090821solar4.jpg 700w, http:\/\/www.portalmantena.com.br\/novo\/wp-content\/uploads\/2021\/08\/no090821solar4-300x193.jpg 300w, http:\/\/www.portalmantena.com.br\/novo\/wp-content\/uploads\/2021\/08\/no090821solar4-696x447.jpg 696w, http:\/\/www.portalmantena.com.br\/novo\/wp-content\/uploads\/2021\/08\/no090821solar4-653x420.jpg 653w\" sizes=\"(max-width: 700px) 100vw, 700px\" \/><\/a> <a href=\"http:\/\/www.portalmantena.com.br\/novo\/wp-content\/uploads\/2021\/08\/no090821solar5.jpg\"><img loading=\"lazy\" class=\"alignnone size-full wp-image-67512\" src=\"http:\/\/www.portalmantena.com.br\/novo\/wp-content\/uploads\/2021\/08\/no090821solar5.jpg\" alt=\"\" width=\"700\" height=\"450\" srcset=\"http:\/\/www.portalmantena.com.br\/novo\/wp-content\/uploads\/2021\/08\/no090821solar5.jpg 700w, http:\/\/www.portalmantena.com.br\/novo\/wp-content\/uploads\/2021\/08\/no090821solar5-300x193.jpg 300w, http:\/\/www.portalmantena.com.br\/novo\/wp-content\/uploads\/2021\/08\/no090821solar5-696x447.jpg 696w, http:\/\/www.portalmantena.com.br\/novo\/wp-content\/uploads\/2021\/08\/no090821solar5-653x420.jpg 653w\" sizes=\"(max-width: 700px) 100vw, 700px\" \/><\/a> <a href=\"http:\/\/www.portalmantena.com.br\/novo\/wp-content\/uploads\/2021\/08\/no090821solar6.jpg\"><img loading=\"lazy\" class=\"alignnone size-full wp-image-67513\" src=\"http:\/\/www.portalmantena.com.br\/novo\/wp-content\/uploads\/2021\/08\/no090821solar6.jpg\" alt=\"\" width=\"700\" height=\"450\" srcset=\"http:\/\/www.portalmantena.com.br\/novo\/wp-content\/uploads\/2021\/08\/no090821solar6.jpg 700w, http:\/\/www.portalmantena.com.br\/novo\/wp-content\/uploads\/2021\/08\/no090821solar6-300x193.jpg 300w, http:\/\/www.portalmantena.com.br\/novo\/wp-content\/uploads\/2021\/08\/no090821solar6-696x447.jpg 696w, http:\/\/www.portalmantena.com.br\/novo\/wp-content\/uploads\/2021\/08\/no090821solar6-653x420.jpg 653w\" sizes=\"(max-width: 700px) 100vw, 700px\" \/><\/a><a href=\"http:\/\/www.portalmantena.com.br\/novo\/wp-content\/uploads\/2021\/08\/no090821solar1.jpg\"><img loading=\"lazy\" class=\"alignnone size-full wp-image-67514\" src=\"http:\/\/www.portalmantena.com.br\/novo\/wp-content\/uploads\/2021\/08\/no090821solar1.jpg\" alt=\"\" width=\"700\" height=\"450\" srcset=\"http:\/\/www.portalmantena.com.br\/novo\/wp-content\/uploads\/2021\/08\/no090821solar1.jpg 700w, http:\/\/www.portalmantena.com.br\/novo\/wp-content\/uploads\/2021\/08\/no090821solar1-300x193.jpg 300w, http:\/\/www.portalmantena.com.br\/novo\/wp-content\/uploads\/2021\/08\/no090821solar1-696x447.jpg 696w, http:\/\/www.portalmantena.com.br\/novo\/wp-content\/uploads\/2021\/08\/no090821solar1-653x420.jpg 653w\" sizes=\"(max-width: 700px) 100vw, 700px\" \/><\/a><\/p>\n<p><a href=\"http:\/\/www.portalmantena.com.br\/novo\/\"><img loading=\"lazy\" class=\"alignnone size-full wp-image-37331\" src=\"http:\/\/www.portalmantena.com.br\/novo\/wp-content\/uploads\/2018\/05\/faixaportalnoticias5.jpg\" alt=\"\" width=\"700\" height=\"40\" srcset=\"http:\/\/www.portalmantena.com.br\/novo\/wp-content\/uploads\/2018\/05\/faixaportalnoticias5.jpg 700w, http:\/\/www.portalmantena.com.br\/novo\/wp-content\/uploads\/2018\/05\/faixaportalnoticias5-300x17.jpg 300w, http:\/\/www.portalmantena.com.br\/novo\/wp-content\/uploads\/2018\/05\/faixaportalnoticias5-696x40.jpg 696w\" sizes=\"(max-width: 700px) 100vw, 700px\" \/><\/a><\/p>\n<p><span style=\"font-size: 10pt;\">ESPA\u00c7O EMPRESARIAL<\/span><a href=\"http:\/\/www.temposolar.com.br\/\"><img loading=\"lazy\" class=\"alignnone size-full wp-image-44084\" src=\"http:\/\/www.portalmantena.com.br\/novo\/wp-content\/uploads\/2018\/05\/temposolarbb.jpg\" alt=\"\" width=\"700\" height=\"150\" srcset=\"http:\/\/www.portalmantena.com.br\/novo\/wp-content\/uploads\/2018\/05\/temposolarbb.jpg 700w, http:\/\/www.portalmantena.com.br\/novo\/wp-content\/uploads\/2018\/05\/temposolarbb-300x64.jpg 300w, http:\/\/www.portalmantena.com.br\/novo\/wp-content\/uploads\/2018\/05\/temposolarbb-696x150.jpg 696w\" sizes=\"(max-width: 700px) 100vw, 700px\" \/><\/a><\/p>\n","protected":false},"excerpt":{"rendered":"<p>Buscando alternativas para gerar a energia que consome e economizar no gasto mensal desta fonte de sustentabilidade, o empres\u00e1rio mantenense Edson, da Forte Embalagens, tamb\u00e9m passa a explorar os benef\u00edcios da Energia Solar. O empres\u00e1rio adquiriu uma usina que produz 900 kwh\/m\u00eas gerando uma economia de quase R$ 1.000 reais. Esta usina instalada pela empresa [&hellip;]<\/p>\n","protected":false},"author":1,"featured_media":67510,"comment_status":"open","ping_status":"open","sticky":false,"template":"","format":"standard","meta":[],"categories":[11,34],"tags":[],"_links":{"self":[{"href":"http:\/\/www.portalmantena.com.br\/novo\/index.php?rest_route=\/wp\/v2\/posts\/67508"}],"collection":[{"href":"http:\/\/www.portalmantena.com.br\/novo\/index.php?rest_route=\/wp\/v2\/posts"}],"about":[{"href":"http:\/\/www.portalmantena.com.br\/novo\/index.php?rest_route=\/wp\/v2\/types\/post"}],"author":[{"embeddable":true,"href":"http:\/\/www.portalmantena.com.br\/novo\/index.php?rest_route=\/wp\/v2\/users\/1"}],"replies":[{"embeddable":true,"href":"http:\/\/www.portalmantena.com.br\/novo\/index.php?rest_route=%2Fwp%2Fv2%2Fcomments&post=67508"}],"version-history":[{"count":1,"href":"http:\/\/www.portalmantena.com.br\/novo\/index.php?rest_route=\/wp\/v2\/posts\/67508\/revisions"}],"predecessor-version":[{"id":67515,"href":"http:\/\/www.portalmantena.com.br\/novo\/index.php?rest_route=\/wp\/v2\/posts\/67508\/revisions\/67515"}],"wp:featuredmedia":[{"embeddable":true,"href":"http:\/\/www.portalmantena.com.br\/novo\/index.php?rest_route=\/wp\/v2\/media\/67510"}],"wp:attachment":[{"href":"http:\/\/www.portalmantena.com.br\/novo\/index.php?rest_route=%2Fwp%2Fv2%2Fmedia&parent=67508"}],"wp:term":[{"taxonomy":"category","embeddable":true,"href":"http:\/\/www.portalmantena.com.br\/novo\/index.php?rest_route=%2Fwp%2Fv2%2Fcategories&post=67508"},{"taxonomy":"post_tag","embeddable":true,"href":"http:\/\/www.portalmantena.com.br\/novo\/index.php?rest_route=%2Fwp%2Fv2%2Ftags&post=67508"}],"curies":[{"name":"wp","href":"https:\/\/api.w.org\/{rel}","templated":true}]}}