{"id":67130,"date":"2021-06-29T10:34:22","date_gmt":"2021-06-29T13:34:22","guid":{"rendered":"http:\/\/www.portalmantena.com.br\/novo\/?p=67130"},"modified":"2021-06-29T10:44:25","modified_gmt":"2021-06-29T13:44:25","slug":"covid-mantena-inicia-vacinacao-para-44-anos-acima","status":"publish","type":"post","link":"http:\/\/www.portalmantena.com.br\/novo\/?p=67130","title":{"rendered":"Covid: Mantena inicia vacina\u00e7\u00e3o para 44 anos acima"},"content":{"rendered":"<p><a href=\"http:\/\/www.portalmantena.com.br\/novo\/wp-content\/uploads\/2021\/06\/no290621vacina.jpg\"><img loading=\"lazy\" class=\"alignnone size-full wp-image-67131\" src=\"http:\/\/www.portalmantena.com.br\/novo\/wp-content\/uploads\/2021\/06\/no290621vacina.jpg\" alt=\"\" width=\"700\" height=\"450\" srcset=\"http:\/\/www.portalmantena.com.br\/novo\/wp-content\/uploads\/2021\/06\/no290621vacina.jpg 700w, http:\/\/www.portalmantena.com.br\/novo\/wp-content\/uploads\/2021\/06\/no290621vacina-300x193.jpg 300w, http:\/\/www.portalmantena.com.br\/novo\/wp-content\/uploads\/2021\/06\/no290621vacina-696x447.jpg 696w, http:\/\/www.portalmantena.com.br\/novo\/wp-content\/uploads\/2021\/06\/no290621vacina-653x420.jpg 653w\" sizes=\"(max-width: 700px) 100vw, 700px\" \/><\/a><\/p>\n<p><span style=\"font-size: 14pt;\">Mais uma faixa et\u00e1ria est\u00e1 recebendo a vacina\u00e7\u00e3o contra o covid 19 no munic\u00edpio de Mantena. As pessoas com 44 anos acima estar\u00e3o sendo vacinadas nesta ter\u00e7a e quarta-feira (dias 29 e 30 de Junho), em hor\u00e1rios diferenciados. <\/span><\/p>\n<p><span style=\"font-size: 14pt;\">Nesta ter\u00e7a-feira os cidad\u00e3os ser\u00e3o vacinados na quadra coberta da Escola Ant\u00f4nio Carlos de 16 \u00e0s 20 horas. J\u00e1 na quarta-feira dia 30, tamb\u00e9m na quadra da escola Ant\u00f4nio Carlos s\u00f3 que no hor\u00e1rio de 8h at\u00e9 11 horas. <\/span><\/p>\n<p><span style=\"font-size: 18pt;\"><strong>\u00c9 indispens\u00e1vel levar documento com n\u00famero do CPF, e se tiver, cart\u00e3o do SUS e cart\u00e3o de vacina\u00e7\u00e3o. <\/strong><\/span><\/p>\n<p><span style=\"font-size: 14pt;\">A primeira dose da vacina continua dispon\u00edvel para pessoas de 18 anos ou mais que apresentam comorbidades (de acordo com o PNI) e profissionais da educa\u00e7\u00e3o. <\/span><\/p>\n<p><span style=\"font-size: 14pt;\">Os idosos que devem receber a segunda dose tamb\u00e9m precisam comparecer aos locais de vacina\u00e7\u00e3o.<\/span><\/p>\n<p><span style=\"font-size: 14pt;\"> Lembrando que, o calend\u00e1rio com a data de in\u00edcio de vacina\u00e7\u00e3o de cada grupo vem sendo divulgado e atualizado gradativamente, levando em considera\u00e7\u00e3o as entregas de vacinas feitas pelo Minist\u00e9rio da Sa\u00fade para Mantena.<\/span><\/p>\n<p><a href=\"http:\/\/www.portalmantena.com.br\/novo\/\"><img loading=\"lazy\" class=\"alignnone size-full wp-image-37331\" src=\"http:\/\/www.portalmantena.com.br\/novo\/wp-content\/uploads\/2018\/05\/faixaportalnoticias5.jpg\" alt=\"\" width=\"700\" height=\"40\" srcset=\"http:\/\/www.portalmantena.com.br\/novo\/wp-content\/uploads\/2018\/05\/faixaportalnoticias5.jpg 700w, http:\/\/www.portalmantena.com.br\/novo\/wp-content\/uploads\/2018\/05\/faixaportalnoticias5-300x17.jpg 300w, http:\/\/www.portalmantena.com.br\/novo\/wp-content\/uploads\/2018\/05\/faixaportalnoticias5-696x40.jpg 696w\" sizes=\"(max-width: 700px) 100vw, 700px\" \/><\/a><\/p>\n<p><span style=\"font-size: 10pt;\">ESPA\u00c7O EMPRESARIAL<\/span><a href=\"http:\/\/www.temposolar.com.br\/\"><img loading=\"lazy\" class=\"alignnone size-full wp-image-44084\" src=\"http:\/\/www.portalmantena.com.br\/novo\/wp-content\/uploads\/2018\/05\/temposolarbb.jpg\" alt=\"\" width=\"700\" height=\"150\" srcset=\"http:\/\/www.portalmantena.com.br\/novo\/wp-content\/uploads\/2018\/05\/temposolarbb.jpg 700w, http:\/\/www.portalmantena.com.br\/novo\/wp-content\/uploads\/2018\/05\/temposolarbb-300x64.jpg 300w, http:\/\/www.portalmantena.com.br\/novo\/wp-content\/uploads\/2018\/05\/temposolarbb-696x150.jpg 696w\" sizes=\"(max-width: 700px) 100vw, 700px\" \/><\/a><\/p>\n","protected":false},"excerpt":{"rendered":"<p>Mais uma faixa et\u00e1ria est\u00e1 recebendo a vacina\u00e7\u00e3o contra o covid 19 no munic\u00edpio de Mantena. As pessoas com 44 anos acima estar\u00e3o sendo vacinadas nesta ter\u00e7a e quarta-feira (dias 29 e 30 de Junho), em hor\u00e1rios diferenciados. Nesta ter\u00e7a-feira os cidad\u00e3os ser\u00e3o vacinados na quadra coberta da Escola Ant\u00f4nio Carlos de 16 \u00e0s 20 [&hellip;]<\/p>\n","protected":false},"author":1,"featured_media":67131,"comment_status":"open","ping_status":"open","sticky":false,"template":"","format":"standard","meta":[],"categories":[12],"tags":[],"_links":{"self":[{"href":"http:\/\/www.portalmantena.com.br\/novo\/index.php?rest_route=\/wp\/v2\/posts\/67130"}],"collection":[{"href":"http:\/\/www.portalmantena.com.br\/novo\/index.php?rest_route=\/wp\/v2\/posts"}],"about":[{"href":"http:\/\/www.portalmantena.com.br\/novo\/index.php?rest_route=\/wp\/v2\/types\/post"}],"author":[{"embeddable":true,"href":"http:\/\/www.portalmantena.com.br\/novo\/index.php?rest_route=\/wp\/v2\/users\/1"}],"replies":[{"embeddable":true,"href":"http:\/\/www.portalmantena.com.br\/novo\/index.php?rest_route=%2Fwp%2Fv2%2Fcomments&post=67130"}],"version-history":[{"count":1,"href":"http:\/\/www.portalmantena.com.br\/novo\/index.php?rest_route=\/wp\/v2\/posts\/67130\/revisions"}],"predecessor-version":[{"id":67132,"href":"http:\/\/www.portalmantena.com.br\/novo\/index.php?rest_route=\/wp\/v2\/posts\/67130\/revisions\/67132"}],"wp:featuredmedia":[{"embeddable":true,"href":"http:\/\/www.portalmantena.com.br\/novo\/index.php?rest_route=\/wp\/v2\/media\/67131"}],"wp:attachment":[{"href":"http:\/\/www.portalmantena.com.br\/novo\/index.php?rest_route=%2Fwp%2Fv2%2Fmedia&parent=67130"}],"wp:term":[{"taxonomy":"category","embeddable":true,"href":"http:\/\/www.portalmantena.com.br\/novo\/index.php?rest_route=%2Fwp%2Fv2%2Fcategories&post=67130"},{"taxonomy":"post_tag","embeddable":true,"href":"http:\/\/www.portalmantena.com.br\/novo\/index.php?rest_route=%2Fwp%2Fv2%2Ftags&post=67130"}],"curies":[{"name":"wp","href":"https:\/\/api.w.org\/{rel}","templated":true}]}}