{"id":67020,"date":"2021-06-18T10:15:39","date_gmt":"2021-06-18T13:15:39","guid":{"rendered":"http:\/\/www.portalmantena.com.br\/novo\/?p=67020"},"modified":"2021-06-18T10:15:39","modified_gmt":"2021-06-18T13:15:39","slug":"mantena-pm-age-rapido-e-prende-autor-de-roubo","status":"publish","type":"post","link":"http:\/\/www.portalmantena.com.br\/novo\/?p=67020","title":{"rendered":"Mantena: PM age r\u00e1pido e prende autor de roubo"},"content":{"rendered":"<p><a href=\"http:\/\/www.portalmantena.com.br\/novo\/wp-content\/uploads\/2021\/06\/pm1.jpg\"><img loading=\"lazy\" class=\"alignnone size-full wp-image-67021\" src=\"http:\/\/www.portalmantena.com.br\/novo\/wp-content\/uploads\/2021\/06\/pm1.jpg\" alt=\"\" width=\"700\" height=\"450\" srcset=\"http:\/\/www.portalmantena.com.br\/novo\/wp-content\/uploads\/2021\/06\/pm1.jpg 700w, http:\/\/www.portalmantena.com.br\/novo\/wp-content\/uploads\/2021\/06\/pm1-300x193.jpg 300w, http:\/\/www.portalmantena.com.br\/novo\/wp-content\/uploads\/2021\/06\/pm1-696x447.jpg 696w, http:\/\/www.portalmantena.com.br\/novo\/wp-content\/uploads\/2021\/06\/pm1-653x420.jpg 653w\" sizes=\"(max-width: 700px) 100vw, 700px\" \/><\/a><\/p>\n<p><span style=\"font-size: 14pt;\">Na madrugada da \u00faltima ter\u00e7a-feira dia 15 de junho, uma pessoa acionou a Pol\u00edcia Militar informando ter sido v\u00edtima de roubo no bairro Santos Prates 1 em Mantena. <\/span><\/p>\n<p><span style=\"font-size: 14pt;\">De posse das caracter\u00edsticas os militares identificaram o autor e, j\u00e1 pela manh\u00e3, a guarni\u00e7\u00e3o policial composta pelo Sargento Lesson e Cabo Kaiser, conseguiram localiza-lo e prend\u00ea-lo. <\/span><\/p>\n<p><span style=\"font-size: 18pt;\"><strong>Segundo informa\u00e7\u00f5es ele estava em uma fazenda pr\u00f3ximo \u00e0 Mantena.<\/strong><\/span><\/p>\n<p><span style=\"font-size: 14pt;\"> Em virtude do fato, o autor foi encaminhado para a Delegacia de Pol\u00edcia Civil de Mantena. (fonte:PMMG)<\/span><\/p>\n<p><a href=\"http:\/\/www.portalmantena.com.br\/novo\/\"><img loading=\"lazy\" class=\"alignnone size-full wp-image-37331\" src=\"http:\/\/www.portalmantena.com.br\/novo\/wp-content\/uploads\/2018\/05\/faixaportalnoticias5.jpg\" alt=\"\" width=\"700\" height=\"40\" srcset=\"http:\/\/www.portalmantena.com.br\/novo\/wp-content\/uploads\/2018\/05\/faixaportalnoticias5.jpg 700w, http:\/\/www.portalmantena.com.br\/novo\/wp-content\/uploads\/2018\/05\/faixaportalnoticias5-300x17.jpg 300w, http:\/\/www.portalmantena.com.br\/novo\/wp-content\/uploads\/2018\/05\/faixaportalnoticias5-696x40.jpg 696w\" sizes=\"(max-width: 700px) 100vw, 700px\" \/><\/a><\/p>\n<p><span style=\"font-size: 10pt;\">ESPA\u00c7O EMPRESARIA<\/span><a href=\"https:\/\/www.facebook.com\/realcecosmeticosmantena\"><img loading=\"lazy\" class=\"alignnone size-full wp-image-64138\" src=\"http:\/\/www.portalmantena.com.br\/novo\/wp-content\/uploads\/2018\/05\/realcebanner.jpg\" alt=\"\" width=\"700\" height=\"150\" srcset=\"http:\/\/www.portalmantena.com.br\/novo\/wp-content\/uploads\/2018\/05\/realcebanner.jpg 700w, http:\/\/www.portalmantena.com.br\/novo\/wp-content\/uploads\/2018\/05\/realcebanner-300x64.jpg 300w, http:\/\/www.portalmantena.com.br\/novo\/wp-content\/uploads\/2018\/05\/realcebanner-696x150.jpg 696w\" sizes=\"(max-width: 700px) 100vw, 700px\" \/><\/a><\/p>\n","protected":false},"excerpt":{"rendered":"<p>Na madrugada da \u00faltima ter\u00e7a-feira dia 15 de junho, uma pessoa acionou a Pol\u00edcia Militar informando ter sido v\u00edtima de roubo no bairro Santos Prates 1 em Mantena. De posse das caracter\u00edsticas os militares identificaram o autor e, j\u00e1 pela manh\u00e3, a guarni\u00e7\u00e3o policial composta pelo Sargento Lesson e Cabo Kaiser, conseguiram localiza-lo e prend\u00ea-lo. [&hellip;]<\/p>\n","protected":false},"author":1,"featured_media":67021,"comment_status":"open","ping_status":"open","sticky":false,"template":"","format":"standard","meta":[],"categories":[11,34],"tags":[],"_links":{"self":[{"href":"http:\/\/www.portalmantena.com.br\/novo\/index.php?rest_route=\/wp\/v2\/posts\/67020"}],"collection":[{"href":"http:\/\/www.portalmantena.com.br\/novo\/index.php?rest_route=\/wp\/v2\/posts"}],"about":[{"href":"http:\/\/www.portalmantena.com.br\/novo\/index.php?rest_route=\/wp\/v2\/types\/post"}],"author":[{"embeddable":true,"href":"http:\/\/www.portalmantena.com.br\/novo\/index.php?rest_route=\/wp\/v2\/users\/1"}],"replies":[{"embeddable":true,"href":"http:\/\/www.portalmantena.com.br\/novo\/index.php?rest_route=%2Fwp%2Fv2%2Fcomments&post=67020"}],"version-history":[{"count":1,"href":"http:\/\/www.portalmantena.com.br\/novo\/index.php?rest_route=\/wp\/v2\/posts\/67020\/revisions"}],"predecessor-version":[{"id":67022,"href":"http:\/\/www.portalmantena.com.br\/novo\/index.php?rest_route=\/wp\/v2\/posts\/67020\/revisions\/67022"}],"wp:featuredmedia":[{"embeddable":true,"href":"http:\/\/www.portalmantena.com.br\/novo\/index.php?rest_route=\/wp\/v2\/media\/67021"}],"wp:attachment":[{"href":"http:\/\/www.portalmantena.com.br\/novo\/index.php?rest_route=%2Fwp%2Fv2%2Fmedia&parent=67020"}],"wp:term":[{"taxonomy":"category","embeddable":true,"href":"http:\/\/www.portalmantena.com.br\/novo\/index.php?rest_route=%2Fwp%2Fv2%2Fcategories&post=67020"},{"taxonomy":"post_tag","embeddable":true,"href":"http:\/\/www.portalmantena.com.br\/novo\/index.php?rest_route=%2Fwp%2Fv2%2Ftags&post=67020"}],"curies":[{"name":"wp","href":"https:\/\/api.w.org\/{rel}","templated":true}]}}