{"id":66878,"date":"2021-06-07T10:46:10","date_gmt":"2021-06-07T13:46:10","guid":{"rendered":"http:\/\/www.portalmantena.com.br\/novo\/?p=66878"},"modified":"2021-06-07T10:46:10","modified_gmt":"2021-06-07T13:46:10","slug":"regiao-duas-armas-de-fogo-apreendidas-pela-pm","status":"publish","type":"post","link":"http:\/\/www.portalmantena.com.br\/novo\/?p=66878","title":{"rendered":"Regi\u00e3o: Duas armas de fogo apreendidas pela PM"},"content":{"rendered":"<p><a href=\"http:\/\/www.portalmantena.com.br\/novo\/wp-content\/uploads\/2021\/06\/no070621armas.jpg\"><img loading=\"lazy\" class=\"alignnone size-full wp-image-66879\" src=\"http:\/\/www.portalmantena.com.br\/novo\/wp-content\/uploads\/2021\/06\/no070621armas.jpg\" alt=\"\" width=\"700\" height=\"450\" srcset=\"http:\/\/www.portalmantena.com.br\/novo\/wp-content\/uploads\/2021\/06\/no070621armas.jpg 700w, http:\/\/www.portalmantena.com.br\/novo\/wp-content\/uploads\/2021\/06\/no070621armas-300x193.jpg 300w, http:\/\/www.portalmantena.com.br\/novo\/wp-content\/uploads\/2021\/06\/no070621armas-696x447.jpg 696w, http:\/\/www.portalmantena.com.br\/novo\/wp-content\/uploads\/2021\/06\/no070621armas-653x420.jpg 653w\" sizes=\"(max-width: 700px) 100vw, 700px\" \/><\/a><\/p>\n<p><span style=\"font-size: 14pt;\">A Pol\u00edcia Militar apreendeu duas espingardas, sendo 1 de fabrica\u00e7\u00e3o artesanal\u00a0e apetrechos de recarregamento na manh\u00e3 da \u00faltima sexta-feira dia 04 de Junho. <\/span><\/p>\n<p><span style=\"font-size: 18pt;\"><strong>Os militares faziam uma opera\u00e7\u00e3o quando foram informados de que\u00a0o autor teria arma de fogo em sua resid\u00eancia sem documenta\u00e7\u00e3o legal. <\/strong><\/span><\/p>\n<p><span style=\"font-size: 14pt;\">Os Policiais de pronto identificaram o suspeito e foram at\u00e9 a sua resid\u00eancia, onde encontraram\u00a0enrolada em um cobertor em cima da cama, uma garrucha carregada e dentro de um c\u00f4modo da casa uma espingarda tipo polveira descarregada. <\/span><\/p>\n<p><span style=\"font-size: 14pt;\">O suspeito foi preso por posse ilegal de arma de fogo e as armas e os materiais apreendidos foram encaminhados para a Delegacia de Plant\u00e3o em Governador Valadares. (fonte\/foto:noticiasnoleste).<\/span><\/p>\n<p><a href=\"http:\/\/www.portalmantena.com.br\/novo\/\"><img loading=\"lazy\" class=\"alignnone size-full wp-image-37331\" src=\"http:\/\/www.portalmantena.com.br\/novo\/wp-content\/uploads\/2018\/05\/faixaportalnoticias5.jpg\" alt=\"\" width=\"700\" height=\"40\" srcset=\"http:\/\/www.portalmantena.com.br\/novo\/wp-content\/uploads\/2018\/05\/faixaportalnoticias5.jpg 700w, http:\/\/www.portalmantena.com.br\/novo\/wp-content\/uploads\/2018\/05\/faixaportalnoticias5-300x17.jpg 300w, http:\/\/www.portalmantena.com.br\/novo\/wp-content\/uploads\/2018\/05\/faixaportalnoticias5-696x40.jpg 696w\" sizes=\"(max-width: 700px) 100vw, 700px\" \/><\/a><\/p>\n<p><span style=\"font-size: 10pt;\">ESPA\u00c7O EMPRESARIAL<\/span><a href=\"http:\/\/www.temposolar.com.br\/\"><img loading=\"lazy\" class=\"alignnone size-full wp-image-44084\" src=\"http:\/\/www.portalmantena.com.br\/novo\/wp-content\/uploads\/2018\/05\/temposolarbb.jpg\" alt=\"\" width=\"700\" height=\"150\" srcset=\"http:\/\/www.portalmantena.com.br\/novo\/wp-content\/uploads\/2018\/05\/temposolarbb.jpg 700w, http:\/\/www.portalmantena.com.br\/novo\/wp-content\/uploads\/2018\/05\/temposolarbb-300x64.jpg 300w, http:\/\/www.portalmantena.com.br\/novo\/wp-content\/uploads\/2018\/05\/temposolarbb-696x150.jpg 696w\" sizes=\"(max-width: 700px) 100vw, 700px\" \/><\/a><\/p>\n","protected":false},"excerpt":{"rendered":"<p>A Pol\u00edcia Militar apreendeu duas espingardas, sendo 1 de fabrica\u00e7\u00e3o artesanal\u00a0e apetrechos de recarregamento na manh\u00e3 da \u00faltima sexta-feira dia 04 de Junho. Os militares faziam uma opera\u00e7\u00e3o quando foram informados de que\u00a0o autor teria arma de fogo em sua resid\u00eancia sem documenta\u00e7\u00e3o legal. Os Policiais de pronto identificaram o suspeito e foram at\u00e9 a [&hellip;]<\/p>\n","protected":false},"author":1,"featured_media":66879,"comment_status":"open","ping_status":"open","sticky":false,"template":"","format":"standard","meta":[],"categories":[11,34],"tags":[],"_links":{"self":[{"href":"http:\/\/www.portalmantena.com.br\/novo\/index.php?rest_route=\/wp\/v2\/posts\/66878"}],"collection":[{"href":"http:\/\/www.portalmantena.com.br\/novo\/index.php?rest_route=\/wp\/v2\/posts"}],"about":[{"href":"http:\/\/www.portalmantena.com.br\/novo\/index.php?rest_route=\/wp\/v2\/types\/post"}],"author":[{"embeddable":true,"href":"http:\/\/www.portalmantena.com.br\/novo\/index.php?rest_route=\/wp\/v2\/users\/1"}],"replies":[{"embeddable":true,"href":"http:\/\/www.portalmantena.com.br\/novo\/index.php?rest_route=%2Fwp%2Fv2%2Fcomments&post=66878"}],"version-history":[{"count":1,"href":"http:\/\/www.portalmantena.com.br\/novo\/index.php?rest_route=\/wp\/v2\/posts\/66878\/revisions"}],"predecessor-version":[{"id":66880,"href":"http:\/\/www.portalmantena.com.br\/novo\/index.php?rest_route=\/wp\/v2\/posts\/66878\/revisions\/66880"}],"wp:featuredmedia":[{"embeddable":true,"href":"http:\/\/www.portalmantena.com.br\/novo\/index.php?rest_route=\/wp\/v2\/media\/66879"}],"wp:attachment":[{"href":"http:\/\/www.portalmantena.com.br\/novo\/index.php?rest_route=%2Fwp%2Fv2%2Fmedia&parent=66878"}],"wp:term":[{"taxonomy":"category","embeddable":true,"href":"http:\/\/www.portalmantena.com.br\/novo\/index.php?rest_route=%2Fwp%2Fv2%2Fcategories&post=66878"},{"taxonomy":"post_tag","embeddable":true,"href":"http:\/\/www.portalmantena.com.br\/novo\/index.php?rest_route=%2Fwp%2Fv2%2Ftags&post=66878"}],"curies":[{"name":"wp","href":"https:\/\/api.w.org\/{rel}","templated":true}]}}