{"id":66856,"date":"2021-06-02T10:41:58","date_gmt":"2021-06-02T13:41:58","guid":{"rendered":"http:\/\/www.portalmantena.com.br\/novo\/?p=66856"},"modified":"2021-06-02T10:41:58","modified_gmt":"2021-06-02T13:41:58","slug":"casos-de-covid-19-seguem-subindo-em-mantena","status":"publish","type":"post","link":"http:\/\/www.portalmantena.com.br\/novo\/?p=66856","title":{"rendered":"Casos de Covid 19 seguem subindo em Mantena"},"content":{"rendered":"<p><a href=\"http:\/\/www.portalmantena.com.br\/novo\/wp-content\/uploads\/2021\/06\/no020621covid.jpg\"><img loading=\"lazy\" class=\"alignnone size-full wp-image-66857\" src=\"http:\/\/www.portalmantena.com.br\/novo\/wp-content\/uploads\/2021\/06\/no020621covid.jpg\" alt=\"\" width=\"700\" height=\"450\" srcset=\"http:\/\/www.portalmantena.com.br\/novo\/wp-content\/uploads\/2021\/06\/no020621covid.jpg 700w, http:\/\/www.portalmantena.com.br\/novo\/wp-content\/uploads\/2021\/06\/no020621covid-300x193.jpg 300w, http:\/\/www.portalmantena.com.br\/novo\/wp-content\/uploads\/2021\/06\/no020621covid-696x447.jpg 696w, http:\/\/www.portalmantena.com.br\/novo\/wp-content\/uploads\/2021\/06\/no020621covid-653x420.jpg 653w\" sizes=\"(max-width: 700px) 100vw, 700px\" \/><\/a><\/p>\n<p><span style=\"font-size: 14pt;\">O boletim epidemiol\u00f3gico sobre o covid 19 no munic\u00edpio de Mantena, atualizado na tarde desta ter\u00e7a-feira dia 1\u00ba de Junho tr\u00e1s a informa\u00e7\u00e3o de que os casos suspeitos em investiga\u00e7\u00e3o seguem subindo. <\/span><\/p>\n<p><span style=\"font-size: 14pt;\">\u00a0<\/span><span style=\"font-size: 14pt;\">No boletim do dia 31 de Maio os casos suspeitos totalizavam 106, j\u00e1 nesta ter\u00e7a-feira dia 1\u00ba de Junho, foram registrados mais 8 novos casos suspeitos. <\/span><\/p>\n<p><span style=\"font-size: 14pt;\">J\u00e1 o n\u00famero de casos novos confirmados em 24 horas totaliza nesta data 5 novos casos. <\/span><\/p>\n<p><span style=\"font-size: 14pt;\">Os casos ativos nesta data chegam a 36, sendo que deste total 30 pessoas est\u00e3o em isolamento domiciliar, 04 pacientes internados em ala de hospital e 02 pacientes internados em UTI. <\/span><\/p>\n<p><span style=\"font-size: 14pt;\">Infelizmente, desde o in\u00edcio da Pandemia Mantena registra 89 \u00f3bitos.<\/span><\/p>\n<p><a href=\"http:\/\/www.portalmantena.com.br\/novo\/\"><img loading=\"lazy\" class=\"alignnone size-full wp-image-37331\" src=\"http:\/\/www.portalmantena.com.br\/novo\/wp-content\/uploads\/2018\/05\/faixaportalnoticias5.jpg\" alt=\"\" width=\"700\" height=\"40\" srcset=\"http:\/\/www.portalmantena.com.br\/novo\/wp-content\/uploads\/2018\/05\/faixaportalnoticias5.jpg 700w, http:\/\/www.portalmantena.com.br\/novo\/wp-content\/uploads\/2018\/05\/faixaportalnoticias5-300x17.jpg 300w, http:\/\/www.portalmantena.com.br\/novo\/wp-content\/uploads\/2018\/05\/faixaportalnoticias5-696x40.jpg 696w\" sizes=\"(max-width: 700px) 100vw, 700px\" \/><\/a><\/p>\n<p><span style=\"font-size: 10pt;\">ESPA\u00c7O EMPRESARIAL<\/span><a href=\"http:\/\/www.portalmantena.com.br\/novo\/wp-content\/uploads\/2018\/05\/higiclean.jpg\"><img loading=\"lazy\" class=\"alignnone size-full wp-image-66110\" src=\"http:\/\/www.portalmantena.com.br\/novo\/wp-content\/uploads\/2018\/05\/higiclean.jpg\" alt=\"\" width=\"700\" height=\"150\" srcset=\"http:\/\/www.portalmantena.com.br\/novo\/wp-content\/uploads\/2018\/05\/higiclean.jpg 700w, http:\/\/www.portalmantena.com.br\/novo\/wp-content\/uploads\/2018\/05\/higiclean-300x64.jpg 300w, http:\/\/www.portalmantena.com.br\/novo\/wp-content\/uploads\/2018\/05\/higiclean-696x150.jpg 696w\" sizes=\"(max-width: 700px) 100vw, 700px\" \/><\/a><\/p>\n","protected":false},"excerpt":{"rendered":"<p>O boletim epidemiol\u00f3gico sobre o covid 19 no munic\u00edpio de Mantena, atualizado na tarde desta ter\u00e7a-feira dia 1\u00ba de Junho tr\u00e1s a informa\u00e7\u00e3o de que os casos suspeitos em investiga\u00e7\u00e3o seguem subindo. \u00a0No boletim do dia 31 de Maio os casos suspeitos totalizavam 106, j\u00e1 nesta ter\u00e7a-feira dia 1\u00ba de Junho, foram registrados mais 8 [&hellip;]<\/p>\n","protected":false},"author":1,"featured_media":66857,"comment_status":"open","ping_status":"open","sticky":false,"template":"","format":"standard","meta":[],"categories":[11],"tags":[],"_links":{"self":[{"href":"http:\/\/www.portalmantena.com.br\/novo\/index.php?rest_route=\/wp\/v2\/posts\/66856"}],"collection":[{"href":"http:\/\/www.portalmantena.com.br\/novo\/index.php?rest_route=\/wp\/v2\/posts"}],"about":[{"href":"http:\/\/www.portalmantena.com.br\/novo\/index.php?rest_route=\/wp\/v2\/types\/post"}],"author":[{"embeddable":true,"href":"http:\/\/www.portalmantena.com.br\/novo\/index.php?rest_route=\/wp\/v2\/users\/1"}],"replies":[{"embeddable":true,"href":"http:\/\/www.portalmantena.com.br\/novo\/index.php?rest_route=%2Fwp%2Fv2%2Fcomments&post=66856"}],"version-history":[{"count":1,"href":"http:\/\/www.portalmantena.com.br\/novo\/index.php?rest_route=\/wp\/v2\/posts\/66856\/revisions"}],"predecessor-version":[{"id":66858,"href":"http:\/\/www.portalmantena.com.br\/novo\/index.php?rest_route=\/wp\/v2\/posts\/66856\/revisions\/66858"}],"wp:featuredmedia":[{"embeddable":true,"href":"http:\/\/www.portalmantena.com.br\/novo\/index.php?rest_route=\/wp\/v2\/media\/66857"}],"wp:attachment":[{"href":"http:\/\/www.portalmantena.com.br\/novo\/index.php?rest_route=%2Fwp%2Fv2%2Fmedia&parent=66856"}],"wp:term":[{"taxonomy":"category","embeddable":true,"href":"http:\/\/www.portalmantena.com.br\/novo\/index.php?rest_route=%2Fwp%2Fv2%2Fcategories&post=66856"},{"taxonomy":"post_tag","embeddable":true,"href":"http:\/\/www.portalmantena.com.br\/novo\/index.php?rest_route=%2Fwp%2Fv2%2Ftags&post=66856"}],"curies":[{"name":"wp","href":"https:\/\/api.w.org\/{rel}","templated":true}]}}