{"id":66850,"date":"2021-06-02T10:09:56","date_gmt":"2021-06-02T13:09:56","guid":{"rendered":"http:\/\/www.portalmantena.com.br\/novo\/?p=66850"},"modified":"2021-06-02T10:13:55","modified_gmt":"2021-06-02T13:13:55","slug":"veiculo-fica-de-roda-pra-cima-entre-bsf-e-mantena","status":"publish","type":"post","link":"http:\/\/www.portalmantena.com.br\/novo\/?p=66850","title":{"rendered":"Ve\u00edculo fica de rodas para cima entre BSF e Mantena"},"content":{"rendered":"<p><a href=\"http:\/\/www.portalmantena.com.br\/novo\/wp-content\/uploads\/2021\/06\/no020621aci1.jpg\"><img loading=\"lazy\" class=\"alignnone size-full wp-image-66851\" src=\"http:\/\/www.portalmantena.com.br\/novo\/wp-content\/uploads\/2021\/06\/no020621aci1.jpg\" alt=\"\" width=\"700\" height=\"450\" srcset=\"http:\/\/www.portalmantena.com.br\/novo\/wp-content\/uploads\/2021\/06\/no020621aci1.jpg 700w, http:\/\/www.portalmantena.com.br\/novo\/wp-content\/uploads\/2021\/06\/no020621aci1-300x193.jpg 300w, http:\/\/www.portalmantena.com.br\/novo\/wp-content\/uploads\/2021\/06\/no020621aci1-696x447.jpg 696w, http:\/\/www.portalmantena.com.br\/novo\/wp-content\/uploads\/2021\/06\/no020621aci1-653x420.jpg 653w\" sizes=\"(max-width: 700px) 100vw, 700px\" \/><\/a><\/p>\n<p><span style=\"font-size: 14pt;\">Um acidente de tr\u00e2nsito foi registrado na manh\u00e3 desta quarta-feira dia 02 de Junho, em um trecho da rodovia Levi Teixeira Lima, entre Barra de S\u00e3o Francisco e Mantena, pr\u00f3ximo \u00e0 Pedreira Toledo. <\/span><\/p>\n<p><span style=\"font-size: 14pt;\">Motoristas que passaram pelo local nesta manh\u00e3, flagraram a imagem de um ve\u00edculo de carroceria (pequeno porte), com as quatro rodas pra cima impedindo uma das faixas de tr\u00e2nsito da pista. <\/span><\/p>\n<p><span style=\"font-size: 14pt;\">O ve\u00edculo trazia estampado nas portas a logo da EDP (Escelsa). <\/span><\/p>\n<p><span style=\"font-size: 18pt;\"><strong>O tr\u00e2nsito n\u00e3o chegou a ser bloqueado totalmente neste trecho, no entanto a pol\u00edcia militar foi acionada para comparecer ao local. <\/strong><\/span><\/p>\n<p><span style=\"font-size: 14pt;\">Segundo informa\u00e7\u00f5es os ocupantes do ve\u00edculo n\u00e3o se feriram. (fotos:redesocial\/whatsapp).<\/span><\/p>\n<p><a href=\"http:\/\/www.portalmantena.com.br\/novo\/wp-content\/uploads\/2021\/06\/no020621aci2.jpg\"><img loading=\"lazy\" class=\"alignnone size-full wp-image-66852\" src=\"http:\/\/www.portalmantena.com.br\/novo\/wp-content\/uploads\/2021\/06\/no020621aci2.jpg\" alt=\"\" width=\"700\" height=\"450\" srcset=\"http:\/\/www.portalmantena.com.br\/novo\/wp-content\/uploads\/2021\/06\/no020621aci2.jpg 700w, http:\/\/www.portalmantena.com.br\/novo\/wp-content\/uploads\/2021\/06\/no020621aci2-300x193.jpg 300w, http:\/\/www.portalmantena.com.br\/novo\/wp-content\/uploads\/2021\/06\/no020621aci2-696x447.jpg 696w, http:\/\/www.portalmantena.com.br\/novo\/wp-content\/uploads\/2021\/06\/no020621aci2-653x420.jpg 653w\" sizes=\"(max-width: 700px) 100vw, 700px\" \/><\/a><\/p>\n<p><a href=\"http:\/\/www.portalmantena.com.br\/novo\/\"><img loading=\"lazy\" class=\"alignnone size-full wp-image-37331\" src=\"http:\/\/www.portalmantena.com.br\/novo\/wp-content\/uploads\/2018\/05\/faixaportalnoticias5.jpg\" alt=\"\" width=\"700\" height=\"40\" srcset=\"http:\/\/www.portalmantena.com.br\/novo\/wp-content\/uploads\/2018\/05\/faixaportalnoticias5.jpg 700w, http:\/\/www.portalmantena.com.br\/novo\/wp-content\/uploads\/2018\/05\/faixaportalnoticias5-300x17.jpg 300w, http:\/\/www.portalmantena.com.br\/novo\/wp-content\/uploads\/2018\/05\/faixaportalnoticias5-696x40.jpg 696w\" sizes=\"(max-width: 700px) 100vw, 700px\" \/><\/a><\/p>\n<p><span style=\"font-size: 10pt;\">ESPA\u00c7O EMPRESARIA<\/span><a href=\"https:\/\/www.facebook.com\/realcecosmeticosmantena\"><img loading=\"lazy\" class=\"alignnone size-full wp-image-64138\" src=\"http:\/\/www.portalmantena.com.br\/novo\/wp-content\/uploads\/2018\/05\/realcebanner.jpg\" alt=\"\" width=\"700\" height=\"150\" srcset=\"http:\/\/www.portalmantena.com.br\/novo\/wp-content\/uploads\/2018\/05\/realcebanner.jpg 700w, http:\/\/www.portalmantena.com.br\/novo\/wp-content\/uploads\/2018\/05\/realcebanner-300x64.jpg 300w, http:\/\/www.portalmantena.com.br\/novo\/wp-content\/uploads\/2018\/05\/realcebanner-696x150.jpg 696w\" sizes=\"(max-width: 700px) 100vw, 700px\" \/><\/a><\/p>\n","protected":false},"excerpt":{"rendered":"<p>Um acidente de tr\u00e2nsito foi registrado na manh\u00e3 desta quarta-feira dia 02 de Junho, em um trecho da rodovia Levi Teixeira Lima, entre Barra de S\u00e3o Francisco e Mantena, pr\u00f3ximo \u00e0 Pedreira Toledo. Motoristas que passaram pelo local nesta manh\u00e3, flagraram a imagem de um ve\u00edculo de carroceria (pequeno porte), com as quatro rodas pra [&hellip;]<\/p>\n","protected":false},"author":1,"featured_media":66852,"comment_status":"open","ping_status":"open","sticky":false,"template":"","format":"standard","meta":[],"categories":[12],"tags":[],"_links":{"self":[{"href":"http:\/\/www.portalmantena.com.br\/novo\/index.php?rest_route=\/wp\/v2\/posts\/66850"}],"collection":[{"href":"http:\/\/www.portalmantena.com.br\/novo\/index.php?rest_route=\/wp\/v2\/posts"}],"about":[{"href":"http:\/\/www.portalmantena.com.br\/novo\/index.php?rest_route=\/wp\/v2\/types\/post"}],"author":[{"embeddable":true,"href":"http:\/\/www.portalmantena.com.br\/novo\/index.php?rest_route=\/wp\/v2\/users\/1"}],"replies":[{"embeddable":true,"href":"http:\/\/www.portalmantena.com.br\/novo\/index.php?rest_route=%2Fwp%2Fv2%2Fcomments&post=66850"}],"version-history":[{"count":3,"href":"http:\/\/www.portalmantena.com.br\/novo\/index.php?rest_route=\/wp\/v2\/posts\/66850\/revisions"}],"predecessor-version":[{"id":66855,"href":"http:\/\/www.portalmantena.com.br\/novo\/index.php?rest_route=\/wp\/v2\/posts\/66850\/revisions\/66855"}],"wp:featuredmedia":[{"embeddable":true,"href":"http:\/\/www.portalmantena.com.br\/novo\/index.php?rest_route=\/wp\/v2\/media\/66852"}],"wp:attachment":[{"href":"http:\/\/www.portalmantena.com.br\/novo\/index.php?rest_route=%2Fwp%2Fv2%2Fmedia&parent=66850"}],"wp:term":[{"taxonomy":"category","embeddable":true,"href":"http:\/\/www.portalmantena.com.br\/novo\/index.php?rest_route=%2Fwp%2Fv2%2Fcategories&post=66850"},{"taxonomy":"post_tag","embeddable":true,"href":"http:\/\/www.portalmantena.com.br\/novo\/index.php?rest_route=%2Fwp%2Fv2%2Ftags&post=66850"}],"curies":[{"name":"wp","href":"https:\/\/api.w.org\/{rel}","templated":true}]}}