{"id":66815,"date":"2021-05-31T14:03:53","date_gmt":"2021-05-31T17:03:53","guid":{"rendered":"http:\/\/www.portalmantena.com.br\/novo\/?p=66815"},"modified":"2021-05-31T14:03:53","modified_gmt":"2021-05-31T17:03:53","slug":"covid-mantena-3-101-pessoas-ja-foram-imunizadas","status":"publish","type":"post","link":"http:\/\/www.portalmantena.com.br\/novo\/?p=66815","title":{"rendered":"Covid\/Mantena: 3.101 pessoas j\u00e1 foram imunizadas"},"content":{"rendered":"<p><a href=\"http:\/\/www.portalmantena.com.br\/novo\/wp-content\/uploads\/2021\/05\/no310521vacina.jpg\"><img loading=\"lazy\" class=\"alignnone size-full wp-image-66816\" src=\"http:\/\/www.portalmantena.com.br\/novo\/wp-content\/uploads\/2021\/05\/no310521vacina.jpg\" alt=\"\" width=\"700\" height=\"450\" srcset=\"http:\/\/www.portalmantena.com.br\/novo\/wp-content\/uploads\/2021\/05\/no310521vacina.jpg 700w, http:\/\/www.portalmantena.com.br\/novo\/wp-content\/uploads\/2021\/05\/no310521vacina-300x193.jpg 300w, http:\/\/www.portalmantena.com.br\/novo\/wp-content\/uploads\/2021\/05\/no310521vacina-696x447.jpg 696w, http:\/\/www.portalmantena.com.br\/novo\/wp-content\/uploads\/2021\/05\/no310521vacina-653x420.jpg 653w\" sizes=\"(max-width: 700px) 100vw, 700px\" \/><\/a><\/p>\n<p><span style=\"font-size: 14pt;\">O ritmo da vacina\u00e7\u00e3o em Mantena segue conforme a oferta de vacinas pelo minist\u00e9rio da sa\u00fade, com a redistribui\u00e7\u00e3o feita pelo governo de Minas Gerais. <\/span><\/p>\n<p><span style=\"font-size: 14pt;\">Desde o in\u00edcio da campanha de imuniza\u00e7\u00e3o no Brasil, Mantena j\u00e1 recebeu 10.871 doses, conforme boletim informa\u00e7\u00e3o sobre a vacina\u00e7\u00e3o, divulgado em anexo ao Boletim Epidemiol\u00f3gico. <\/span><\/p>\n<p><span style=\"font-size: 18pt;\"><strong>Destas doses recebidas 21,24% da popula\u00e7\u00e3o j\u00e1 recebeu pelo menos uma dose da vacina, ou seja, cerca de 5.834 pessoas foram vacinadas.<\/strong><\/span><\/p>\n<p><span style=\"font-size: 14pt;\"> J\u00e1 com duas doses, ou seja, imunizados j\u00e1 foram 3.101 pessoas.<\/span><\/p>\n<p><a href=\"http:\/\/www.portalmantena.com.br\/novo\/\"><img loading=\"lazy\" class=\"alignnone size-full wp-image-37331\" src=\"http:\/\/www.portalmantena.com.br\/novo\/wp-content\/uploads\/2018\/05\/faixaportalnoticias5.jpg\" alt=\"\" width=\"700\" height=\"40\" srcset=\"http:\/\/www.portalmantena.com.br\/novo\/wp-content\/uploads\/2018\/05\/faixaportalnoticias5.jpg 700w, http:\/\/www.portalmantena.com.br\/novo\/wp-content\/uploads\/2018\/05\/faixaportalnoticias5-300x17.jpg 300w, http:\/\/www.portalmantena.com.br\/novo\/wp-content\/uploads\/2018\/05\/faixaportalnoticias5-696x40.jpg 696w\" sizes=\"(max-width: 700px) 100vw, 700px\" \/><\/a><\/p>\n<p><span style=\"font-size: 10pt;\">ESPA\u00c7O EMPRESARIAL<\/span><a href=\"http:\/\/www.portalmantena.com.br\/novo\/wp-content\/uploads\/2018\/05\/postoterraboa.jpg\"><img loading=\"lazy\" class=\"alignnone size-full wp-image-29172\" src=\"http:\/\/www.portalmantena.com.br\/novo\/wp-content\/uploads\/2018\/05\/postoterraboa.jpg\" alt=\"\" width=\"700\" height=\"150\" srcset=\"http:\/\/www.portalmantena.com.br\/novo\/wp-content\/uploads\/2018\/05\/postoterraboa.jpg 700w, http:\/\/www.portalmantena.com.br\/novo\/wp-content\/uploads\/2018\/05\/postoterraboa-300x64.jpg 300w, http:\/\/www.portalmantena.com.br\/novo\/wp-content\/uploads\/2018\/05\/postoterraboa-696x150.jpg 696w\" sizes=\"(max-width: 700px) 100vw, 700px\" \/><\/a><\/p>\n","protected":false},"excerpt":{"rendered":"<p>O ritmo da vacina\u00e7\u00e3o em Mantena segue conforme a oferta de vacinas pelo minist\u00e9rio da sa\u00fade, com a redistribui\u00e7\u00e3o feita pelo governo de Minas Gerais. Desde o in\u00edcio da campanha de imuniza\u00e7\u00e3o no Brasil, Mantena j\u00e1 recebeu 10.871 doses, conforme boletim informa\u00e7\u00e3o sobre a vacina\u00e7\u00e3o, divulgado em anexo ao Boletim Epidemiol\u00f3gico. Destas doses recebidas 21,24% [&hellip;]<\/p>\n","protected":false},"author":1,"featured_media":66816,"comment_status":"open","ping_status":"open","sticky":false,"template":"","format":"standard","meta":[],"categories":[11],"tags":[],"_links":{"self":[{"href":"http:\/\/www.portalmantena.com.br\/novo\/index.php?rest_route=\/wp\/v2\/posts\/66815"}],"collection":[{"href":"http:\/\/www.portalmantena.com.br\/novo\/index.php?rest_route=\/wp\/v2\/posts"}],"about":[{"href":"http:\/\/www.portalmantena.com.br\/novo\/index.php?rest_route=\/wp\/v2\/types\/post"}],"author":[{"embeddable":true,"href":"http:\/\/www.portalmantena.com.br\/novo\/index.php?rest_route=\/wp\/v2\/users\/1"}],"replies":[{"embeddable":true,"href":"http:\/\/www.portalmantena.com.br\/novo\/index.php?rest_route=%2Fwp%2Fv2%2Fcomments&post=66815"}],"version-history":[{"count":1,"href":"http:\/\/www.portalmantena.com.br\/novo\/index.php?rest_route=\/wp\/v2\/posts\/66815\/revisions"}],"predecessor-version":[{"id":66817,"href":"http:\/\/www.portalmantena.com.br\/novo\/index.php?rest_route=\/wp\/v2\/posts\/66815\/revisions\/66817"}],"wp:featuredmedia":[{"embeddable":true,"href":"http:\/\/www.portalmantena.com.br\/novo\/index.php?rest_route=\/wp\/v2\/media\/66816"}],"wp:attachment":[{"href":"http:\/\/www.portalmantena.com.br\/novo\/index.php?rest_route=%2Fwp%2Fv2%2Fmedia&parent=66815"}],"wp:term":[{"taxonomy":"category","embeddable":true,"href":"http:\/\/www.portalmantena.com.br\/novo\/index.php?rest_route=%2Fwp%2Fv2%2Fcategories&post=66815"},{"taxonomy":"post_tag","embeddable":true,"href":"http:\/\/www.portalmantena.com.br\/novo\/index.php?rest_route=%2Fwp%2Fv2%2Ftags&post=66815"}],"curies":[{"name":"wp","href":"https:\/\/api.w.org\/{rel}","templated":true}]}}