{"id":66808,"date":"2021-05-31T09:27:05","date_gmt":"2021-05-31T12:27:05","guid":{"rendered":"http:\/\/www.portalmantena.com.br\/novo\/?p=66808"},"modified":"2021-05-31T09:30:30","modified_gmt":"2021-05-31T12:30:30","slug":"covid-casos-ativos-voltam-a-subir-em-mantena","status":"publish","type":"post","link":"http:\/\/www.portalmantena.com.br\/novo\/?p=66808","title":{"rendered":"Covid: Casos ativos voltam a subir em Mantena"},"content":{"rendered":"<p><a href=\"http:\/\/www.portalmantena.com.br\/novo\/wp-content\/uploads\/2021\/05\/no310521covid.jpg\"><img loading=\"lazy\" class=\"alignnone size-full wp-image-66809\" src=\"http:\/\/www.portalmantena.com.br\/novo\/wp-content\/uploads\/2021\/05\/no310521covid.jpg\" alt=\"\" width=\"700\" height=\"450\" srcset=\"http:\/\/www.portalmantena.com.br\/novo\/wp-content\/uploads\/2021\/05\/no310521covid.jpg 700w, http:\/\/www.portalmantena.com.br\/novo\/wp-content\/uploads\/2021\/05\/no310521covid-300x193.jpg 300w, http:\/\/www.portalmantena.com.br\/novo\/wp-content\/uploads\/2021\/05\/no310521covid-696x447.jpg 696w, http:\/\/www.portalmantena.com.br\/novo\/wp-content\/uploads\/2021\/05\/no310521covid-653x420.jpg 653w\" sizes=\"(max-width: 700px) 100vw, 700px\" \/><\/a><\/p>\n<p><span style=\"font-size: 14pt;\">O boletim epidemiol\u00f3gico sobre o covid 19 no munic\u00edpio de Mantena atualizado na \u00faltima sexta-feira dia 28 de maio, apresentam uma eleva\u00e7\u00e3o no n\u00famero de casos ativos da doen\u00e7a, registrando nesta data 41 casos. <\/span><\/p>\n<p><span style=\"font-size: 18pt;\"><strong>O boletim apresenta tamb\u00e9m uma tend\u00eancia na eleva\u00e7\u00e3o dos casos suspeitos em investiga\u00e7\u00e3o, chegando \u00e0 casa dos 103 casos. <\/strong><\/span><\/p>\n<p><span style=\"font-size: 14pt;\">Do total de casos ativos, 36 pessoas est\u00e3o em isolamento domiciliar, 04 pacientes internados em UTI e 01 paciente internado em ala de hospital.<\/span><\/p>\n<p><span style=\"font-size: 14pt;\"> Nesta data Mantena tem registrado 2.925 casos sendo que deste total 2,796 pessoas j\u00e1 se curaram da doen\u00e7a. Infelizmente desde o in\u00edcio da Pandemia foram registrados 88 \u00f3bitos.<\/span><\/p>\n<p><a href=\"http:\/\/www.portalmantena.com.br\/novo\/\"><img loading=\"lazy\" class=\"alignnone size-full wp-image-37331\" src=\"http:\/\/www.portalmantena.com.br\/novo\/wp-content\/uploads\/2018\/05\/faixaportalnoticias5.jpg\" alt=\"\" width=\"700\" height=\"40\" srcset=\"http:\/\/www.portalmantena.com.br\/novo\/wp-content\/uploads\/2018\/05\/faixaportalnoticias5.jpg 700w, http:\/\/www.portalmantena.com.br\/novo\/wp-content\/uploads\/2018\/05\/faixaportalnoticias5-300x17.jpg 300w, http:\/\/www.portalmantena.com.br\/novo\/wp-content\/uploads\/2018\/05\/faixaportalnoticias5-696x40.jpg 696w\" sizes=\"(max-width: 700px) 100vw, 700px\" \/><\/a><\/p>\n<p><span style=\"font-size: 10pt;\">ESPA\u00c7O EMPRESARIAL<\/span><a href=\"http:\/\/www.portalmantena.com.br\/novo\/?p=53568\"><img loading=\"lazy\" class=\"alignnone size-full wp-image-54066\" src=\"http:\/\/www.portalmantena.com.br\/novo\/wp-content\/uploads\/2018\/05\/valenteapp.jpg\" alt=\"\" width=\"700\" height=\"150\" srcset=\"http:\/\/www.portalmantena.com.br\/novo\/wp-content\/uploads\/2018\/05\/valenteapp.jpg 700w, http:\/\/www.portalmantena.com.br\/novo\/wp-content\/uploads\/2018\/05\/valenteapp-300x64.jpg 300w, http:\/\/www.portalmantena.com.br\/novo\/wp-content\/uploads\/2018\/05\/valenteapp-696x150.jpg 696w\" sizes=\"(max-width: 700px) 100vw, 700px\" \/><\/a><\/p>\n<p>&nbsp;<\/p>\n","protected":false},"excerpt":{"rendered":"<p>O boletim epidemiol\u00f3gico sobre o covid 19 no munic\u00edpio de Mantena atualizado na \u00faltima sexta-feira dia 28 de maio, apresentam uma eleva\u00e7\u00e3o no n\u00famero de casos ativos da doen\u00e7a, registrando nesta data 41 casos. O boletim apresenta tamb\u00e9m uma tend\u00eancia na eleva\u00e7\u00e3o dos casos suspeitos em investiga\u00e7\u00e3o, chegando \u00e0 casa dos 103 casos. Do total [&hellip;]<\/p>\n","protected":false},"author":1,"featured_media":66809,"comment_status":"open","ping_status":"open","sticky":false,"template":"","format":"standard","meta":[],"categories":[12],"tags":[],"_links":{"self":[{"href":"http:\/\/www.portalmantena.com.br\/novo\/index.php?rest_route=\/wp\/v2\/posts\/66808"}],"collection":[{"href":"http:\/\/www.portalmantena.com.br\/novo\/index.php?rest_route=\/wp\/v2\/posts"}],"about":[{"href":"http:\/\/www.portalmantena.com.br\/novo\/index.php?rest_route=\/wp\/v2\/types\/post"}],"author":[{"embeddable":true,"href":"http:\/\/www.portalmantena.com.br\/novo\/index.php?rest_route=\/wp\/v2\/users\/1"}],"replies":[{"embeddable":true,"href":"http:\/\/www.portalmantena.com.br\/novo\/index.php?rest_route=%2Fwp%2Fv2%2Fcomments&post=66808"}],"version-history":[{"count":2,"href":"http:\/\/www.portalmantena.com.br\/novo\/index.php?rest_route=\/wp\/v2\/posts\/66808\/revisions"}],"predecessor-version":[{"id":66818,"href":"http:\/\/www.portalmantena.com.br\/novo\/index.php?rest_route=\/wp\/v2\/posts\/66808\/revisions\/66818"}],"wp:featuredmedia":[{"embeddable":true,"href":"http:\/\/www.portalmantena.com.br\/novo\/index.php?rest_route=\/wp\/v2\/media\/66809"}],"wp:attachment":[{"href":"http:\/\/www.portalmantena.com.br\/novo\/index.php?rest_route=%2Fwp%2Fv2%2Fmedia&parent=66808"}],"wp:term":[{"taxonomy":"category","embeddable":true,"href":"http:\/\/www.portalmantena.com.br\/novo\/index.php?rest_route=%2Fwp%2Fv2%2Fcategories&post=66808"},{"taxonomy":"post_tag","embeddable":true,"href":"http:\/\/www.portalmantena.com.br\/novo\/index.php?rest_route=%2Fwp%2Fv2%2Ftags&post=66808"}],"curies":[{"name":"wp","href":"https:\/\/api.w.org\/{rel}","templated":true}]}}