{"id":66789,"date":"2021-05-27T09:57:56","date_gmt":"2021-05-27T12:57:56","guid":{"rendered":"http:\/\/www.portalmantena.com.br\/novo\/?p=66789"},"modified":"2021-05-27T09:57:56","modified_gmt":"2021-05-27T12:57:56","slug":"covid-mantena-casos-suspeitos-sobem-e-nova-morte-e-registrada","status":"publish","type":"post","link":"http:\/\/www.portalmantena.com.br\/novo\/?p=66789","title":{"rendered":"Covid\/Mantena: Casos suspeitos sobem e nova morte \u00e9 registrada"},"content":{"rendered":"<p><a href=\"http:\/\/www.portalmantena.com.br\/novo\/wp-content\/uploads\/2021\/05\/no270521covid.jpg\"><img loading=\"lazy\" class=\"alignnone size-full wp-image-66790\" src=\"http:\/\/www.portalmantena.com.br\/novo\/wp-content\/uploads\/2021\/05\/no270521covid.jpg\" alt=\"\" width=\"700\" height=\"450\" srcset=\"http:\/\/www.portalmantena.com.br\/novo\/wp-content\/uploads\/2021\/05\/no270521covid.jpg 700w, http:\/\/www.portalmantena.com.br\/novo\/wp-content\/uploads\/2021\/05\/no270521covid-300x193.jpg 300w, http:\/\/www.portalmantena.com.br\/novo\/wp-content\/uploads\/2021\/05\/no270521covid-696x447.jpg 696w, http:\/\/www.portalmantena.com.br\/novo\/wp-content\/uploads\/2021\/05\/no270521covid-653x420.jpg 653w\" sizes=\"(max-width: 700px) 100vw, 700px\" \/><\/a><\/p>\n<p><span style=\"font-size: 14pt;\">Mais um boletim epidemiol\u00f3gico sobre o covid 19 no munic\u00edpio de Mantena foi divulgado na tarde desta quarta-feira dia 26 de maio. <\/span><\/p>\n<p><span style=\"font-size: 14pt;\">Desta vez a atualiza\u00e7\u00e3o tr\u00e1s a informa\u00e7\u00e3o de que o n\u00famero de casos suspeitos em investiga\u00e7\u00e3o voltaram a subir, totalizando nesta data 99 casos, ou seja, 18 casos a mais nas \u00faltimas 24 horas. <\/span><\/p>\n<p><span style=\"font-size: 18pt;\"><strong>J\u00e1 o n\u00famero de casos confirmados se estabilizou, foram apenas 3 registrados de ontem para hoje.<\/strong><\/span><\/p>\n<p><span style=\"font-size: 14pt;\"> Os casos ativos da doen\u00e7a nesta data totalizam 30, sendo que deste total 24 pessoas seguem em isolamento domiciliar, 2 pacientes est\u00e3o internados em ala de hospital e 4 internados em UTI. <\/span><\/p>\n<p><span style=\"font-size: 14pt;\">Infelizmente o n\u00famero de \u00f3bitos subiu, chegando a 88 mortes desde o in\u00edcio da Pandemia.<\/span><\/p>\n<p><a href=\"http:\/\/www.portalmantena.com.br\/novo\/\"><img loading=\"lazy\" class=\"alignnone size-full wp-image-37331\" src=\"http:\/\/www.portalmantena.com.br\/novo\/wp-content\/uploads\/2018\/05\/faixaportalnoticias5.jpg\" alt=\"\" width=\"700\" height=\"40\" srcset=\"http:\/\/www.portalmantena.com.br\/novo\/wp-content\/uploads\/2018\/05\/faixaportalnoticias5.jpg 700w, http:\/\/www.portalmantena.com.br\/novo\/wp-content\/uploads\/2018\/05\/faixaportalnoticias5-300x17.jpg 300w, http:\/\/www.portalmantena.com.br\/novo\/wp-content\/uploads\/2018\/05\/faixaportalnoticias5-696x40.jpg 696w\" sizes=\"(max-width: 700px) 100vw, 700px\" \/><\/a><\/p>\n<p><span style=\"font-size: 10pt;\">ESPA\u00c7O EMPRESARIAL<\/span><a href=\"http:\/\/www.portalmantena.com.br\/novo\/?p=53568\"><img loading=\"lazy\" class=\"alignnone size-full wp-image-54066\" src=\"http:\/\/www.portalmantena.com.br\/novo\/wp-content\/uploads\/2018\/05\/valenteapp.jpg\" alt=\"\" width=\"700\" height=\"150\" srcset=\"http:\/\/www.portalmantena.com.br\/novo\/wp-content\/uploads\/2018\/05\/valenteapp.jpg 700w, http:\/\/www.portalmantena.com.br\/novo\/wp-content\/uploads\/2018\/05\/valenteapp-300x64.jpg 300w, http:\/\/www.portalmantena.com.br\/novo\/wp-content\/uploads\/2018\/05\/valenteapp-696x150.jpg 696w\" sizes=\"(max-width: 700px) 100vw, 700px\" \/><\/a><\/p>\n","protected":false},"excerpt":{"rendered":"<p>Mais um boletim epidemiol\u00f3gico sobre o covid 19 no munic\u00edpio de Mantena foi divulgado na tarde desta quarta-feira dia 26 de maio. Desta vez a atualiza\u00e7\u00e3o tr\u00e1s a informa\u00e7\u00e3o de que o n\u00famero de casos suspeitos em investiga\u00e7\u00e3o voltaram a subir, totalizando nesta data 99 casos, ou seja, 18 casos a mais nas \u00faltimas 24 [&hellip;]<\/p>\n","protected":false},"author":1,"featured_media":66790,"comment_status":"open","ping_status":"open","sticky":false,"template":"","format":"standard","meta":[],"categories":[11],"tags":[],"_links":{"self":[{"href":"http:\/\/www.portalmantena.com.br\/novo\/index.php?rest_route=\/wp\/v2\/posts\/66789"}],"collection":[{"href":"http:\/\/www.portalmantena.com.br\/novo\/index.php?rest_route=\/wp\/v2\/posts"}],"about":[{"href":"http:\/\/www.portalmantena.com.br\/novo\/index.php?rest_route=\/wp\/v2\/types\/post"}],"author":[{"embeddable":true,"href":"http:\/\/www.portalmantena.com.br\/novo\/index.php?rest_route=\/wp\/v2\/users\/1"}],"replies":[{"embeddable":true,"href":"http:\/\/www.portalmantena.com.br\/novo\/index.php?rest_route=%2Fwp%2Fv2%2Fcomments&post=66789"}],"version-history":[{"count":1,"href":"http:\/\/www.portalmantena.com.br\/novo\/index.php?rest_route=\/wp\/v2\/posts\/66789\/revisions"}],"predecessor-version":[{"id":66791,"href":"http:\/\/www.portalmantena.com.br\/novo\/index.php?rest_route=\/wp\/v2\/posts\/66789\/revisions\/66791"}],"wp:featuredmedia":[{"embeddable":true,"href":"http:\/\/www.portalmantena.com.br\/novo\/index.php?rest_route=\/wp\/v2\/media\/66790"}],"wp:attachment":[{"href":"http:\/\/www.portalmantena.com.br\/novo\/index.php?rest_route=%2Fwp%2Fv2%2Fmedia&parent=66789"}],"wp:term":[{"taxonomy":"category","embeddable":true,"href":"http:\/\/www.portalmantena.com.br\/novo\/index.php?rest_route=%2Fwp%2Fv2%2Fcategories&post=66789"},{"taxonomy":"post_tag","embeddable":true,"href":"http:\/\/www.portalmantena.com.br\/novo\/index.php?rest_route=%2Fwp%2Fv2%2Ftags&post=66789"}],"curies":[{"name":"wp","href":"https:\/\/api.w.org\/{rel}","templated":true}]}}