{"id":66785,"date":"2021-05-27T09:38:44","date_gmt":"2021-05-27T12:38:44","guid":{"rendered":"http:\/\/www.portalmantena.com.br\/novo\/?p=66785"},"modified":"2021-05-27T09:40:12","modified_gmt":"2021-05-27T12:40:12","slug":"luto-mantena-morre-o-pr-custodio-roque-duarte","status":"publish","type":"post","link":"http:\/\/www.portalmantena.com.br\/novo\/?p=66785","title":{"rendered":"Luto Mantena: Morre o Pr. Cust\u00f3dio Roque Duarte"},"content":{"rendered":"<p><a href=\"http:\/\/www.portalmantena.com.br\/novo\/wp-content\/uploads\/2021\/05\/no270521custodio.jpg\"><img loading=\"lazy\" class=\"alignnone size-full wp-image-66786\" src=\"http:\/\/www.portalmantena.com.br\/novo\/wp-content\/uploads\/2021\/05\/no270521custodio.jpg\" alt=\"\" width=\"700\" height=\"450\" srcset=\"http:\/\/www.portalmantena.com.br\/novo\/wp-content\/uploads\/2021\/05\/no270521custodio.jpg 700w, http:\/\/www.portalmantena.com.br\/novo\/wp-content\/uploads\/2021\/05\/no270521custodio-300x193.jpg 300w, http:\/\/www.portalmantena.com.br\/novo\/wp-content\/uploads\/2021\/05\/no270521custodio-696x447.jpg 696w, http:\/\/www.portalmantena.com.br\/novo\/wp-content\/uploads\/2021\/05\/no270521custodio-653x420.jpg 653w\" sizes=\"(max-width: 700px) 100vw, 700px\" \/><\/a><\/p>\n<p><span style=\"font-size: 14pt;\">Faleceu nesta quarta-feira dia 26 de Maio em Mantena, o ilustre mantenense Pastor Cust\u00f3dio Roque Duarte, um dos pioneiros das Assembleia de Deus de nossa regi\u00e3o. <\/span><\/p>\n<p><span style=\"font-size: 14pt;\">No auge dos seus 102 anos vividos inteiramente para obra Deus, gastando sua vida pela prega\u00e7\u00e3o do Evangelho. <\/span><\/p>\n<p><span style=\"font-size: 14pt;\">Um exemplo a ser seguido um arauto de sua gera\u00e7\u00e3o, um nome que com certeza vai ficar na hist\u00f3ria desta e de outras gera\u00e7\u00f5es. <\/span><\/p>\n<p><span style=\"font-size: 14pt;\">Que o Esp\u00edrito consolador, conforte a fam\u00edlia e a Igreja, sabendo que em muito pouco tempo nos encontraremos na gl\u00f3ria eterna! <\/span><\/p>\n<p><span style=\"font-size: 14pt;\">O corpo do Pr. Cust\u00f3dio est\u00e1 sendo velado no Templo Sede da Assembl\u00e9ia de Deus de Mantena. <\/span><\/p>\n<p><span style=\"font-size: 18pt;\"><strong>Um culto F\u00fanebre ser\u00e1 realizado \u00e0s 15 horas desta quinta-feira dia 27 de maio, e em seguida acontecer\u00e1 o sepultamento. <\/strong><\/span><\/p>\n<p><span style=\"font-size: 14pt;\">&#8220;Filho meu, guarde os meus mandamentos no teu cora\u00e7\u00e3o, pois eles aumentar\u00e3o os teus dias e te acrescentar\u00e3o anos de vida e paz&#8221; \u00a0Prov\u00e9rbios 3;01 e 02.<\/span><\/p>\n<p><span style=\"font-size: 14pt;\"><strong>ACESSE\u00a0<a href=\"http:\/\/www.portalmantena.com.br\/novo\/?p=65270\">AQUI<\/a> O OBITU\u00c1RIO 2021<\/strong><\/span><\/p>\n<p><a href=\"http:\/\/www.portalmantena.com.br\/novo\/\"><img loading=\"lazy\" class=\"alignnone size-full wp-image-37331\" src=\"http:\/\/www.portalmantena.com.br\/novo\/wp-content\/uploads\/2018\/05\/faixaportalnoticias5.jpg\" alt=\"\" width=\"700\" height=\"40\" srcset=\"http:\/\/www.portalmantena.com.br\/novo\/wp-content\/uploads\/2018\/05\/faixaportalnoticias5.jpg 700w, http:\/\/www.portalmantena.com.br\/novo\/wp-content\/uploads\/2018\/05\/faixaportalnoticias5-300x17.jpg 300w, http:\/\/www.portalmantena.com.br\/novo\/wp-content\/uploads\/2018\/05\/faixaportalnoticias5-696x40.jpg 696w\" sizes=\"(max-width: 700px) 100vw, 700px\" \/><\/a><\/p>\n","protected":false},"excerpt":{"rendered":"<p>Faleceu nesta quarta-feira dia 26 de Maio em Mantena, o ilustre mantenense Pastor Cust\u00f3dio Roque Duarte, um dos pioneiros das Assembleia de Deus de nossa regi\u00e3o. No auge dos seus 102 anos vividos inteiramente para obra Deus, gastando sua vida pela prega\u00e7\u00e3o do Evangelho. Um exemplo a ser seguido um arauto de sua gera\u00e7\u00e3o, um [&hellip;]<\/p>\n","protected":false},"author":1,"featured_media":66786,"comment_status":"open","ping_status":"open","sticky":false,"template":"","format":"standard","meta":[],"categories":[12],"tags":[],"_links":{"self":[{"href":"http:\/\/www.portalmantena.com.br\/novo\/index.php?rest_route=\/wp\/v2\/posts\/66785"}],"collection":[{"href":"http:\/\/www.portalmantena.com.br\/novo\/index.php?rest_route=\/wp\/v2\/posts"}],"about":[{"href":"http:\/\/www.portalmantena.com.br\/novo\/index.php?rest_route=\/wp\/v2\/types\/post"}],"author":[{"embeddable":true,"href":"http:\/\/www.portalmantena.com.br\/novo\/index.php?rest_route=\/wp\/v2\/users\/1"}],"replies":[{"embeddable":true,"href":"http:\/\/www.portalmantena.com.br\/novo\/index.php?rest_route=%2Fwp%2Fv2%2Fcomments&post=66785"}],"version-history":[{"count":1,"href":"http:\/\/www.portalmantena.com.br\/novo\/index.php?rest_route=\/wp\/v2\/posts\/66785\/revisions"}],"predecessor-version":[{"id":66787,"href":"http:\/\/www.portalmantena.com.br\/novo\/index.php?rest_route=\/wp\/v2\/posts\/66785\/revisions\/66787"}],"wp:featuredmedia":[{"embeddable":true,"href":"http:\/\/www.portalmantena.com.br\/novo\/index.php?rest_route=\/wp\/v2\/media\/66786"}],"wp:attachment":[{"href":"http:\/\/www.portalmantena.com.br\/novo\/index.php?rest_route=%2Fwp%2Fv2%2Fmedia&parent=66785"}],"wp:term":[{"taxonomy":"category","embeddable":true,"href":"http:\/\/www.portalmantena.com.br\/novo\/index.php?rest_route=%2Fwp%2Fv2%2Fcategories&post=66785"},{"taxonomy":"post_tag","embeddable":true,"href":"http:\/\/www.portalmantena.com.br\/novo\/index.php?rest_route=%2Fwp%2Fv2%2Ftags&post=66785"}],"curies":[{"name":"wp","href":"https:\/\/api.w.org\/{rel}","templated":true}]}}