{"id":66780,"date":"2021-05-26T10:09:03","date_gmt":"2021-05-26T13:09:03","guid":{"rendered":"http:\/\/www.portalmantena.com.br\/novo\/?p=66780"},"modified":"2021-05-26T10:09:03","modified_gmt":"2021-05-26T13:09:03","slug":"regiao-suspeito-e-abordado-e-drogas-encontradas","status":"publish","type":"post","link":"http:\/\/www.portalmantena.com.br\/novo\/?p=66780","title":{"rendered":"Regi\u00e3o: Suspeito \u00e9 abordado e drogas encontradas"},"content":{"rendered":"<p><a href=\"http:\/\/www.portalmantena.com.br\/novo\/wp-content\/uploads\/2021\/05\/no260521drogas.jpg\"><img loading=\"lazy\" class=\"alignnone size-full wp-image-66781\" src=\"http:\/\/www.portalmantena.com.br\/novo\/wp-content\/uploads\/2021\/05\/no260521drogas.jpg\" alt=\"\" width=\"700\" height=\"450\" srcset=\"http:\/\/www.portalmantena.com.br\/novo\/wp-content\/uploads\/2021\/05\/no260521drogas.jpg 700w, http:\/\/www.portalmantena.com.br\/novo\/wp-content\/uploads\/2021\/05\/no260521drogas-300x193.jpg 300w, http:\/\/www.portalmantena.com.br\/novo\/wp-content\/uploads\/2021\/05\/no260521drogas-696x447.jpg 696w, http:\/\/www.portalmantena.com.br\/novo\/wp-content\/uploads\/2021\/05\/no260521drogas-653x420.jpg 653w\" sizes=\"(max-width: 700px) 100vw, 700px\" \/><\/a><\/p>\n<p><span style=\"font-size: 14pt;\">Um homem foi preso por suspeita de envolvimento com o tr\u00e1fico de drogas na \u00faltima sexta-feira dia 21 de maio na cidade de Galil\u00e9ia.<\/span><\/p>\n<p><span style=\"font-size: 14pt;\"> Segundo informa\u00e7\u00f5es, a Pol\u00edcia Militar realizava uma opera\u00e7\u00e3o depois de receber den\u00fancias da exist\u00eancia de duas bocas de fumo, na rua Floresta.<\/span><\/p>\n<p><span style=\"font-size: 14pt;\"> E quando passavam pela rua Berilo, avistaram um suspeito, j\u00e1 conhecido no meio policial por envolvimento com o tr\u00e1fico de drogas naquela localidade. <\/span><\/p>\n<p><span style=\"font-size: 14pt;\">Os militares abordaram o suspeito, que tentou fugir, mas foi alcan\u00e7ado e detido. <\/span><\/p>\n<p><span style=\"font-size: 18pt;\"><strong>Ap\u00f3s averigua\u00e7\u00f5es por onde ele havia passado, acabaram por encontrar 02 buchas de maconha, e outras 02 pedras de crack. <\/strong><\/span><\/p>\n<p><span style=\"font-size: 14pt;\">Os militares questionaram o suspeito sobre as drogas, e segundo a Pol\u00edcia ele acabou por admitir ser dono das drogas, dizendo ser usu\u00e1rio.<\/span><\/p>\n<p><span style=\"font-size: 14pt;\"> Segundo a Pol\u00edcia o rapaz e o irm\u00e3o dele s\u00e3o suspeitos de estarem envolvidos com o tr\u00e1fico de drogas na cidade, inclusive trazendo drogas de Governador Valadares. Ele foi preso e juntamente com as drogas, encaminhado para Delegacia de Pol\u00edcia. (fonte\/foto:noticiasnoleste).<\/span><\/p>\n<p><a href=\"http:\/\/www.portalmantena.com.br\/novo\/\"><img loading=\"lazy\" class=\"alignnone size-full wp-image-37331\" src=\"http:\/\/www.portalmantena.com.br\/novo\/wp-content\/uploads\/2018\/05\/faixaportalnoticias5.jpg\" alt=\"\" width=\"700\" height=\"40\" srcset=\"http:\/\/www.portalmantena.com.br\/novo\/wp-content\/uploads\/2018\/05\/faixaportalnoticias5.jpg 700w, http:\/\/www.portalmantena.com.br\/novo\/wp-content\/uploads\/2018\/05\/faixaportalnoticias5-300x17.jpg 300w, http:\/\/www.portalmantena.com.br\/novo\/wp-content\/uploads\/2018\/05\/faixaportalnoticias5-696x40.jpg 696w\" sizes=\"(max-width: 700px) 100vw, 700px\" \/><\/a><\/p>\n<p><span style=\"font-size: 10pt;\">ESPA\u00c7O EMPRESARIAL<\/span><a href=\"https:\/\/www.facebook.com\/redecasasdastintas\/?__xts__[0]=68.ARBvBkEV-xf0LmeoVmLkmSNYi2fkJzyH_VdImjnJBqA-OJQ8WAGhfxFzuODZeXT97StHLCU2lui2hNiBS9juZZIIH59sSIfo9vM1711g7hmVObiniGMIKpCnGYGx_YmAkGj8o0shglKSje-m1cISUC5fXmbbIDZHgBn9rbll8J1_u-sWBptuc70mqMQ5dXSVaEbLcv7md0y1MndLTPX1QVF6vv_p8UwvHEYJiMzOeJ27-SNULvH_Ia_jzPUIPLemEjFfBOB1GDY2bKOl-hHJ82NDCthVWvRTDkLv5Ac-BJxkK8AMjv3yPHiiz_fTfCghxAzXR4kngL0HN5fNO2PSBWMM9g&amp;__tn__=HHH-R\"><img loading=\"lazy\" class=\"alignnone size-full wp-image-45727\" src=\"http:\/\/www.portalmantena.com.br\/novo\/wp-content\/uploads\/2018\/05\/casatintas120419.jpg\" alt=\"\" width=\"700\" height=\"150\" srcset=\"http:\/\/www.portalmantena.com.br\/novo\/wp-content\/uploads\/2018\/05\/casatintas120419.jpg 700w, http:\/\/www.portalmantena.com.br\/novo\/wp-content\/uploads\/2018\/05\/casatintas120419-300x64.jpg 300w, http:\/\/www.portalmantena.com.br\/novo\/wp-content\/uploads\/2018\/05\/casatintas120419-696x150.jpg 696w\" sizes=\"(max-width: 700px) 100vw, 700px\" \/><\/a><\/p>\n","protected":false},"excerpt":{"rendered":"<p>Um homem foi preso por suspeita de envolvimento com o tr\u00e1fico de drogas na \u00faltima sexta-feira dia 21 de maio na cidade de Galil\u00e9ia. Segundo informa\u00e7\u00f5es, a Pol\u00edcia Militar realizava uma opera\u00e7\u00e3o depois de receber den\u00fancias da exist\u00eancia de duas bocas de fumo, na rua Floresta. E quando passavam pela rua Berilo, avistaram um suspeito, [&hellip;]<\/p>\n","protected":false},"author":1,"featured_media":66781,"comment_status":"open","ping_status":"open","sticky":false,"template":"","format":"standard","meta":[],"categories":[11,34],"tags":[],"_links":{"self":[{"href":"http:\/\/www.portalmantena.com.br\/novo\/index.php?rest_route=\/wp\/v2\/posts\/66780"}],"collection":[{"href":"http:\/\/www.portalmantena.com.br\/novo\/index.php?rest_route=\/wp\/v2\/posts"}],"about":[{"href":"http:\/\/www.portalmantena.com.br\/novo\/index.php?rest_route=\/wp\/v2\/types\/post"}],"author":[{"embeddable":true,"href":"http:\/\/www.portalmantena.com.br\/novo\/index.php?rest_route=\/wp\/v2\/users\/1"}],"replies":[{"embeddable":true,"href":"http:\/\/www.portalmantena.com.br\/novo\/index.php?rest_route=%2Fwp%2Fv2%2Fcomments&post=66780"}],"version-history":[{"count":1,"href":"http:\/\/www.portalmantena.com.br\/novo\/index.php?rest_route=\/wp\/v2\/posts\/66780\/revisions"}],"predecessor-version":[{"id":66782,"href":"http:\/\/www.portalmantena.com.br\/novo\/index.php?rest_route=\/wp\/v2\/posts\/66780\/revisions\/66782"}],"wp:featuredmedia":[{"embeddable":true,"href":"http:\/\/www.portalmantena.com.br\/novo\/index.php?rest_route=\/wp\/v2\/media\/66781"}],"wp:attachment":[{"href":"http:\/\/www.portalmantena.com.br\/novo\/index.php?rest_route=%2Fwp%2Fv2%2Fmedia&parent=66780"}],"wp:term":[{"taxonomy":"category","embeddable":true,"href":"http:\/\/www.portalmantena.com.br\/novo\/index.php?rest_route=%2Fwp%2Fv2%2Fcategories&post=66780"},{"taxonomy":"post_tag","embeddable":true,"href":"http:\/\/www.portalmantena.com.br\/novo\/index.php?rest_route=%2Fwp%2Fv2%2Ftags&post=66780"}],"curies":[{"name":"wp","href":"https:\/\/api.w.org\/{rel}","templated":true}]}}