{"id":66777,"date":"2021-05-26T09:56:29","date_gmt":"2021-05-26T12:56:29","guid":{"rendered":"http:\/\/www.portalmantena.com.br\/novo\/?p=66777"},"modified":"2021-05-26T10:01:59","modified_gmt":"2021-05-26T13:01:59","slug":"covid-mantena-10-novos-casos-confirmados-em-24-hs","status":"publish","type":"post","link":"http:\/\/www.portalmantena.com.br\/novo\/?p=66777","title":{"rendered":"Covid\/Mantena: 10 novos casos confirmados em 24 hs"},"content":{"rendered":"<p><a href=\"http:\/\/www.portalmantena.com.br\/novo\/wp-content\/uploads\/2021\/05\/no260521covid.jpg\"><img loading=\"lazy\" class=\"alignnone size-full wp-image-66778\" src=\"http:\/\/www.portalmantena.com.br\/novo\/wp-content\/uploads\/2021\/05\/no260521covid.jpg\" alt=\"\" width=\"700\" height=\"450\" srcset=\"http:\/\/www.portalmantena.com.br\/novo\/wp-content\/uploads\/2021\/05\/no260521covid.jpg 700w, http:\/\/www.portalmantena.com.br\/novo\/wp-content\/uploads\/2021\/05\/no260521covid-300x193.jpg 300w, http:\/\/www.portalmantena.com.br\/novo\/wp-content\/uploads\/2021\/05\/no260521covid-696x447.jpg 696w, http:\/\/www.portalmantena.com.br\/novo\/wp-content\/uploads\/2021\/05\/no260521covid-653x420.jpg 653w\" sizes=\"(max-width: 700px) 100vw, 700px\" \/><\/a><\/p>\n<p><span style=\"font-size: 14pt;\">O Boletim Epidemiol\u00f3gico sobre o covid 19 no munic\u00edpio de Mantena, atualizado na tarde desta ter\u00e7a-feira dia 25 de maio, apresenta um significativo aumento no n\u00famero de casos da doen\u00e7a nas \u00faltimas 24 horas. <\/span><\/p>\n<p><span style=\"font-size: 14pt;\">De acordo com os registros, os casos suspeitos em investiga\u00e7\u00e3o passaram de 60 para 81 casos, um aumento que tamb\u00e9m foi percebido no n\u00famero de casos confirmados da doen\u00e7a que em 24 horas tiveram 10 novos casos. <\/span><\/p>\n<p><span style=\"font-size: 14pt;\">J\u00e1 os casos ativos totalizam nesta data 30, sendo que deste total 23 pessoas est\u00e3o em isolamento domiciliar, 06 pacientes internados em UTI e 01 paciente internado em ala de hospital. <\/span><\/p>\n<p><span style=\"font-size: 18pt;\"><strong>O n\u00famero de \u00f3bitos desde o in\u00edcio da Pandemia totaliza 87. <\/strong><\/span><\/p>\n<p><span style=\"font-size: 14pt;\">O pedido \u00e9 que a popula\u00e7\u00e3o siga cumprindo as formas de preven\u00e7\u00e3o, evitando aglomera\u00e7\u00f5es, usar sempre m\u00e1scara e lavar sempre as m\u00e3os, e ainda utilizar o \u00e1lcool em gel.<\/span><\/p>\n<p><a href=\"http:\/\/www.portalmantena.com.br\/novo\/\"><img loading=\"lazy\" class=\"alignnone size-full wp-image-37331\" src=\"http:\/\/www.portalmantena.com.br\/novo\/wp-content\/uploads\/2018\/05\/faixaportalnoticias5.jpg\" alt=\"\" width=\"700\" height=\"40\" srcset=\"http:\/\/www.portalmantena.com.br\/novo\/wp-content\/uploads\/2018\/05\/faixaportalnoticias5.jpg 700w, http:\/\/www.portalmantena.com.br\/novo\/wp-content\/uploads\/2018\/05\/faixaportalnoticias5-300x17.jpg 300w, http:\/\/www.portalmantena.com.br\/novo\/wp-content\/uploads\/2018\/05\/faixaportalnoticias5-696x40.jpg 696w\" sizes=\"(max-width: 700px) 100vw, 700px\" \/><\/a><\/p>\n<p><span style=\"font-size: 10pt;\">ESPA\u00c7O EMPRESARIAL<\/span><a href=\"http:\/\/www.temposolar.com.br\/\"><img loading=\"lazy\" class=\"alignnone size-full wp-image-44084\" src=\"http:\/\/www.portalmantena.com.br\/novo\/wp-content\/uploads\/2018\/05\/temposolarbb.jpg\" alt=\"\" width=\"700\" height=\"150\" srcset=\"http:\/\/www.portalmantena.com.br\/novo\/wp-content\/uploads\/2018\/05\/temposolarbb.jpg 700w, http:\/\/www.portalmantena.com.br\/novo\/wp-content\/uploads\/2018\/05\/temposolarbb-300x64.jpg 300w, http:\/\/www.portalmantena.com.br\/novo\/wp-content\/uploads\/2018\/05\/temposolarbb-696x150.jpg 696w\" sizes=\"(max-width: 700px) 100vw, 700px\" \/><\/a><\/p>\n","protected":false},"excerpt":{"rendered":"<p>O Boletim Epidemiol\u00f3gico sobre o covid 19 no munic\u00edpio de Mantena, atualizado na tarde desta ter\u00e7a-feira dia 25 de maio, apresenta um significativo aumento no n\u00famero de casos da doen\u00e7a nas \u00faltimas 24 horas. De acordo com os registros, os casos suspeitos em investiga\u00e7\u00e3o passaram de 60 para 81 casos, um aumento que tamb\u00e9m foi [&hellip;]<\/p>\n","protected":false},"author":1,"featured_media":66778,"comment_status":"open","ping_status":"open","sticky":false,"template":"","format":"standard","meta":[],"categories":[12],"tags":[],"_links":{"self":[{"href":"http:\/\/www.portalmantena.com.br\/novo\/index.php?rest_route=\/wp\/v2\/posts\/66777"}],"collection":[{"href":"http:\/\/www.portalmantena.com.br\/novo\/index.php?rest_route=\/wp\/v2\/posts"}],"about":[{"href":"http:\/\/www.portalmantena.com.br\/novo\/index.php?rest_route=\/wp\/v2\/types\/post"}],"author":[{"embeddable":true,"href":"http:\/\/www.portalmantena.com.br\/novo\/index.php?rest_route=\/wp\/v2\/users\/1"}],"replies":[{"embeddable":true,"href":"http:\/\/www.portalmantena.com.br\/novo\/index.php?rest_route=%2Fwp%2Fv2%2Fcomments&post=66777"}],"version-history":[{"count":1,"href":"http:\/\/www.portalmantena.com.br\/novo\/index.php?rest_route=\/wp\/v2\/posts\/66777\/revisions"}],"predecessor-version":[{"id":66779,"href":"http:\/\/www.portalmantena.com.br\/novo\/index.php?rest_route=\/wp\/v2\/posts\/66777\/revisions\/66779"}],"wp:featuredmedia":[{"embeddable":true,"href":"http:\/\/www.portalmantena.com.br\/novo\/index.php?rest_route=\/wp\/v2\/media\/66778"}],"wp:attachment":[{"href":"http:\/\/www.portalmantena.com.br\/novo\/index.php?rest_route=%2Fwp%2Fv2%2Fmedia&parent=66777"}],"wp:term":[{"taxonomy":"category","embeddable":true,"href":"http:\/\/www.portalmantena.com.br\/novo\/index.php?rest_route=%2Fwp%2Fv2%2Fcategories&post=66777"},{"taxonomy":"post_tag","embeddable":true,"href":"http:\/\/www.portalmantena.com.br\/novo\/index.php?rest_route=%2Fwp%2Fv2%2Ftags&post=66777"}],"curies":[{"name":"wp","href":"https:\/\/api.w.org\/{rel}","templated":true}]}}