{"id":66773,"date":"2021-05-25T13:58:03","date_gmt":"2021-05-25T16:58:03","guid":{"rendered":"http:\/\/www.portalmantena.com.br\/novo\/?p=66773"},"modified":"2021-05-25T13:58:03","modified_gmt":"2021-05-25T16:58:03","slug":"regiao-homem-e-preso-com-diversas-armas-de-fogo","status":"publish","type":"post","link":"http:\/\/www.portalmantena.com.br\/novo\/?p=66773","title":{"rendered":"Regi\u00e3o: Homem \u00e9 preso com diversas armas de fogo"},"content":{"rendered":"<p><a href=\"http:\/\/www.portalmantena.com.br\/novo\/wp-content\/uploads\/2021\/05\/no250521armas.jpg\"><img loading=\"lazy\" class=\"alignnone size-full wp-image-66774\" src=\"http:\/\/www.portalmantena.com.br\/novo\/wp-content\/uploads\/2021\/05\/no250521armas.jpg\" alt=\"\" width=\"700\" height=\"450\" srcset=\"http:\/\/www.portalmantena.com.br\/novo\/wp-content\/uploads\/2021\/05\/no250521armas.jpg 700w, http:\/\/www.portalmantena.com.br\/novo\/wp-content\/uploads\/2021\/05\/no250521armas-300x193.jpg 300w, http:\/\/www.portalmantena.com.br\/novo\/wp-content\/uploads\/2021\/05\/no250521armas-696x447.jpg 696w, http:\/\/www.portalmantena.com.br\/novo\/wp-content\/uploads\/2021\/05\/no250521armas-653x420.jpg 653w\" sizes=\"(max-width: 700px) 100vw, 700px\" \/><\/a><\/p>\n<p><span style=\"font-size: 14pt;\">Um homem de 54 anos foi preso na\u00a0noite desta segunda-feira dia 24 de maio na Vila de Penha do Norte, distrito a 15km de Conselheiro Pena, por suspeita de posse ilegal de armas de fogo. <\/span><\/p>\n<p><span style=\"font-size: 14pt;\">A Pol\u00edcia Militar realizava uma batida policial na rua Jatir R. Nacari (naquela vila), quando receberam informa\u00e7\u00f5es dando conta de que uma pessoa possu\u00eda em sua casa diversas armas de fogo. <\/span><\/p>\n<p><span style=\"font-size: 14pt;\">Com as informa\u00e7\u00f5es recebidas os militares foram at\u00e9 a casa indicada e l\u00e1 cientificando o denunciado o motivo dos militares estarem ali, o morador confirmou que possui uma espingarda cartucheira, cal 32. <\/span><\/p>\n<p><span style=\"font-size: 14pt;\">Os militares encontraram na casa em cima do guarda roupas uma espingarda cartucheira cal. 32, um \u201cgarruch\u00e3o\u201d calibre .32 e diversos cartuchos nos calibres .36, .32 e diversos materiais para recarga e fabrica\u00e7\u00e3o de muni\u00e7\u00f5es, tamb\u00e9m uma espingarda semi autom\u00e1tica com um carregador cal. 22. J\u00e1 em meio a vegeta\u00e7\u00e3o pr\u00f3ximo \u00e0 casa, foi encontrado uma espingarda de fabrica\u00e7\u00e3o artesanal. <\/span><\/p>\n<p><span style=\"font-size: 14pt;\">O homem foi preso e conduzido a delegacia de Pol\u00edcia Civil, com as armas, muni\u00e7\u00f5es e apetrechos apreendidos. (fonte\/foto:noticiasnoleste).<\/span><\/p>\n<p><a href=\"http:\/\/www.portalmantena.com.br\/novo\/\"><img loading=\"lazy\" class=\"alignnone size-full wp-image-37331\" src=\"http:\/\/www.portalmantena.com.br\/novo\/wp-content\/uploads\/2018\/05\/faixaportalnoticias5.jpg\" alt=\"\" width=\"700\" height=\"40\" srcset=\"http:\/\/www.portalmantena.com.br\/novo\/wp-content\/uploads\/2018\/05\/faixaportalnoticias5.jpg 700w, http:\/\/www.portalmantena.com.br\/novo\/wp-content\/uploads\/2018\/05\/faixaportalnoticias5-300x17.jpg 300w, http:\/\/www.portalmantena.com.br\/novo\/wp-content\/uploads\/2018\/05\/faixaportalnoticias5-696x40.jpg 696w\" sizes=\"(max-width: 700px) 100vw, 700px\" \/><\/a><\/p>\n<p><span style=\"font-size: 10pt;\">ESPA\u00c7O EMPRESARIAL<\/span><a href=\"http:\/\/www.portalmantena.com.br\/novo\/wp-content\/uploads\/2018\/05\/higiclean.jpg\"><img loading=\"lazy\" class=\"alignnone size-full wp-image-66110\" src=\"http:\/\/www.portalmantena.com.br\/novo\/wp-content\/uploads\/2018\/05\/higiclean.jpg\" alt=\"\" width=\"700\" height=\"150\" srcset=\"http:\/\/www.portalmantena.com.br\/novo\/wp-content\/uploads\/2018\/05\/higiclean.jpg 700w, http:\/\/www.portalmantena.com.br\/novo\/wp-content\/uploads\/2018\/05\/higiclean-300x64.jpg 300w, http:\/\/www.portalmantena.com.br\/novo\/wp-content\/uploads\/2018\/05\/higiclean-696x150.jpg 696w\" sizes=\"(max-width: 700px) 100vw, 700px\" \/><\/a><\/p>\n","protected":false},"excerpt":{"rendered":"<p>Um homem de 54 anos foi preso na\u00a0noite desta segunda-feira dia 24 de maio na Vila de Penha do Norte, distrito a 15km de Conselheiro Pena, por suspeita de posse ilegal de armas de fogo. A Pol\u00edcia Militar realizava uma batida policial na rua Jatir R. Nacari (naquela vila), quando receberam informa\u00e7\u00f5es dando conta de [&hellip;]<\/p>\n","protected":false},"author":1,"featured_media":66774,"comment_status":"open","ping_status":"open","sticky":false,"template":"","format":"standard","meta":[],"categories":[11,34],"tags":[],"_links":{"self":[{"href":"http:\/\/www.portalmantena.com.br\/novo\/index.php?rest_route=\/wp\/v2\/posts\/66773"}],"collection":[{"href":"http:\/\/www.portalmantena.com.br\/novo\/index.php?rest_route=\/wp\/v2\/posts"}],"about":[{"href":"http:\/\/www.portalmantena.com.br\/novo\/index.php?rest_route=\/wp\/v2\/types\/post"}],"author":[{"embeddable":true,"href":"http:\/\/www.portalmantena.com.br\/novo\/index.php?rest_route=\/wp\/v2\/users\/1"}],"replies":[{"embeddable":true,"href":"http:\/\/www.portalmantena.com.br\/novo\/index.php?rest_route=%2Fwp%2Fv2%2Fcomments&post=66773"}],"version-history":[{"count":1,"href":"http:\/\/www.portalmantena.com.br\/novo\/index.php?rest_route=\/wp\/v2\/posts\/66773\/revisions"}],"predecessor-version":[{"id":66775,"href":"http:\/\/www.portalmantena.com.br\/novo\/index.php?rest_route=\/wp\/v2\/posts\/66773\/revisions\/66775"}],"wp:featuredmedia":[{"embeddable":true,"href":"http:\/\/www.portalmantena.com.br\/novo\/index.php?rest_route=\/wp\/v2\/media\/66774"}],"wp:attachment":[{"href":"http:\/\/www.portalmantena.com.br\/novo\/index.php?rest_route=%2Fwp%2Fv2%2Fmedia&parent=66773"}],"wp:term":[{"taxonomy":"category","embeddable":true,"href":"http:\/\/www.portalmantena.com.br\/novo\/index.php?rest_route=%2Fwp%2Fv2%2Fcategories&post=66773"},{"taxonomy":"post_tag","embeddable":true,"href":"http:\/\/www.portalmantena.com.br\/novo\/index.php?rest_route=%2Fwp%2Fv2%2Ftags&post=66773"}],"curies":[{"name":"wp","href":"https:\/\/api.w.org\/{rel}","templated":true}]}}