{"id":66770,"date":"2021-05-25T13:46:31","date_gmt":"2021-05-25T16:46:31","guid":{"rendered":"http:\/\/www.portalmantena.com.br\/novo\/?p=66770"},"modified":"2021-05-25T13:46:31","modified_gmt":"2021-05-25T16:46:31","slug":"covid-mantena-60-casos-suspeitos-e-mais-33-ativos","status":"publish","type":"post","link":"http:\/\/www.portalmantena.com.br\/novo\/?p=66770","title":{"rendered":"Covid\/Mantena: 60 casos suspeitos e mais 33 ativos"},"content":{"rendered":"<p><a href=\"http:\/\/www.portalmantena.com.br\/novo\/wp-content\/uploads\/2021\/05\/no250521covid.jpg\"><img loading=\"lazy\" class=\"alignnone size-full wp-image-66771\" src=\"http:\/\/www.portalmantena.com.br\/novo\/wp-content\/uploads\/2021\/05\/no250521covid.jpg\" alt=\"\" width=\"700\" height=\"450\" srcset=\"http:\/\/www.portalmantena.com.br\/novo\/wp-content\/uploads\/2021\/05\/no250521covid.jpg 700w, http:\/\/www.portalmantena.com.br\/novo\/wp-content\/uploads\/2021\/05\/no250521covid-300x193.jpg 300w, http:\/\/www.portalmantena.com.br\/novo\/wp-content\/uploads\/2021\/05\/no250521covid-696x447.jpg 696w, http:\/\/www.portalmantena.com.br\/novo\/wp-content\/uploads\/2021\/05\/no250521covid-653x420.jpg 653w\" sizes=\"(max-width: 700px) 100vw, 700px\" \/><\/a><\/p>\n<p><span style=\"font-size: 14pt;\">O Boletim Epidemiol\u00f3gico sobre o covid 19 no munic\u00edpio de Mantena divulgado na tarde desta segunda-feira dia 24 de maio, tr\u00e1s a informa\u00e7\u00e3o de 33 casos ativos da doen\u00e7a no munic\u00edpio. <\/span><\/p>\n<p><span style=\"font-size: 14pt;\">Deste total, 26 pessoas est\u00e3o em isolamento domiciliar, 3 pacientes internados em Ala de hospital e 04 pacientes internados em UTI. <\/span><\/p>\n<p><span style=\"font-size: 14pt;\">J\u00e1 os casos confirmados da doen\u00e7a nesta data totalizam 2.896 casos sendo que deste total 2.776 pessoas se curaram da doen\u00e7a. <\/span><\/p>\n<p><span style=\"font-size: 18pt;\"><strong>Existe tamb\u00e9m nesta data 60 casos suspeitos em investiga\u00e7\u00e3o.<\/strong><\/span><\/p>\n<p><span style=\"font-size: 14pt;\"> Lamentavelmente, desde o in\u00edcio da Pandemia Mantena registra 87 \u00f3bitos.<\/span><\/p>\n<p><a href=\"http:\/\/www.portalmantena.com.br\/novo\/\"><img loading=\"lazy\" class=\"alignnone size-full wp-image-37331\" src=\"http:\/\/www.portalmantena.com.br\/novo\/wp-content\/uploads\/2018\/05\/faixaportalnoticias5.jpg\" alt=\"\" width=\"700\" height=\"40\" srcset=\"http:\/\/www.portalmantena.com.br\/novo\/wp-content\/uploads\/2018\/05\/faixaportalnoticias5.jpg 700w, http:\/\/www.portalmantena.com.br\/novo\/wp-content\/uploads\/2018\/05\/faixaportalnoticias5-300x17.jpg 300w, http:\/\/www.portalmantena.com.br\/novo\/wp-content\/uploads\/2018\/05\/faixaportalnoticias5-696x40.jpg 696w\" sizes=\"(max-width: 700px) 100vw, 700px\" \/><\/a><\/p>\n<p><span style=\"font-size: 10pt;\">ESPA\u00c7O EMPRESARIAL<\/span><a href=\"http:\/\/www.portalmantena.com.br\/novo\/wp-content\/uploads\/2018\/05\/postoterraboa.jpg\"><img loading=\"lazy\" class=\"alignnone size-full wp-image-29172\" src=\"http:\/\/www.portalmantena.com.br\/novo\/wp-content\/uploads\/2018\/05\/postoterraboa.jpg\" alt=\"\" width=\"700\" height=\"150\" srcset=\"http:\/\/www.portalmantena.com.br\/novo\/wp-content\/uploads\/2018\/05\/postoterraboa.jpg 700w, http:\/\/www.portalmantena.com.br\/novo\/wp-content\/uploads\/2018\/05\/postoterraboa-300x64.jpg 300w, http:\/\/www.portalmantena.com.br\/novo\/wp-content\/uploads\/2018\/05\/postoterraboa-696x150.jpg 696w\" sizes=\"(max-width: 700px) 100vw, 700px\" \/><\/a><\/p>\n","protected":false},"excerpt":{"rendered":"<p>O Boletim Epidemiol\u00f3gico sobre o covid 19 no munic\u00edpio de Mantena divulgado na tarde desta segunda-feira dia 24 de maio, tr\u00e1s a informa\u00e7\u00e3o de 33 casos ativos da doen\u00e7a no munic\u00edpio. Deste total, 26 pessoas est\u00e3o em isolamento domiciliar, 3 pacientes internados em Ala de hospital e 04 pacientes internados em UTI. J\u00e1 os casos [&hellip;]<\/p>\n","protected":false},"author":1,"featured_media":66771,"comment_status":"open","ping_status":"open","sticky":false,"template":"","format":"standard","meta":[],"categories":[11],"tags":[],"_links":{"self":[{"href":"http:\/\/www.portalmantena.com.br\/novo\/index.php?rest_route=\/wp\/v2\/posts\/66770"}],"collection":[{"href":"http:\/\/www.portalmantena.com.br\/novo\/index.php?rest_route=\/wp\/v2\/posts"}],"about":[{"href":"http:\/\/www.portalmantena.com.br\/novo\/index.php?rest_route=\/wp\/v2\/types\/post"}],"author":[{"embeddable":true,"href":"http:\/\/www.portalmantena.com.br\/novo\/index.php?rest_route=\/wp\/v2\/users\/1"}],"replies":[{"embeddable":true,"href":"http:\/\/www.portalmantena.com.br\/novo\/index.php?rest_route=%2Fwp%2Fv2%2Fcomments&post=66770"}],"version-history":[{"count":1,"href":"http:\/\/www.portalmantena.com.br\/novo\/index.php?rest_route=\/wp\/v2\/posts\/66770\/revisions"}],"predecessor-version":[{"id":66772,"href":"http:\/\/www.portalmantena.com.br\/novo\/index.php?rest_route=\/wp\/v2\/posts\/66770\/revisions\/66772"}],"wp:featuredmedia":[{"embeddable":true,"href":"http:\/\/www.portalmantena.com.br\/novo\/index.php?rest_route=\/wp\/v2\/media\/66771"}],"wp:attachment":[{"href":"http:\/\/www.portalmantena.com.br\/novo\/index.php?rest_route=%2Fwp%2Fv2%2Fmedia&parent=66770"}],"wp:term":[{"taxonomy":"category","embeddable":true,"href":"http:\/\/www.portalmantena.com.br\/novo\/index.php?rest_route=%2Fwp%2Fv2%2Fcategories&post=66770"},{"taxonomy":"post_tag","embeddable":true,"href":"http:\/\/www.portalmantena.com.br\/novo\/index.php?rest_route=%2Fwp%2Fv2%2Ftags&post=66770"}],"curies":[{"name":"wp","href":"https:\/\/api.w.org\/{rel}","templated":true}]}}