{"id":66752,"date":"2021-05-24T16:07:24","date_gmt":"2021-05-24T19:07:24","guid":{"rendered":"http:\/\/www.portalmantena.com.br\/novo\/?p=66752"},"modified":"2021-05-24T16:07:24","modified_gmt":"2021-05-24T19:07:24","slug":"faleceu-o-mantenense-ausente-wagner-maria-de-souza","status":"publish","type":"post","link":"http:\/\/www.portalmantena.com.br\/novo\/?p=66752","title":{"rendered":"Faleceu o mantenense ausente Wagner Maria de Souza"},"content":{"rendered":"<p><a href=\"http:\/\/www.portalmantena.com.br\/novo\/wp-content\/uploads\/2021\/05\/no240521wagner.jpg\"><img loading=\"lazy\" class=\"alignnone size-full wp-image-66753\" src=\"http:\/\/www.portalmantena.com.br\/novo\/wp-content\/uploads\/2021\/05\/no240521wagner.jpg\" alt=\"\" width=\"700\" height=\"450\" srcset=\"http:\/\/www.portalmantena.com.br\/novo\/wp-content\/uploads\/2021\/05\/no240521wagner.jpg 700w, http:\/\/www.portalmantena.com.br\/novo\/wp-content\/uploads\/2021\/05\/no240521wagner-300x193.jpg 300w, http:\/\/www.portalmantena.com.br\/novo\/wp-content\/uploads\/2021\/05\/no240521wagner-696x447.jpg 696w, http:\/\/www.portalmantena.com.br\/novo\/wp-content\/uploads\/2021\/05\/no240521wagner-653x420.jpg 653w\" sizes=\"(max-width: 700px) 100vw, 700px\" \/><\/a><\/p>\n<p><span style=\"font-size: 14pt;\">Faleceu na madrugada do \u00faltimo s\u00e1bado dia 22 de maio, aos 56 anos, o mantenense ausente Wagner Maria de Souza, ele que \u00e9 filho do saudoso mantenense Sr. Cici Maria (ex vereador em Mantena). <\/span><\/p>\n<p><span style=\"font-size: 14pt;\">Wagner estava em tratamento de sa\u00fade, e aguardava um transplante de f\u00edgado. <\/span><\/p>\n<p><span style=\"font-size: 14pt;\">Seu corpo foi velado no Santa Clara, na cidade de Sete Lagoas\/MG, onde Wagner morava com sua fam\u00edlia. <\/span><\/p>\n<p><span style=\"font-size: 14pt;\">Sempre muito alegre e atencioso com todos, Wagner trabalhou muitos anos de sua vida na rede banc\u00e1ria, em Mantena come\u00e7ou sua jornada no antigo BEMGE (Banco do Estado de Minas Gerais), hoje ITA\u00da. <\/span><\/p>\n<p><span style=\"font-size: 14pt;\">Wagner deixa esposa e duas filhas. <\/span><\/p>\n<p><span style=\"font-size: 14pt;\">Fica aqui os nossos sentimentos \u00e0 fam\u00edlia enlutada neste momento de dor e separa\u00e7\u00e3o. Pedimos ao nosso Deus que conforte os cora\u00e7\u00f5es neste momento dif\u00edcil.<\/span><\/p>\n<p><span style=\"font-size: 14pt;\"><strong>ACESSE\u00a0<a href=\"http:\/\/www.portalmantena.com.br\/novo\/?p=65270\">AQUI<\/a> O OBITU\u00c1RIO 2021<\/strong><\/span><\/p>\n<p><a href=\"http:\/\/www.portalmantena.com.br\/novo\/\"><img loading=\"lazy\" class=\"alignnone size-full wp-image-37331\" src=\"http:\/\/www.portalmantena.com.br\/novo\/wp-content\/uploads\/2018\/05\/faixaportalnoticias5.jpg\" alt=\"\" width=\"700\" height=\"40\" srcset=\"http:\/\/www.portalmantena.com.br\/novo\/wp-content\/uploads\/2018\/05\/faixaportalnoticias5.jpg 700w, http:\/\/www.portalmantena.com.br\/novo\/wp-content\/uploads\/2018\/05\/faixaportalnoticias5-300x17.jpg 300w, http:\/\/www.portalmantena.com.br\/novo\/wp-content\/uploads\/2018\/05\/faixaportalnoticias5-696x40.jpg 696w\" sizes=\"(max-width: 700px) 100vw, 700px\" \/><\/a><\/p>\n","protected":false},"excerpt":{"rendered":"<p>Faleceu na madrugada do \u00faltimo s\u00e1bado dia 22 de maio, aos 56 anos, o mantenense ausente Wagner Maria de Souza, ele que \u00e9 filho do saudoso mantenense Sr. Cici Maria (ex vereador em Mantena). Wagner estava em tratamento de sa\u00fade, e aguardava um transplante de f\u00edgado. Seu corpo foi velado no Santa Clara, na cidade [&hellip;]<\/p>\n","protected":false},"author":1,"featured_media":66753,"comment_status":"open","ping_status":"open","sticky":false,"template":"","format":"standard","meta":[],"categories":[11],"tags":[],"_links":{"self":[{"href":"http:\/\/www.portalmantena.com.br\/novo\/index.php?rest_route=\/wp\/v2\/posts\/66752"}],"collection":[{"href":"http:\/\/www.portalmantena.com.br\/novo\/index.php?rest_route=\/wp\/v2\/posts"}],"about":[{"href":"http:\/\/www.portalmantena.com.br\/novo\/index.php?rest_route=\/wp\/v2\/types\/post"}],"author":[{"embeddable":true,"href":"http:\/\/www.portalmantena.com.br\/novo\/index.php?rest_route=\/wp\/v2\/users\/1"}],"replies":[{"embeddable":true,"href":"http:\/\/www.portalmantena.com.br\/novo\/index.php?rest_route=%2Fwp%2Fv2%2Fcomments&post=66752"}],"version-history":[{"count":1,"href":"http:\/\/www.portalmantena.com.br\/novo\/index.php?rest_route=\/wp\/v2\/posts\/66752\/revisions"}],"predecessor-version":[{"id":66754,"href":"http:\/\/www.portalmantena.com.br\/novo\/index.php?rest_route=\/wp\/v2\/posts\/66752\/revisions\/66754"}],"wp:featuredmedia":[{"embeddable":true,"href":"http:\/\/www.portalmantena.com.br\/novo\/index.php?rest_route=\/wp\/v2\/media\/66753"}],"wp:attachment":[{"href":"http:\/\/www.portalmantena.com.br\/novo\/index.php?rest_route=%2Fwp%2Fv2%2Fmedia&parent=66752"}],"wp:term":[{"taxonomy":"category","embeddable":true,"href":"http:\/\/www.portalmantena.com.br\/novo\/index.php?rest_route=%2Fwp%2Fv2%2Fcategories&post=66752"},{"taxonomy":"post_tag","embeddable":true,"href":"http:\/\/www.portalmantena.com.br\/novo\/index.php?rest_route=%2Fwp%2Fv2%2Ftags&post=66752"}],"curies":[{"name":"wp","href":"https:\/\/api.w.org\/{rel}","templated":true}]}}