{"id":66738,"date":"2021-05-19T14:20:57","date_gmt":"2021-05-19T17:20:57","guid":{"rendered":"http:\/\/www.portalmantena.com.br\/novo\/?p=66738"},"modified":"2021-05-19T14:27:54","modified_gmt":"2021-05-19T17:27:54","slug":"covid-mantena-02-casos-em-24-hs-numeros-estabilizados","status":"publish","type":"post","link":"http:\/\/www.portalmantena.com.br\/novo\/?p=66738","title":{"rendered":"Covid\/Mantena: 02 casos em 24 hs, um dos menores \u00edndices"},"content":{"rendered":"<p><a href=\"http:\/\/www.portalmantena.com.br\/novo\/wp-content\/uploads\/2021\/05\/no190521covid.jpg\"><img loading=\"lazy\" class=\"alignnone size-full wp-image-66739\" src=\"http:\/\/www.portalmantena.com.br\/novo\/wp-content\/uploads\/2021\/05\/no190521covid.jpg\" alt=\"\" width=\"700\" height=\"450\" srcset=\"http:\/\/www.portalmantena.com.br\/novo\/wp-content\/uploads\/2021\/05\/no190521covid.jpg 700w, http:\/\/www.portalmantena.com.br\/novo\/wp-content\/uploads\/2021\/05\/no190521covid-300x193.jpg 300w, http:\/\/www.portalmantena.com.br\/novo\/wp-content\/uploads\/2021\/05\/no190521covid-696x447.jpg 696w, http:\/\/www.portalmantena.com.br\/novo\/wp-content\/uploads\/2021\/05\/no190521covid-653x420.jpg 653w\" sizes=\"(max-width: 700px) 100vw, 700px\" \/><\/a><\/p>\n<p><span style=\"font-size: 14pt;\">O boletim sobre o Covid 19 no munic\u00edpio de Mantena divulgado na tarde desta ter\u00e7a-feira dia 18 de maio, em compara\u00e7\u00e3o ao divulgado na segunda-feira dia 17, mostra um quadro de estabilidade no n\u00famero de casos da doen\u00e7a no munic\u00edpio. <\/span><\/p>\n<p><span style=\"font-size: 14pt;\">Neste boletim chegamos ao registro de 7.000 casos notificados, sendo que deste total Mantena registrou desde o in\u00edcio da Pandemia 2.864 casos confirmados e deste total 2.749 pessoas j\u00e1 se curaram da doen\u00e7a.<\/span><\/p>\n<p><span style=\"font-size: 14pt;\"> A boa not\u00edcia \u00e9 que os casos suspeitos em investiga\u00e7\u00e3o est\u00e3o estabilizados, e nesta data totalizam 57 casos de pessoas em isolamento domiciliar. <\/span><\/p>\n<p><span style=\"font-size: 18pt;\"><strong>Outra boa not\u00edcia \u00e9 que nas \u00faltimas 24 horas foram registrados apenas 2 novos casos da doen\u00e7a, um dos menores \u00edndices em um dia. <\/strong><\/span><\/p>\n<p><span style=\"font-size: 14pt;\">J\u00e1 os casos ativos est\u00e3o estabilizados em 28 casos, sendo que deste total 25 pessoas est\u00e3o em isolamento domiciliar e 03 internados em UTI, felizmente ningu\u00e9m internado em ala de hospital, outro dado importante.<\/span><\/p>\n<p><span style=\"font-size: 14pt;\"> J\u00e1 o n\u00famero de \u00f3bitos registrados totalizam nesta data 88 \u00f3bitos, sendo que 87 foram confirmados e 01 \u00f3bito segue sob investiga\u00e7\u00e3o.<\/span><\/p>\n<p><a href=\"http:\/\/www.portalmantena.com.br\/novo\/\"><img loading=\"lazy\" class=\"alignnone size-full wp-image-37331\" src=\"http:\/\/www.portalmantena.com.br\/novo\/wp-content\/uploads\/2018\/05\/faixaportalnoticias5.jpg\" alt=\"\" width=\"700\" height=\"40\" srcset=\"http:\/\/www.portalmantena.com.br\/novo\/wp-content\/uploads\/2018\/05\/faixaportalnoticias5.jpg 700w, http:\/\/www.portalmantena.com.br\/novo\/wp-content\/uploads\/2018\/05\/faixaportalnoticias5-300x17.jpg 300w, http:\/\/www.portalmantena.com.br\/novo\/wp-content\/uploads\/2018\/05\/faixaportalnoticias5-696x40.jpg 696w\" sizes=\"(max-width: 700px) 100vw, 700px\" \/><\/a><\/p>\n<p><span style=\"font-size: 10pt;\">ESPA\u00c7O EMPRESARIAL<\/span><a href=\"https:\/\/www.facebook.com\/redecasasdastintas\/?__xts__[0]=68.ARBvBkEV-xf0LmeoVmLkmSNYi2fkJzyH_VdImjnJBqA-OJQ8WAGhfxFzuODZeXT97StHLCU2lui2hNiBS9juZZIIH59sSIfo9vM1711g7hmVObiniGMIKpCnGYGx_YmAkGj8o0shglKSje-m1cISUC5fXmbbIDZHgBn9rbll8J1_u-sWBptuc70mqMQ5dXSVaEbLcv7md0y1MndLTPX1QVF6vv_p8UwvHEYJiMzOeJ27-SNULvH_Ia_jzPUIPLemEjFfBOB1GDY2bKOl-hHJ82NDCthVWvRTDkLv5Ac-BJxkK8AMjv3yPHiiz_fTfCghxAzXR4kngL0HN5fNO2PSBWMM9g&amp;__tn__=HHH-R\"><img loading=\"lazy\" class=\"alignnone size-full wp-image-45727\" src=\"http:\/\/www.portalmantena.com.br\/novo\/wp-content\/uploads\/2018\/05\/casatintas120419.jpg\" alt=\"\" width=\"700\" height=\"150\" srcset=\"http:\/\/www.portalmantena.com.br\/novo\/wp-content\/uploads\/2018\/05\/casatintas120419.jpg 700w, http:\/\/www.portalmantena.com.br\/novo\/wp-content\/uploads\/2018\/05\/casatintas120419-300x64.jpg 300w, http:\/\/www.portalmantena.com.br\/novo\/wp-content\/uploads\/2018\/05\/casatintas120419-696x150.jpg 696w\" sizes=\"(max-width: 700px) 100vw, 700px\" \/><\/a><\/p>\n","protected":false},"excerpt":{"rendered":"<p>O boletim sobre o Covid 19 no munic\u00edpio de Mantena divulgado na tarde desta ter\u00e7a-feira dia 18 de maio, em compara\u00e7\u00e3o ao divulgado na segunda-feira dia 17, mostra um quadro de estabilidade no n\u00famero de casos da doen\u00e7a no munic\u00edpio. Neste boletim chegamos ao registro de 7.000 casos notificados, sendo que deste total Mantena registrou [&hellip;]<\/p>\n","protected":false},"author":1,"featured_media":66739,"comment_status":"open","ping_status":"open","sticky":false,"template":"","format":"standard","meta":[],"categories":[11],"tags":[],"_links":{"self":[{"href":"http:\/\/www.portalmantena.com.br\/novo\/index.php?rest_route=\/wp\/v2\/posts\/66738"}],"collection":[{"href":"http:\/\/www.portalmantena.com.br\/novo\/index.php?rest_route=\/wp\/v2\/posts"}],"about":[{"href":"http:\/\/www.portalmantena.com.br\/novo\/index.php?rest_route=\/wp\/v2\/types\/post"}],"author":[{"embeddable":true,"href":"http:\/\/www.portalmantena.com.br\/novo\/index.php?rest_route=\/wp\/v2\/users\/1"}],"replies":[{"embeddable":true,"href":"http:\/\/www.portalmantena.com.br\/novo\/index.php?rest_route=%2Fwp%2Fv2%2Fcomments&post=66738"}],"version-history":[{"count":3,"href":"http:\/\/www.portalmantena.com.br\/novo\/index.php?rest_route=\/wp\/v2\/posts\/66738\/revisions"}],"predecessor-version":[{"id":66742,"href":"http:\/\/www.portalmantena.com.br\/novo\/index.php?rest_route=\/wp\/v2\/posts\/66738\/revisions\/66742"}],"wp:featuredmedia":[{"embeddable":true,"href":"http:\/\/www.portalmantena.com.br\/novo\/index.php?rest_route=\/wp\/v2\/media\/66739"}],"wp:attachment":[{"href":"http:\/\/www.portalmantena.com.br\/novo\/index.php?rest_route=%2Fwp%2Fv2%2Fmedia&parent=66738"}],"wp:term":[{"taxonomy":"category","embeddable":true,"href":"http:\/\/www.portalmantena.com.br\/novo\/index.php?rest_route=%2Fwp%2Fv2%2Fcategories&post=66738"},{"taxonomy":"post_tag","embeddable":true,"href":"http:\/\/www.portalmantena.com.br\/novo\/index.php?rest_route=%2Fwp%2Fv2%2Ftags&post=66738"}],"curies":[{"name":"wp","href":"https:\/\/api.w.org\/{rel}","templated":true}]}}