{"id":66726,"date":"2021-05-19T08:58:40","date_gmt":"2021-05-19T11:58:40","guid":{"rendered":"http:\/\/www.portalmantena.com.br\/novo\/?p=66726"},"modified":"2021-05-19T09:25:42","modified_gmt":"2021-05-19T12:25:42","slug":"mantena-pm-recupera-carro-e-joia-roubada-autor-e-preso","status":"publish","type":"post","link":"http:\/\/www.portalmantena.com.br\/novo\/?p=66726","title":{"rendered":"Mantena: PM recupera carro e joia roubados, autor \u00e9 preso"},"content":{"rendered":"<p><a href=\"http:\/\/www.portalmantena.com.br\/novo\/wp-content\/uploads\/2021\/05\/no190521pm.jpg\"><img loading=\"lazy\" class=\"alignnone size-full wp-image-66727\" src=\"http:\/\/www.portalmantena.com.br\/novo\/wp-content\/uploads\/2021\/05\/no190521pm.jpg\" alt=\"\" width=\"700\" height=\"450\" srcset=\"http:\/\/www.portalmantena.com.br\/novo\/wp-content\/uploads\/2021\/05\/no190521pm.jpg 700w, http:\/\/www.portalmantena.com.br\/novo\/wp-content\/uploads\/2021\/05\/no190521pm-300x193.jpg 300w, http:\/\/www.portalmantena.com.br\/novo\/wp-content\/uploads\/2021\/05\/no190521pm-696x447.jpg 696w, http:\/\/www.portalmantena.com.br\/novo\/wp-content\/uploads\/2021\/05\/no190521pm-653x420.jpg 653w\" sizes=\"(max-width: 700px) 100vw, 700px\" \/><\/a><\/p>\n<p><span style=\"font-size: 14pt;\">Durante patrulhamento pelo centro de Mantena nesta ter\u00e7a-feira dia 18 de Maio, a guarni\u00e7\u00e3o de R\u00e1dio Patrulhamento foi abordada pela solicitante, que informou ter sido v\u00edtima de roubo.<\/span><\/p>\n<p><span style=\"font-size: 14pt;\"> Segundo a v\u00edtima, por volta das 9h20\u2019 saiu de sua loja e ao adentrar em seu ve\u00edculo um homem desconhecido adentrou no carro mandando a v\u00edtima acionar a igni\u00e7\u00e3o e seguir em dire\u00e7\u00e3o a esta\u00e7\u00e3o rodovi\u00e1ria. <\/span><\/p>\n<p><span style=\"font-size: 14pt;\">O autor determinou que a v\u00edtima deslocasse para entrada de Cachoeirinha. <\/span><\/p>\n<p><span style=\"font-size: 14pt;\">Ap\u00f3s deslocar cerca de 3km, o autor mandou que a v\u00edtima parasse o ve\u00edculo e entregassem todos os pertences de valor, caso a v\u00edtima acionasse a pol\u00edcia uma outra pessoa mataria a v\u00edtima. Logo ap\u00f3s, o autor mandou que a v\u00edtima descesse do ve\u00edculo. <\/span><\/p>\n<p><span style=\"font-size: 14pt;\">O autor retornou para Mantena, deixando a v\u00edtima na estrada. Com as informa\u00e7\u00f5es, as equipes policiais iniciaram as dilig\u00eancias com intuito de localizar o autor e o ve\u00edculo.<\/span><\/p>\n<p><span style=\"font-size: 14pt;\"> Foram realizadas intensas dilig\u00eancias durante todo o dia. Por volta das 17h as equipes receberam informa\u00e7\u00f5es que o autor estava deslocando para o distrito de Rio Preto. <\/span><\/p>\n<p><span style=\"font-size: 14pt;\">Por conseguinte, as esquipes deslocaram para o distrito, cercando as poss\u00edveis rotas de fuga do autor. Sendo o autor localizado e abordado no Distrito de Rio Preto. <\/span><\/p>\n<p><span style=\"font-size: 18pt;\"><strong>Durante a busca pessoal foi localizado a faca utilizado no crime. O ve\u00edculo e um anel de ouro foram recuperados. <\/strong><\/span><\/p>\n<p><span style=\"font-size: 14pt;\">O autor e os materiais recuperados foram encaminhados para Delegacia de Plant\u00e3o de Barra de S\u00e3o Francisco\/ES. (Fonte\/foto:PMMG).<\/span><\/p>\n<p><a href=\"http:\/\/www.portalmantena.com.br\/novo\/\"><img loading=\"lazy\" class=\"alignnone size-full wp-image-37331\" src=\"http:\/\/www.portalmantena.com.br\/novo\/wp-content\/uploads\/2018\/05\/faixaportalnoticias5.jpg\" alt=\"\" width=\"700\" height=\"40\" srcset=\"http:\/\/www.portalmantena.com.br\/novo\/wp-content\/uploads\/2018\/05\/faixaportalnoticias5.jpg 700w, http:\/\/www.portalmantena.com.br\/novo\/wp-content\/uploads\/2018\/05\/faixaportalnoticias5-300x17.jpg 300w, http:\/\/www.portalmantena.com.br\/novo\/wp-content\/uploads\/2018\/05\/faixaportalnoticias5-696x40.jpg 696w\" sizes=\"(max-width: 700px) 100vw, 700px\" \/><\/a><\/p>\n<p><span style=\"font-size: 10pt;\">ESPA\u00c7O EMPRESARIAL<\/span><a href=\"http:\/\/www.temposolar.com.br\/\"><img loading=\"lazy\" class=\"alignnone size-full wp-image-44084\" src=\"http:\/\/www.portalmantena.com.br\/novo\/wp-content\/uploads\/2018\/05\/temposolarbb.jpg\" alt=\"\" width=\"700\" height=\"150\" srcset=\"http:\/\/www.portalmantena.com.br\/novo\/wp-content\/uploads\/2018\/05\/temposolarbb.jpg 700w, http:\/\/www.portalmantena.com.br\/novo\/wp-content\/uploads\/2018\/05\/temposolarbb-300x64.jpg 300w, http:\/\/www.portalmantena.com.br\/novo\/wp-content\/uploads\/2018\/05\/temposolarbb-696x150.jpg 696w\" sizes=\"(max-width: 700px) 100vw, 700px\" \/><\/a><\/p>\n","protected":false},"excerpt":{"rendered":"<p>Durante patrulhamento pelo centro de Mantena nesta ter\u00e7a-feira dia 18 de Maio, a guarni\u00e7\u00e3o de R\u00e1dio Patrulhamento foi abordada pela solicitante, que informou ter sido v\u00edtima de roubo. Segundo a v\u00edtima, por volta das 9h20\u2019 saiu de sua loja e ao adentrar em seu ve\u00edculo um homem desconhecido adentrou no carro mandando a v\u00edtima acionar [&hellip;]<\/p>\n","protected":false},"author":1,"featured_media":66727,"comment_status":"open","ping_status":"open","sticky":false,"template":"","format":"standard","meta":[],"categories":[12,34],"tags":[],"_links":{"self":[{"href":"http:\/\/www.portalmantena.com.br\/novo\/index.php?rest_route=\/wp\/v2\/posts\/66726"}],"collection":[{"href":"http:\/\/www.portalmantena.com.br\/novo\/index.php?rest_route=\/wp\/v2\/posts"}],"about":[{"href":"http:\/\/www.portalmantena.com.br\/novo\/index.php?rest_route=\/wp\/v2\/types\/post"}],"author":[{"embeddable":true,"href":"http:\/\/www.portalmantena.com.br\/novo\/index.php?rest_route=\/wp\/v2\/users\/1"}],"replies":[{"embeddable":true,"href":"http:\/\/www.portalmantena.com.br\/novo\/index.php?rest_route=%2Fwp%2Fv2%2Fcomments&post=66726"}],"version-history":[{"count":4,"href":"http:\/\/www.portalmantena.com.br\/novo\/index.php?rest_route=\/wp\/v2\/posts\/66726\/revisions"}],"predecessor-version":[{"id":66732,"href":"http:\/\/www.portalmantena.com.br\/novo\/index.php?rest_route=\/wp\/v2\/posts\/66726\/revisions\/66732"}],"wp:featuredmedia":[{"embeddable":true,"href":"http:\/\/www.portalmantena.com.br\/novo\/index.php?rest_route=\/wp\/v2\/media\/66727"}],"wp:attachment":[{"href":"http:\/\/www.portalmantena.com.br\/novo\/index.php?rest_route=%2Fwp%2Fv2%2Fmedia&parent=66726"}],"wp:term":[{"taxonomy":"category","embeddable":true,"href":"http:\/\/www.portalmantena.com.br\/novo\/index.php?rest_route=%2Fwp%2Fv2%2Fcategories&post=66726"},{"taxonomy":"post_tag","embeddable":true,"href":"http:\/\/www.portalmantena.com.br\/novo\/index.php?rest_route=%2Fwp%2Fv2%2Ftags&post=66726"}],"curies":[{"name":"wp","href":"https:\/\/api.w.org\/{rel}","templated":true}]}}