{"id":66694,"date":"2021-05-13T10:39:05","date_gmt":"2021-05-13T13:39:05","guid":{"rendered":"http:\/\/www.portalmantena.com.br\/novo\/?p=66694"},"modified":"2021-05-13T10:39:05","modified_gmt":"2021-05-13T13:39:05","slug":"mantena-comsep-convoca-para-eleicao-da-nova-diretoria","status":"publish","type":"post","link":"http:\/\/www.portalmantena.com.br\/novo\/?p=66694","title":{"rendered":"Mantena: COMSEP convoca para Elei\u00e7\u00e3o da nova diretoria"},"content":{"rendered":"<p><a href=\"http:\/\/www.portalmantena.com.br\/novo\/wp-content\/uploads\/2021\/05\/no130521consep.jpg\"><img loading=\"lazy\" class=\"alignnone size-full wp-image-66695\" src=\"http:\/\/www.portalmantena.com.br\/novo\/wp-content\/uploads\/2021\/05\/no130521consep.jpg\" alt=\"\" width=\"700\" height=\"450\" srcset=\"http:\/\/www.portalmantena.com.br\/novo\/wp-content\/uploads\/2021\/05\/no130521consep.jpg 700w, http:\/\/www.portalmantena.com.br\/novo\/wp-content\/uploads\/2021\/05\/no130521consep-300x193.jpg 300w, http:\/\/www.portalmantena.com.br\/novo\/wp-content\/uploads\/2021\/05\/no130521consep-696x447.jpg 696w, http:\/\/www.portalmantena.com.br\/novo\/wp-content\/uploads\/2021\/05\/no130521consep-653x420.jpg 653w\" sizes=\"(max-width: 700px) 100vw, 700px\" \/><\/a><\/p>\n<p><span style=\"font-size: 14pt;\">EDITAL DE CONVOCA\u00c7\u00c3O- O COMSEP \u2013 Conselho Municipal de Seguran\u00e7a P\u00fablica de Mantena, entidade Jur\u00eddica sem fins lucrativos, sediado na rua S\u00e3o Francisco, 247 no centro em Mantena, vem atrav\u00e9s deste edital e do seu presidente Sr. Nilton Cesar da Silva, convocar a todos os associados para participarem de uma reuni\u00e3o importante a ser realizada na pr\u00f3xima ter\u00e7a-feira dia 18 de Maio de 2021, \u00e0s 19 horas.<\/span><\/p>\n<p><span style=\"font-size: 14pt;\"> Esta reuni\u00e3o acontecer\u00e1 no plen\u00e1rio da C\u00e2mara Municipal de Mantena, com o objetivo da Elei\u00e7\u00e3o e posse da nova diretoria, para o Bi\u00eanio 2021\/2022, bem como a presta\u00e7\u00e3o de contas da entidade. <\/span><\/p>\n<p><span style=\"font-size: 14pt;\">Pelo motivo de estarmos enfrentando uma Pandemia, a reuni\u00e3o acontecer\u00e1 dentro das determina\u00e7\u00f5es e protocolos do Minist\u00e9rio da Sa\u00fade. \u00a0<\/span><\/p>\n<p><a href=\"http:\/\/www.portalmantena.com.br\/novo\/\"><img loading=\"lazy\" class=\"alignnone size-full wp-image-37331\" src=\"http:\/\/www.portalmantena.com.br\/novo\/wp-content\/uploads\/2018\/05\/faixaportalnoticias5.jpg\" alt=\"\" width=\"700\" height=\"40\" srcset=\"http:\/\/www.portalmantena.com.br\/novo\/wp-content\/uploads\/2018\/05\/faixaportalnoticias5.jpg 700w, http:\/\/www.portalmantena.com.br\/novo\/wp-content\/uploads\/2018\/05\/faixaportalnoticias5-300x17.jpg 300w, http:\/\/www.portalmantena.com.br\/novo\/wp-content\/uploads\/2018\/05\/faixaportalnoticias5-696x40.jpg 696w\" sizes=\"(max-width: 700px) 100vw, 700px\" \/><\/a><\/p>\n<p><span style=\"font-size: 10pt;\">ESPA\u00c7O EMPRESARIAL<\/span><a href=\"http:\/\/www.portalmantena.com.br\/novo\/wp-content\/uploads\/2018\/05\/higiclean.jpg\"><img loading=\"lazy\" class=\"alignnone size-full wp-image-66110\" src=\"http:\/\/www.portalmantena.com.br\/novo\/wp-content\/uploads\/2018\/05\/higiclean.jpg\" alt=\"\" width=\"700\" height=\"150\" srcset=\"http:\/\/www.portalmantena.com.br\/novo\/wp-content\/uploads\/2018\/05\/higiclean.jpg 700w, http:\/\/www.portalmantena.com.br\/novo\/wp-content\/uploads\/2018\/05\/higiclean-300x64.jpg 300w, http:\/\/www.portalmantena.com.br\/novo\/wp-content\/uploads\/2018\/05\/higiclean-696x150.jpg 696w\" sizes=\"(max-width: 700px) 100vw, 700px\" \/><\/a><\/p>\n","protected":false},"excerpt":{"rendered":"<p>EDITAL DE CONVOCA\u00c7\u00c3O- O COMSEP \u2013 Conselho Municipal de Seguran\u00e7a P\u00fablica de Mantena, entidade Jur\u00eddica sem fins lucrativos, sediado na rua S\u00e3o Francisco, 247 no centro em Mantena, vem atrav\u00e9s deste edital e do seu presidente Sr. Nilton Cesar da Silva, convocar a todos os associados para participarem de uma reuni\u00e3o importante a ser realizada [&hellip;]<\/p>\n","protected":false},"author":1,"featured_media":66695,"comment_status":"open","ping_status":"open","sticky":false,"template":"","format":"standard","meta":[],"categories":[11],"tags":[],"_links":{"self":[{"href":"http:\/\/www.portalmantena.com.br\/novo\/index.php?rest_route=\/wp\/v2\/posts\/66694"}],"collection":[{"href":"http:\/\/www.portalmantena.com.br\/novo\/index.php?rest_route=\/wp\/v2\/posts"}],"about":[{"href":"http:\/\/www.portalmantena.com.br\/novo\/index.php?rest_route=\/wp\/v2\/types\/post"}],"author":[{"embeddable":true,"href":"http:\/\/www.portalmantena.com.br\/novo\/index.php?rest_route=\/wp\/v2\/users\/1"}],"replies":[{"embeddable":true,"href":"http:\/\/www.portalmantena.com.br\/novo\/index.php?rest_route=%2Fwp%2Fv2%2Fcomments&post=66694"}],"version-history":[{"count":1,"href":"http:\/\/www.portalmantena.com.br\/novo\/index.php?rest_route=\/wp\/v2\/posts\/66694\/revisions"}],"predecessor-version":[{"id":66696,"href":"http:\/\/www.portalmantena.com.br\/novo\/index.php?rest_route=\/wp\/v2\/posts\/66694\/revisions\/66696"}],"wp:featuredmedia":[{"embeddable":true,"href":"http:\/\/www.portalmantena.com.br\/novo\/index.php?rest_route=\/wp\/v2\/media\/66695"}],"wp:attachment":[{"href":"http:\/\/www.portalmantena.com.br\/novo\/index.php?rest_route=%2Fwp%2Fv2%2Fmedia&parent=66694"}],"wp:term":[{"taxonomy":"category","embeddable":true,"href":"http:\/\/www.portalmantena.com.br\/novo\/index.php?rest_route=%2Fwp%2Fv2%2Fcategories&post=66694"},{"taxonomy":"post_tag","embeddable":true,"href":"http:\/\/www.portalmantena.com.br\/novo\/index.php?rest_route=%2Fwp%2Fv2%2Ftags&post=66694"}],"curies":[{"name":"wp","href":"https:\/\/api.w.org\/{rel}","templated":true}]}}