{"id":66653,"date":"2021-05-11T16:07:27","date_gmt":"2021-05-11T19:07:27","guid":{"rendered":"http:\/\/www.portalmantena.com.br\/novo\/?p=66653"},"modified":"2021-05-19T14:57:20","modified_gmt":"2021-05-19T17:57:20","slug":"covid-mantena-quase-19-ja-recebeu-uma-dose-da-vacina","status":"publish","type":"post","link":"http:\/\/www.portalmantena.com.br\/novo\/?p=66653","title":{"rendered":"Covid\/Mantena: quase 19% j\u00e1 recebeu uma dose da vacina"},"content":{"rendered":"<p><a href=\"http:\/\/www.portalmantena.com.br\/novo\/wp-content\/uploads\/2021\/05\/no110521vacina.jpg\"><img loading=\"lazy\" class=\"alignnone size-full wp-image-66654\" src=\"http:\/\/www.portalmantena.com.br\/novo\/wp-content\/uploads\/2021\/05\/no110521vacina.jpg\" alt=\"\" width=\"700\" height=\"450\" srcset=\"http:\/\/www.portalmantena.com.br\/novo\/wp-content\/uploads\/2021\/05\/no110521vacina.jpg 700w, http:\/\/www.portalmantena.com.br\/novo\/wp-content\/uploads\/2021\/05\/no110521vacina-300x193.jpg 300w, http:\/\/www.portalmantena.com.br\/novo\/wp-content\/uploads\/2021\/05\/no110521vacina-696x447.jpg 696w, http:\/\/www.portalmantena.com.br\/novo\/wp-content\/uploads\/2021\/05\/no110521vacina-653x420.jpg 653w\" sizes=\"(max-width: 700px) 100vw, 700px\" \/><\/a><\/p>\n<p><span style=\"font-size: 14pt;\">O boletim epidemiol\u00f3gico sobre o covid 19 no munic\u00edpio de Mantena, divulgado na tarde desta segunda-feira dia 10 de Maio, apresenta tamb\u00e9m em anexo, os dados sobre a vacina\u00e7\u00e3o contra o v\u00edrus. <\/span><\/p>\n<p><span style=\"font-size: 18pt;\"><strong>De acordo com o boletim, Mantena j\u00e1 recebeu at\u00e9 esta data, 10.101 doses de vacina, sendo que o total de vacinados com a 1\u00aa dose totalizam 5.164 e com a 2\u00aa dose 2.888. <\/strong><\/span><\/p>\n<p><span style=\"font-size: 14pt;\">Estes n\u00fameros representam 18,80% da popula\u00e7\u00e3o mantenense com pelo menos uma dose de vacina recebida.<\/span><\/p>\n<p><a href=\"http:\/\/www.portalmantena.com.br\/novo\/\"><img loading=\"lazy\" class=\"alignnone size-full wp-image-37331\" src=\"http:\/\/www.portalmantena.com.br\/novo\/wp-content\/uploads\/2018\/05\/faixaportalnoticias5.jpg\" alt=\"\" width=\"700\" height=\"40\" srcset=\"http:\/\/www.portalmantena.com.br\/novo\/wp-content\/uploads\/2018\/05\/faixaportalnoticias5.jpg 700w, http:\/\/www.portalmantena.com.br\/novo\/wp-content\/uploads\/2018\/05\/faixaportalnoticias5-300x17.jpg 300w, http:\/\/www.portalmantena.com.br\/novo\/wp-content\/uploads\/2018\/05\/faixaportalnoticias5-696x40.jpg 696w\" sizes=\"(max-width: 700px) 100vw, 700px\" \/><\/a><\/p>\n<p><span style=\"font-size: 10pt;\">ESPA\u00c7O EMPRESARIAL<\/span><a href=\"http:\/\/www.portalmantena.com.br\/novo\/?p=53568\"><img loading=\"lazy\" class=\"alignnone size-full wp-image-54066\" src=\"http:\/\/www.portalmantena.com.br\/novo\/wp-content\/uploads\/2018\/05\/valenteapp.jpg\" alt=\"\" width=\"700\" height=\"150\" srcset=\"http:\/\/www.portalmantena.com.br\/novo\/wp-content\/uploads\/2018\/05\/valenteapp.jpg 700w, http:\/\/www.portalmantena.com.br\/novo\/wp-content\/uploads\/2018\/05\/valenteapp-300x64.jpg 300w, http:\/\/www.portalmantena.com.br\/novo\/wp-content\/uploads\/2018\/05\/valenteapp-696x150.jpg 696w\" sizes=\"(max-width: 700px) 100vw, 700px\" \/><\/a><\/p>\n","protected":false},"excerpt":{"rendered":"<p>O boletim epidemiol\u00f3gico sobre o covid 19 no munic\u00edpio de Mantena, divulgado na tarde desta segunda-feira dia 10 de Maio, apresenta tamb\u00e9m em anexo, os dados sobre a vacina\u00e7\u00e3o contra o v\u00edrus. De acordo com o boletim, Mantena j\u00e1 recebeu at\u00e9 esta data, 10.101 doses de vacina, sendo que o total de vacinados com a [&hellip;]<\/p>\n","protected":false},"author":1,"featured_media":66654,"comment_status":"open","ping_status":"open","sticky":false,"template":"","format":"standard","meta":[],"categories":[69],"tags":[],"_links":{"self":[{"href":"http:\/\/www.portalmantena.com.br\/novo\/index.php?rest_route=\/wp\/v2\/posts\/66653"}],"collection":[{"href":"http:\/\/www.portalmantena.com.br\/novo\/index.php?rest_route=\/wp\/v2\/posts"}],"about":[{"href":"http:\/\/www.portalmantena.com.br\/novo\/index.php?rest_route=\/wp\/v2\/types\/post"}],"author":[{"embeddable":true,"href":"http:\/\/www.portalmantena.com.br\/novo\/index.php?rest_route=\/wp\/v2\/users\/1"}],"replies":[{"embeddable":true,"href":"http:\/\/www.portalmantena.com.br\/novo\/index.php?rest_route=%2Fwp%2Fv2%2Fcomments&post=66653"}],"version-history":[{"count":1,"href":"http:\/\/www.portalmantena.com.br\/novo\/index.php?rest_route=\/wp\/v2\/posts\/66653\/revisions"}],"predecessor-version":[{"id":66655,"href":"http:\/\/www.portalmantena.com.br\/novo\/index.php?rest_route=\/wp\/v2\/posts\/66653\/revisions\/66655"}],"wp:featuredmedia":[{"embeddable":true,"href":"http:\/\/www.portalmantena.com.br\/novo\/index.php?rest_route=\/wp\/v2\/media\/66654"}],"wp:attachment":[{"href":"http:\/\/www.portalmantena.com.br\/novo\/index.php?rest_route=%2Fwp%2Fv2%2Fmedia&parent=66653"}],"wp:term":[{"taxonomy":"category","embeddable":true,"href":"http:\/\/www.portalmantena.com.br\/novo\/index.php?rest_route=%2Fwp%2Fv2%2Fcategories&post=66653"},{"taxonomy":"post_tag","embeddable":true,"href":"http:\/\/www.portalmantena.com.br\/novo\/index.php?rest_route=%2Fwp%2Fv2%2Ftags&post=66653"}],"curies":[{"name":"wp","href":"https:\/\/api.w.org\/{rel}","templated":true}]}}