{"id":66638,"date":"2021-05-11T10:51:54","date_gmt":"2021-05-11T13:51:54","guid":{"rendered":"http:\/\/www.portalmantena.com.br\/novo\/?p=66638"},"modified":"2021-05-13T08:05:06","modified_gmt":"2021-05-13T11:05:06","slug":"covid-mantena-casos-suspeitos-continuam-em-queda-2","status":"publish","type":"post","link":"http:\/\/www.portalmantena.com.br\/novo\/?p=66638","title":{"rendered":"Covid\/Mantena: Casos suspeitos continuam em queda"},"content":{"rendered":"<p><a href=\"http:\/\/www.portalmantena.com.br\/novo\/wp-content\/uploads\/2021\/05\/no110521covid.jpg\"><img loading=\"lazy\" class=\"alignnone size-full wp-image-66639\" src=\"http:\/\/www.portalmantena.com.br\/novo\/wp-content\/uploads\/2021\/05\/no110521covid.jpg\" alt=\"\" width=\"700\" height=\"450\" srcset=\"http:\/\/www.portalmantena.com.br\/novo\/wp-content\/uploads\/2021\/05\/no110521covid.jpg 700w, http:\/\/www.portalmantena.com.br\/novo\/wp-content\/uploads\/2021\/05\/no110521covid-300x193.jpg 300w, http:\/\/www.portalmantena.com.br\/novo\/wp-content\/uploads\/2021\/05\/no110521covid-696x447.jpg 696w, http:\/\/www.portalmantena.com.br\/novo\/wp-content\/uploads\/2021\/05\/no110521covid-653x420.jpg 653w\" sizes=\"(max-width: 700px) 100vw, 700px\" \/><\/a><\/p>\n<p><span style=\"font-size: 14pt;\">O boletim epidemiol\u00f3gico sobre o covid 19 no munic\u00edpio de Mantena apresentou registros est\u00e1veis de casos na divulga\u00e7\u00e3o desta segunda-feira dia 10 de maio. <\/span><\/p>\n<p><span style=\"font-size: 14pt;\">De acordo com os registros, nesta data Mantena possuiu 38 casos suspeitos em investiga\u00e7\u00e3o (n\u00famero em queda), e ainda 29 casos ativos da doen\u00e7a, sendo que deste total 14 pessoas est\u00e3o em isolamento domiciliar, 05 pacientes internados em Ala de hospital e 10 pacientes internados em UTI. <\/span><\/p>\n<p><span style=\"font-size: 18pt;\"><strong>Infelizmente, Mantena registra nesta data 83 \u00f3bitos desde o in\u00edcio da Pandemia, sendo que 82 \u00f3bitos foram confirmados e 01 segue em investiga\u00e7\u00e3o. <\/strong><\/span><\/p>\n<p><span style=\"font-size: 14pt;\">J\u00e1 os casos confirmados da doen\u00e7a desde o in\u00edcio da Pandemia totalizam nesta data 2.829 casos sendo que 2.718 pessoas j\u00e1 se curaram da doen\u00e7a.<\/span><\/p>\n<p><a href=\"http:\/\/www.portalmantena.com.br\/novo\/\"><img loading=\"lazy\" class=\"alignnone size-full wp-image-37331\" src=\"http:\/\/www.portalmantena.com.br\/novo\/wp-content\/uploads\/2018\/05\/faixaportalnoticias5.jpg\" alt=\"\" width=\"700\" height=\"40\" srcset=\"http:\/\/www.portalmantena.com.br\/novo\/wp-content\/uploads\/2018\/05\/faixaportalnoticias5.jpg 700w, http:\/\/www.portalmantena.com.br\/novo\/wp-content\/uploads\/2018\/05\/faixaportalnoticias5-300x17.jpg 300w, http:\/\/www.portalmantena.com.br\/novo\/wp-content\/uploads\/2018\/05\/faixaportalnoticias5-696x40.jpg 696w\" sizes=\"(max-width: 700px) 100vw, 700px\" \/><\/a><\/p>\n<p><span style=\"font-size: 10pt;\">ESPA\u00c7O EMPRESARIAL<\/span><a href=\"https:\/\/www.facebook.com\/profile.php?id=100004934627949&amp;fref=ts\"><img loading=\"lazy\" class=\"alignnone size-full wp-image-59752\" src=\"http:\/\/www.portalmantena.com.br\/novo\/wp-content\/uploads\/2018\/05\/print150420.jpg\" alt=\"\" width=\"700\" height=\"150\" srcset=\"http:\/\/www.portalmantena.com.br\/novo\/wp-content\/uploads\/2018\/05\/print150420.jpg 700w, http:\/\/www.portalmantena.com.br\/novo\/wp-content\/uploads\/2018\/05\/print150420-300x64.jpg 300w, http:\/\/www.portalmantena.com.br\/novo\/wp-content\/uploads\/2018\/05\/print150420-696x150.jpg 696w\" sizes=\"(max-width: 700px) 100vw, 700px\" \/><\/a><\/p>\n","protected":false},"excerpt":{"rendered":"<p>O boletim epidemiol\u00f3gico sobre o covid 19 no munic\u00edpio de Mantena apresentou registros est\u00e1veis de casos na divulga\u00e7\u00e3o desta segunda-feira dia 10 de maio. De acordo com os registros, nesta data Mantena possuiu 38 casos suspeitos em investiga\u00e7\u00e3o (n\u00famero em queda), e ainda 29 casos ativos da doen\u00e7a, sendo que deste total 14 pessoas est\u00e3o [&hellip;]<\/p>\n","protected":false},"author":1,"featured_media":66639,"comment_status":"open","ping_status":"open","sticky":false,"template":"","format":"standard","meta":[],"categories":[69],"tags":[],"_links":{"self":[{"href":"http:\/\/www.portalmantena.com.br\/novo\/index.php?rest_route=\/wp\/v2\/posts\/66638"}],"collection":[{"href":"http:\/\/www.portalmantena.com.br\/novo\/index.php?rest_route=\/wp\/v2\/posts"}],"about":[{"href":"http:\/\/www.portalmantena.com.br\/novo\/index.php?rest_route=\/wp\/v2\/types\/post"}],"author":[{"embeddable":true,"href":"http:\/\/www.portalmantena.com.br\/novo\/index.php?rest_route=\/wp\/v2\/users\/1"}],"replies":[{"embeddable":true,"href":"http:\/\/www.portalmantena.com.br\/novo\/index.php?rest_route=%2Fwp%2Fv2%2Fcomments&post=66638"}],"version-history":[{"count":1,"href":"http:\/\/www.portalmantena.com.br\/novo\/index.php?rest_route=\/wp\/v2\/posts\/66638\/revisions"}],"predecessor-version":[{"id":66640,"href":"http:\/\/www.portalmantena.com.br\/novo\/index.php?rest_route=\/wp\/v2\/posts\/66638\/revisions\/66640"}],"wp:featuredmedia":[{"embeddable":true,"href":"http:\/\/www.portalmantena.com.br\/novo\/index.php?rest_route=\/wp\/v2\/media\/66639"}],"wp:attachment":[{"href":"http:\/\/www.portalmantena.com.br\/novo\/index.php?rest_route=%2Fwp%2Fv2%2Fmedia&parent=66638"}],"wp:term":[{"taxonomy":"category","embeddable":true,"href":"http:\/\/www.portalmantena.com.br\/novo\/index.php?rest_route=%2Fwp%2Fv2%2Fcategories&post=66638"},{"taxonomy":"post_tag","embeddable":true,"href":"http:\/\/www.portalmantena.com.br\/novo\/index.php?rest_route=%2Fwp%2Fv2%2Ftags&post=66638"}],"curies":[{"name":"wp","href":"https:\/\/api.w.org\/{rel}","templated":true}]}}