{"id":66635,"date":"2021-05-11T10:04:27","date_gmt":"2021-05-11T13:04:27","guid":{"rendered":"http:\/\/www.portalmantena.com.br\/novo\/?p=66635"},"modified":"2021-05-12T10:46:23","modified_gmt":"2021-05-12T13:46:23","slug":"mantena-registra-a-madrugada-mais-fria-do-ano-14-9-graus","status":"publish","type":"post","link":"http:\/\/www.portalmantena.com.br\/novo\/?p=66635","title":{"rendered":"Mantena registra a Madrugada mais fria do ano, 14.9 graus"},"content":{"rendered":"<p><a href=\"http:\/\/www.portalmantena.com.br\/novo\/wp-content\/uploads\/2021\/05\/no110521frio.jpg\"><img loading=\"lazy\" class=\"alignnone size-full wp-image-66636\" src=\"http:\/\/www.portalmantena.com.br\/novo\/wp-content\/uploads\/2021\/05\/no110521frio.jpg\" alt=\"\" width=\"700\" height=\"450\" srcset=\"http:\/\/www.portalmantena.com.br\/novo\/wp-content\/uploads\/2021\/05\/no110521frio.jpg 700w, http:\/\/www.portalmantena.com.br\/novo\/wp-content\/uploads\/2021\/05\/no110521frio-300x193.jpg 300w, http:\/\/www.portalmantena.com.br\/novo\/wp-content\/uploads\/2021\/05\/no110521frio-696x447.jpg 696w, http:\/\/www.portalmantena.com.br\/novo\/wp-content\/uploads\/2021\/05\/no110521frio-653x420.jpg 653w\" sizes=\"(max-width: 700px) 100vw, 700px\" \/><\/a><\/p>\n<p><span style=\"font-size: 14pt;\">Os term\u00f4metros em Mantena j\u00e1 come\u00e7aram a registrar uma queda significativa na temperatura neste m\u00eas de Maio.<\/span><\/p>\n<p><span style=\"font-size: 14pt;\"> Desde os primeiros dias do m\u00eas, o mantenense j\u00e1 vem sentindo aquele friozinho agrad\u00e1vel, muito comum nesta \u00e9poca do ano, principalmente pela aproxima\u00e7\u00e3o do inverno.<\/span><\/p>\n<p><span style=\"font-size: 14pt;\"> J\u00e1 no dia 1\u00ba de Maio, os term\u00f4metros registraram a m\u00ednima de 15.8 graus, e desde este dia, os registros vem oscilando entre 18, 17, 16 e 15 graus, sempre durante as madrugadas. <\/span><\/p>\n<p><span style=\"font-size: 14pt;\">No entanto, na madrugada desta ter\u00e7a-feira dia 11 de maio, o frio apertou mais um pouco, chegando \u00e0 m\u00ednima de 14.9 graus, a menor registrada neste ano de 2021. <\/span><\/p>\n<p><span style=\"font-size: 18pt;\"><strong>O registro foi feito pela esta\u00e7\u00e3o meteorol\u00f3gica autom\u00e1tica instalada na ETA\/SAAE. <\/strong><\/span><\/p>\n<p><span style=\"font-size: 14pt;\">Outra informa\u00e7\u00e3o importante \u00e9 que com a chegada do clima frio, a umidade relativa do ar acaba despencando pois durante as manh\u00e3s o sol forte segue firme e sem chuvas, a umidade acaba despencando. <\/span><\/p>\n<p><span style=\"font-size: 14pt;\">A m\u00ednima registrada nesta segunda-feira foi de 32%, sendo que o recomendado pela OMS \u00e9 acima de 60%, para uma sa\u00fade sem complica\u00e7\u00f5es, principalmente para quem j\u00e1 sofre com problemas respirat\u00f3rios.<\/span><\/p>\n<p><a href=\"http:\/\/www.portalmantena.com.br\/novo\/\"><img loading=\"lazy\" class=\"alignnone size-full wp-image-37331\" src=\"http:\/\/www.portalmantena.com.br\/novo\/wp-content\/uploads\/2018\/05\/faixaportalnoticias5.jpg\" alt=\"\" width=\"700\" height=\"40\" srcset=\"http:\/\/www.portalmantena.com.br\/novo\/wp-content\/uploads\/2018\/05\/faixaportalnoticias5.jpg 700w, http:\/\/www.portalmantena.com.br\/novo\/wp-content\/uploads\/2018\/05\/faixaportalnoticias5-300x17.jpg 300w, http:\/\/www.portalmantena.com.br\/novo\/wp-content\/uploads\/2018\/05\/faixaportalnoticias5-696x40.jpg 696w\" sizes=\"(max-width: 700px) 100vw, 700px\" \/><\/a><span style=\"font-size: 10pt;\">ESPA\u00c7O EMPRESARIAL<\/span><a href=\"http:\/\/www.portalmantena.com.br\/novo\/wp-content\/uploads\/2018\/05\/higiclean.jpg\"><img loading=\"lazy\" class=\"alignnone size-full wp-image-66110\" src=\"http:\/\/www.portalmantena.com.br\/novo\/wp-content\/uploads\/2018\/05\/higiclean.jpg\" alt=\"\" width=\"700\" height=\"150\" srcset=\"http:\/\/www.portalmantena.com.br\/novo\/wp-content\/uploads\/2018\/05\/higiclean.jpg 700w, http:\/\/www.portalmantena.com.br\/novo\/wp-content\/uploads\/2018\/05\/higiclean-300x64.jpg 300w, http:\/\/www.portalmantena.com.br\/novo\/wp-content\/uploads\/2018\/05\/higiclean-696x150.jpg 696w\" sizes=\"(max-width: 700px) 100vw, 700px\" \/><\/a><\/p>\n","protected":false},"excerpt":{"rendered":"<p>Os term\u00f4metros em Mantena j\u00e1 come\u00e7aram a registrar uma queda significativa na temperatura neste m\u00eas de Maio. Desde os primeiros dias do m\u00eas, o mantenense j\u00e1 vem sentindo aquele friozinho agrad\u00e1vel, muito comum nesta \u00e9poca do ano, principalmente pela aproxima\u00e7\u00e3o do inverno. J\u00e1 no dia 1\u00ba de Maio, os term\u00f4metros registraram a m\u00ednima de 15.8 [&hellip;]<\/p>\n","protected":false},"author":1,"featured_media":66636,"comment_status":"open","ping_status":"open","sticky":false,"template":"","format":"standard","meta":[],"categories":[11],"tags":[],"_links":{"self":[{"href":"http:\/\/www.portalmantena.com.br\/novo\/index.php?rest_route=\/wp\/v2\/posts\/66635"}],"collection":[{"href":"http:\/\/www.portalmantena.com.br\/novo\/index.php?rest_route=\/wp\/v2\/posts"}],"about":[{"href":"http:\/\/www.portalmantena.com.br\/novo\/index.php?rest_route=\/wp\/v2\/types\/post"}],"author":[{"embeddable":true,"href":"http:\/\/www.portalmantena.com.br\/novo\/index.php?rest_route=\/wp\/v2\/users\/1"}],"replies":[{"embeddable":true,"href":"http:\/\/www.portalmantena.com.br\/novo\/index.php?rest_route=%2Fwp%2Fv2%2Fcomments&post=66635"}],"version-history":[{"count":1,"href":"http:\/\/www.portalmantena.com.br\/novo\/index.php?rest_route=\/wp\/v2\/posts\/66635\/revisions"}],"predecessor-version":[{"id":66637,"href":"http:\/\/www.portalmantena.com.br\/novo\/index.php?rest_route=\/wp\/v2\/posts\/66635\/revisions\/66637"}],"wp:featuredmedia":[{"embeddable":true,"href":"http:\/\/www.portalmantena.com.br\/novo\/index.php?rest_route=\/wp\/v2\/media\/66636"}],"wp:attachment":[{"href":"http:\/\/www.portalmantena.com.br\/novo\/index.php?rest_route=%2Fwp%2Fv2%2Fmedia&parent=66635"}],"wp:term":[{"taxonomy":"category","embeddable":true,"href":"http:\/\/www.portalmantena.com.br\/novo\/index.php?rest_route=%2Fwp%2Fv2%2Fcategories&post=66635"},{"taxonomy":"post_tag","embeddable":true,"href":"http:\/\/www.portalmantena.com.br\/novo\/index.php?rest_route=%2Fwp%2Fv2%2Ftags&post=66635"}],"curies":[{"name":"wp","href":"https:\/\/api.w.org\/{rel}","templated":true}]}}