{"id":66623,"date":"2021-05-10T09:46:46","date_gmt":"2021-05-10T12:46:46","guid":{"rendered":"http:\/\/www.portalmantena.com.br\/novo\/?p=66623"},"modified":"2021-05-10T09:46:46","modified_gmt":"2021-05-10T12:46:46","slug":"mantena-homicidio-tem-duas-prisoes-e-arma-apreendida","status":"publish","type":"post","link":"http:\/\/www.portalmantena.com.br\/novo\/?p=66623","title":{"rendered":"Mantena: Homic\u00eddio tem duas pris\u00f5es e arma apreendida"},"content":{"rendered":"<p><a href=\"http:\/\/www.portalmantena.com.br\/novo\/wp-content\/uploads\/2021\/05\/no100521pm1.jpg\"><img loading=\"lazy\" class=\"alignnone size-full wp-image-66624\" src=\"http:\/\/www.portalmantena.com.br\/novo\/wp-content\/uploads\/2021\/05\/no100521pm1.jpg\" alt=\"\" width=\"700\" height=\"450\" srcset=\"http:\/\/www.portalmantena.com.br\/novo\/wp-content\/uploads\/2021\/05\/no100521pm1.jpg 700w, http:\/\/www.portalmantena.com.br\/novo\/wp-content\/uploads\/2021\/05\/no100521pm1-300x193.jpg 300w, http:\/\/www.portalmantena.com.br\/novo\/wp-content\/uploads\/2021\/05\/no100521pm1-696x447.jpg 696w, http:\/\/www.portalmantena.com.br\/novo\/wp-content\/uploads\/2021\/05\/no100521pm1-653x420.jpg 653w\" sizes=\"(max-width: 700px) 100vw, 700px\" \/><\/a><\/p>\n<p><span style=\"font-size: 14pt;\">Na madrugada o \u00faltimo s\u00e1bado dia 08 de maio, a Pol\u00edcia Militar foi informada que em um bar, situado no centro em Mantena teria ocorrido disparos de arma de fogo, sendo que no local, foi socorrida uma v\u00edtima que posteriormente veio a falecer. <\/span><\/p>\n<p><span style=\"font-size: 14pt;\">Relatos deram conta de que um indiv\u00edduo havia se aproximado da v\u00edtima e desferido os disparos de arma de fogo, tendo evadido logo ap\u00f3s em uma moto.<\/span><\/p>\n<p><span style=\"font-size: 14pt;\"> Duas outras pessoas que estavam pr\u00f3ximas \u00e0 v\u00edtima foram alvejadas, sendo todos socorridos ao hospital. <\/span><\/p>\n<p><span style=\"font-size: 18pt;\"><strong>Ap\u00f3s coleta de mais informa\u00e7\u00f5es e de imagens, o autor foi identificado como oriundo da cidade de Barra de S\u00e3o Francisco. <\/strong><\/span><\/p>\n<p><span style=\"font-size: 14pt;\">Com o apoio de policiais militares do Esp\u00edrito Santo, foram procedidas diversas dilig\u00eancias sendo localizados e presos dois homens e apreendidos uma motocicleta e uma pistola cal .380 utilizados; uma muni\u00e7\u00e3o intacta calibre .380; 10 (dez) cartuchos vazios de muni\u00e7\u00f5es calibre .380; 03 (tr\u00eas) proj\u00e9teis; dois aparelhos celulares e ainda um capacete e uma jaqueta de cor branca. <\/span><\/p>\n<p><span style=\"font-size: 14pt;\">Os homens presos e os materiais foram encaminhados para a Delegacia de Pol\u00edcia Civil de Barra de S\u00e3o Francisco e a motocicleta para o p\u00e1tio credenciado do DETRAN em Mantena. (fonte\/foto:PMMG).<\/span><\/p>\n<p><a href=\"http:\/\/www.portalmantena.com.br\/novo\/wp-content\/uploads\/2021\/05\/no100521pm2.jpg\"><img loading=\"lazy\" class=\"alignnone size-full wp-image-66625\" src=\"http:\/\/www.portalmantena.com.br\/novo\/wp-content\/uploads\/2021\/05\/no100521pm2.jpg\" alt=\"\" width=\"700\" height=\"450\" srcset=\"http:\/\/www.portalmantena.com.br\/novo\/wp-content\/uploads\/2021\/05\/no100521pm2.jpg 700w, http:\/\/www.portalmantena.com.br\/novo\/wp-content\/uploads\/2021\/05\/no100521pm2-300x193.jpg 300w, http:\/\/www.portalmantena.com.br\/novo\/wp-content\/uploads\/2021\/05\/no100521pm2-696x447.jpg 696w, http:\/\/www.portalmantena.com.br\/novo\/wp-content\/uploads\/2021\/05\/no100521pm2-653x420.jpg 653w\" sizes=\"(max-width: 700px) 100vw, 700px\" \/><\/a><\/p>\n<p><a href=\"http:\/\/www.portalmantena.com.br\/novo\/\"><img loading=\"lazy\" class=\"alignnone size-full wp-image-37331\" src=\"http:\/\/www.portalmantena.com.br\/novo\/wp-content\/uploads\/2018\/05\/faixaportalnoticias5.jpg\" alt=\"\" width=\"700\" height=\"40\" srcset=\"http:\/\/www.portalmantena.com.br\/novo\/wp-content\/uploads\/2018\/05\/faixaportalnoticias5.jpg 700w, http:\/\/www.portalmantena.com.br\/novo\/wp-content\/uploads\/2018\/05\/faixaportalnoticias5-300x17.jpg 300w, http:\/\/www.portalmantena.com.br\/novo\/wp-content\/uploads\/2018\/05\/faixaportalnoticias5-696x40.jpg 696w\" sizes=\"(max-width: 700px) 100vw, 700px\" \/><\/a><\/p>\n<p><span style=\"font-size: 10pt;\">ESPA\u00c7O EMPRESARIAL<\/span><a href=\"http:\/\/www.portalmantena.com.br\/novo\/wp-content\/uploads\/2018\/05\/higiclean.jpg\"><img loading=\"lazy\" class=\"alignnone size-full wp-image-66110\" src=\"http:\/\/www.portalmantena.com.br\/novo\/wp-content\/uploads\/2018\/05\/higiclean.jpg\" alt=\"\" width=\"700\" height=\"150\" srcset=\"http:\/\/www.portalmantena.com.br\/novo\/wp-content\/uploads\/2018\/05\/higiclean.jpg 700w, http:\/\/www.portalmantena.com.br\/novo\/wp-content\/uploads\/2018\/05\/higiclean-300x64.jpg 300w, http:\/\/www.portalmantena.com.br\/novo\/wp-content\/uploads\/2018\/05\/higiclean-696x150.jpg 696w\" sizes=\"(max-width: 700px) 100vw, 700px\" \/><\/a><\/p>\n","protected":false},"excerpt":{"rendered":"<p>Na madrugada o \u00faltimo s\u00e1bado dia 08 de maio, a Pol\u00edcia Militar foi informada que em um bar, situado no centro em Mantena teria ocorrido disparos de arma de fogo, sendo que no local, foi socorrida uma v\u00edtima que posteriormente veio a falecer. Relatos deram conta de que um indiv\u00edduo havia se aproximado da v\u00edtima [&hellip;]<\/p>\n","protected":false},"author":1,"featured_media":66624,"comment_status":"open","ping_status":"open","sticky":false,"template":"","format":"standard","meta":[],"categories":[11,34],"tags":[],"_links":{"self":[{"href":"http:\/\/www.portalmantena.com.br\/novo\/index.php?rest_route=\/wp\/v2\/posts\/66623"}],"collection":[{"href":"http:\/\/www.portalmantena.com.br\/novo\/index.php?rest_route=\/wp\/v2\/posts"}],"about":[{"href":"http:\/\/www.portalmantena.com.br\/novo\/index.php?rest_route=\/wp\/v2\/types\/post"}],"author":[{"embeddable":true,"href":"http:\/\/www.portalmantena.com.br\/novo\/index.php?rest_route=\/wp\/v2\/users\/1"}],"replies":[{"embeddable":true,"href":"http:\/\/www.portalmantena.com.br\/novo\/index.php?rest_route=%2Fwp%2Fv2%2Fcomments&post=66623"}],"version-history":[{"count":1,"href":"http:\/\/www.portalmantena.com.br\/novo\/index.php?rest_route=\/wp\/v2\/posts\/66623\/revisions"}],"predecessor-version":[{"id":66626,"href":"http:\/\/www.portalmantena.com.br\/novo\/index.php?rest_route=\/wp\/v2\/posts\/66623\/revisions\/66626"}],"wp:featuredmedia":[{"embeddable":true,"href":"http:\/\/www.portalmantena.com.br\/novo\/index.php?rest_route=\/wp\/v2\/media\/66624"}],"wp:attachment":[{"href":"http:\/\/www.portalmantena.com.br\/novo\/index.php?rest_route=%2Fwp%2Fv2%2Fmedia&parent=66623"}],"wp:term":[{"taxonomy":"category","embeddable":true,"href":"http:\/\/www.portalmantena.com.br\/novo\/index.php?rest_route=%2Fwp%2Fv2%2Fcategories&post=66623"},{"taxonomy":"post_tag","embeddable":true,"href":"http:\/\/www.portalmantena.com.br\/novo\/index.php?rest_route=%2Fwp%2Fv2%2Ftags&post=66623"}],"curies":[{"name":"wp","href":"https:\/\/api.w.org\/{rel}","templated":true}]}}