{"id":66600,"date":"2021-05-06T16:56:39","date_gmt":"2021-05-06T19:56:39","guid":{"rendered":"http:\/\/www.portalmantena.com.br\/novo\/?p=66600"},"modified":"2021-05-07T09:43:09","modified_gmt":"2021-05-07T12:43:09","slug":"mantena-1-ano-de-pandemia-com-82-obitos-e-2-813-casos","status":"publish","type":"post","link":"http:\/\/www.portalmantena.com.br\/novo\/?p=66600","title":{"rendered":"Mantena: 1 ano de Pandemia com 2.813 casos e 82 \u00f3bitos"},"content":{"rendered":"<p><a href=\"http:\/\/www.portalmantena.com.br\/novo\/wp-content\/uploads\/2021\/05\/no060521covid2.jpg\"><img loading=\"lazy\" class=\"alignnone size-full wp-image-66601\" src=\"http:\/\/www.portalmantena.com.br\/novo\/wp-content\/uploads\/2021\/05\/no060521covid2.jpg\" alt=\"\" width=\"700\" height=\"450\" srcset=\"http:\/\/www.portalmantena.com.br\/novo\/wp-content\/uploads\/2021\/05\/no060521covid2.jpg 700w, http:\/\/www.portalmantena.com.br\/novo\/wp-content\/uploads\/2021\/05\/no060521covid2-300x193.jpg 300w, http:\/\/www.portalmantena.com.br\/novo\/wp-content\/uploads\/2021\/05\/no060521covid2-696x447.jpg 696w, http:\/\/www.portalmantena.com.br\/novo\/wp-content\/uploads\/2021\/05\/no060521covid2-653x420.jpg 653w\" sizes=\"(max-width: 700px) 100vw, 700px\" \/><\/a><\/p>\n<p><span style=\"font-size: 14pt;\">H\u00e1 exatamente um ano atr\u00e1s, numa quarta-feira dia 06 de Maio, o Secret\u00e1rio Municipal de Sa\u00fade do Munic\u00edpio de Mantena, Sr. Ocimar Rufino se pronunciava atrav\u00e9s da p\u00e1gina oficial da prefeitura no Facebook informando aos mantenenses sobre o primeiro caso positivo confirmado do novo coronav\u00edrus (covid19) em Mantena. <\/span><\/p>\n<p><span style=\"font-size: 14pt;\">Na ocasi\u00e3o, em seu pronunciamento ele disse: <em><strong>\u201cNesta quarta-feira temos o primeiro caso positivo de coronav\u00edrus da nossa cidade, trata-se de uma paciente que trabalha na \u00e1rea da sa\u00fade de Barra de S\u00e3o Francisco e que contraiu o v\u00edrus. <\/strong><\/em><\/span><\/p>\n<p><span style=\"font-size: 14pt;\"><em><strong>Ela est\u00e1 em isolamento, a fam\u00edlia tamb\u00e9m est\u00e1 em isolamento domiciliar, sintomas leves. <\/strong><\/em><\/span><\/p>\n<p><span style=\"font-size: 14pt;\"><em><strong>O cuidado agora em nossa cidade precisa ser redobrado, uso de m\u00e1scaras, higiene das m\u00e3os, distanciamento social, isso \u00e9 muito importante agora, nesta data <\/strong><\/em><\/span><\/p>\n<p><span style=\"font-size: 14pt;\"><em><strong>\u2026eu pe\u00e7o \u00e0 nossa popula\u00e7\u00e3o que n\u00e3o se desespere, que tenha calma, neste momento estamos nos preparando pra isso, se deu gripe, coriza e tosse procurar o PSF, se deu coriza, dor de garganta e falta de ar procurar o Pronto Atendimento\u201d<\/strong><\/em>, disse o secret\u00e1rio. <\/span><\/p>\n<p><span style=\"font-size: 14pt;\">Passado um ano de Pandema, nesta quinta-feira dia 06 de Maio, o boletim epidemiol\u00f3gico sobre o covid 19 trouxe a informa\u00e7\u00e3o de 82 vidas perdidas, sendo que 81 \u00f3bitos foram confirmados e ainda existe mais um \u00f3bito em investiga\u00e7\u00e3o. <\/span><\/p>\n<p><span style=\"font-size: 14pt;\">J\u00e1 neste per\u00edodo de um ano, Mantena registrou 2.813 casos confirmados sendo que deste total 2.692 pessoas se curaram da doen\u00e7a. <\/span><\/p>\n<p><span style=\"font-size: 18pt;\"><strong>Casos suspeitos notificados totalizaram neste um ano de Pandemia 6.888 casos. <\/strong><\/span><\/p>\n<p><span style=\"font-size: 14pt;\">J\u00e1 os casos positivos nesta data totalizam 40, sendo que deste total 27 pessoas est\u00e3o em isolamento domiciliar, 06 pacientes est\u00e3o internados em ala de hospital e 07 pacientes internados em UTI.<\/span><\/p>\n<p><span style=\"font-size: 14pt;\"> O n\u00famero de casos suspeitos em investiga\u00e7\u00e3o totaliza nesta data 48 casos, n\u00fameros que vem caindo conforme os \u00faltimos boletins divulgados.<\/span><\/p>\n<p><a href=\"http:\/\/www.portalmantena.com.br\/novo\/\"><img loading=\"lazy\" class=\"alignnone size-full wp-image-37331\" src=\"http:\/\/www.portalmantena.com.br\/novo\/wp-content\/uploads\/2018\/05\/faixaportalnoticias5.jpg\" alt=\"\" width=\"700\" height=\"40\" srcset=\"http:\/\/www.portalmantena.com.br\/novo\/wp-content\/uploads\/2018\/05\/faixaportalnoticias5.jpg 700w, http:\/\/www.portalmantena.com.br\/novo\/wp-content\/uploads\/2018\/05\/faixaportalnoticias5-300x17.jpg 300w, http:\/\/www.portalmantena.com.br\/novo\/wp-content\/uploads\/2018\/05\/faixaportalnoticias5-696x40.jpg 696w\" sizes=\"(max-width: 700px) 100vw, 700px\" \/><\/a><\/p>\n<p><span style=\"font-size: 10pt;\">ESPA\u00c7O EMPRESARIA<\/span><a href=\"https:\/\/www.facebook.com\/realcecosmeticosmantena\"><img loading=\"lazy\" class=\"alignnone size-full wp-image-64138\" src=\"http:\/\/www.portalmantena.com.br\/novo\/wp-content\/uploads\/2018\/05\/realcebanner.jpg\" alt=\"\" width=\"700\" height=\"150\" srcset=\"http:\/\/www.portalmantena.com.br\/novo\/wp-content\/uploads\/2018\/05\/realcebanner.jpg 700w, http:\/\/www.portalmantena.com.br\/novo\/wp-content\/uploads\/2018\/05\/realcebanner-300x64.jpg 300w, http:\/\/www.portalmantena.com.br\/novo\/wp-content\/uploads\/2018\/05\/realcebanner-696x150.jpg 696w\" sizes=\"(max-width: 700px) 100vw, 700px\" \/><\/a><\/p>\n","protected":false},"excerpt":{"rendered":"<p>H\u00e1 exatamente um ano atr\u00e1s, numa quarta-feira dia 06 de Maio, o Secret\u00e1rio Municipal de Sa\u00fade do Munic\u00edpio de Mantena, Sr. Ocimar Rufino se pronunciava atrav\u00e9s da p\u00e1gina oficial da prefeitura no Facebook informando aos mantenenses sobre o primeiro caso positivo confirmado do novo coronav\u00edrus (covid19) em Mantena. Na ocasi\u00e3o, em seu pronunciamento ele disse: [&hellip;]<\/p>\n","protected":false},"author":1,"featured_media":66601,"comment_status":"open","ping_status":"open","sticky":false,"template":"","format":"standard","meta":[],"categories":[12],"tags":[],"_links":{"self":[{"href":"http:\/\/www.portalmantena.com.br\/novo\/index.php?rest_route=\/wp\/v2\/posts\/66600"}],"collection":[{"href":"http:\/\/www.portalmantena.com.br\/novo\/index.php?rest_route=\/wp\/v2\/posts"}],"about":[{"href":"http:\/\/www.portalmantena.com.br\/novo\/index.php?rest_route=\/wp\/v2\/types\/post"}],"author":[{"embeddable":true,"href":"http:\/\/www.portalmantena.com.br\/novo\/index.php?rest_route=\/wp\/v2\/users\/1"}],"replies":[{"embeddable":true,"href":"http:\/\/www.portalmantena.com.br\/novo\/index.php?rest_route=%2Fwp%2Fv2%2Fcomments&post=66600"}],"version-history":[{"count":2,"href":"http:\/\/www.portalmantena.com.br\/novo\/index.php?rest_route=\/wp\/v2\/posts\/66600\/revisions"}],"predecessor-version":[{"id":66603,"href":"http:\/\/www.portalmantena.com.br\/novo\/index.php?rest_route=\/wp\/v2\/posts\/66600\/revisions\/66603"}],"wp:featuredmedia":[{"embeddable":true,"href":"http:\/\/www.portalmantena.com.br\/novo\/index.php?rest_route=\/wp\/v2\/media\/66601"}],"wp:attachment":[{"href":"http:\/\/www.portalmantena.com.br\/novo\/index.php?rest_route=%2Fwp%2Fv2%2Fmedia&parent=66600"}],"wp:term":[{"taxonomy":"category","embeddable":true,"href":"http:\/\/www.portalmantena.com.br\/novo\/index.php?rest_route=%2Fwp%2Fv2%2Fcategories&post=66600"},{"taxonomy":"post_tag","embeddable":true,"href":"http:\/\/www.portalmantena.com.br\/novo\/index.php?rest_route=%2Fwp%2Fv2%2Ftags&post=66600"}],"curies":[{"name":"wp","href":"https:\/\/api.w.org\/{rel}","templated":true}]}}