{"id":66596,"date":"2021-05-06T10:37:47","date_gmt":"2021-05-06T13:37:47","guid":{"rendered":"http:\/\/www.portalmantena.com.br\/novo\/?p=66596"},"modified":"2021-05-06T10:37:47","modified_gmt":"2021-05-06T13:37:47","slug":"mantena-comercio-com-horario-especial-para-o-dia-da-maes","status":"publish","type":"post","link":"http:\/\/www.portalmantena.com.br\/novo\/?p=66596","title":{"rendered":"Mantena: Com\u00e9rcio com hor\u00e1rio especial para o Dia da M\u00e3es"},"content":{"rendered":"<p><a href=\"http:\/\/www.portalmantena.com.br\/novo\/wp-content\/uploads\/2021\/05\/no060521cdl.jpg\"><img loading=\"lazy\" class=\"alignnone size-full wp-image-66597\" src=\"http:\/\/www.portalmantena.com.br\/novo\/wp-content\/uploads\/2021\/05\/no060521cdl.jpg\" alt=\"\" width=\"700\" height=\"450\" srcset=\"http:\/\/www.portalmantena.com.br\/novo\/wp-content\/uploads\/2021\/05\/no060521cdl.jpg 700w, http:\/\/www.portalmantena.com.br\/novo\/wp-content\/uploads\/2021\/05\/no060521cdl-300x193.jpg 300w, http:\/\/www.portalmantena.com.br\/novo\/wp-content\/uploads\/2021\/05\/no060521cdl-696x447.jpg 696w, http:\/\/www.portalmantena.com.br\/novo\/wp-content\/uploads\/2021\/05\/no060521cdl-653x420.jpg 653w\" sizes=\"(max-width: 700px) 100vw, 700px\" \/><\/a><\/p>\n<p><span style=\"font-size: 14pt;\">Uma importante data no calend\u00e1rio de comemora\u00e7\u00f5es ser\u00e1 festejada no pr\u00f3ximo domingo (segundo domingo do m\u00eas de Maio), que \u00e9 o Dia da M\u00e3es. <\/span><\/p>\n<p><span style=\"font-size: 14pt;\">Uma data que \u00e9 bastante movimentada e explorada principalmente pelo setor econ\u00f4mico e empresarial (logistas). <\/span><\/p>\n<p><span style=\"font-size: 18pt;\"><strong>Em Mantena, os hor\u00e1rios especiais de funcionamento do com\u00e9rcio local nestes dias que antecedem a data j\u00e1 foram divulgados pelo CDL.<\/strong><\/span><\/p>\n<p><span style=\"font-size: 14pt;\">Uma informa\u00e7\u00e3o importante para o consumidor mantenense que pode se programar com anteced\u00eancia, evitando inclusive a aglomera\u00e7\u00e3o na hora das compras, em tempos de Pandemia. <\/span><\/p>\n<p><span style=\"font-size: 14pt;\">De acordo com a divulga\u00e7\u00e3o feita pelo CDL de Mantena, nesta sexta-feira dia 07 de Maio, o com\u00e9rcio funcionar\u00e1 at\u00e9 as 19 horas, e no s\u00e1bado dia 08 de Maio (v\u00e9spera do Dia das M\u00e3es), o com\u00e9rcio estar\u00e1 aberto at\u00e9 \u00e0s 18 horas.<\/span><\/p>\n<p><a href=\"http:\/\/www.portalmantena.com.br\/novo\/\"><img loading=\"lazy\" class=\"alignnone size-full wp-image-37331\" src=\"http:\/\/www.portalmantena.com.br\/novo\/wp-content\/uploads\/2018\/05\/faixaportalnoticias5.jpg\" alt=\"\" width=\"700\" height=\"40\" srcset=\"http:\/\/www.portalmantena.com.br\/novo\/wp-content\/uploads\/2018\/05\/faixaportalnoticias5.jpg 700w, http:\/\/www.portalmantena.com.br\/novo\/wp-content\/uploads\/2018\/05\/faixaportalnoticias5-300x17.jpg 300w, http:\/\/www.portalmantena.com.br\/novo\/wp-content\/uploads\/2018\/05\/faixaportalnoticias5-696x40.jpg 696w\" sizes=\"(max-width: 700px) 100vw, 700px\" \/><\/a><\/p>\n<p><span style=\"font-size: 10pt;\">ESPA\u00c7O EMPRESARIAL<\/span><a href=\"http:\/\/www.portalmantena.com.br\/novo\/wp-content\/uploads\/2018\/05\/postoterraboa.jpg\"><img loading=\"lazy\" class=\"alignnone size-full wp-image-29172\" src=\"http:\/\/www.portalmantena.com.br\/novo\/wp-content\/uploads\/2018\/05\/postoterraboa.jpg\" alt=\"\" width=\"700\" height=\"150\" srcset=\"http:\/\/www.portalmantena.com.br\/novo\/wp-content\/uploads\/2018\/05\/postoterraboa.jpg 700w, http:\/\/www.portalmantena.com.br\/novo\/wp-content\/uploads\/2018\/05\/postoterraboa-300x64.jpg 300w, http:\/\/www.portalmantena.com.br\/novo\/wp-content\/uploads\/2018\/05\/postoterraboa-696x150.jpg 696w\" sizes=\"(max-width: 700px) 100vw, 700px\" \/><\/a><\/p>\n","protected":false},"excerpt":{"rendered":"<p>Uma importante data no calend\u00e1rio de comemora\u00e7\u00f5es ser\u00e1 festejada no pr\u00f3ximo domingo (segundo domingo do m\u00eas de Maio), que \u00e9 o Dia da M\u00e3es. Uma data que \u00e9 bastante movimentada e explorada principalmente pelo setor econ\u00f4mico e empresarial (logistas). Em Mantena, os hor\u00e1rios especiais de funcionamento do com\u00e9rcio local nestes dias que antecedem a data [&hellip;]<\/p>\n","protected":false},"author":1,"featured_media":66597,"comment_status":"open","ping_status":"open","sticky":false,"template":"","format":"standard","meta":[],"categories":[11],"tags":[],"_links":{"self":[{"href":"http:\/\/www.portalmantena.com.br\/novo\/index.php?rest_route=\/wp\/v2\/posts\/66596"}],"collection":[{"href":"http:\/\/www.portalmantena.com.br\/novo\/index.php?rest_route=\/wp\/v2\/posts"}],"about":[{"href":"http:\/\/www.portalmantena.com.br\/novo\/index.php?rest_route=\/wp\/v2\/types\/post"}],"author":[{"embeddable":true,"href":"http:\/\/www.portalmantena.com.br\/novo\/index.php?rest_route=\/wp\/v2\/users\/1"}],"replies":[{"embeddable":true,"href":"http:\/\/www.portalmantena.com.br\/novo\/index.php?rest_route=%2Fwp%2Fv2%2Fcomments&post=66596"}],"version-history":[{"count":1,"href":"http:\/\/www.portalmantena.com.br\/novo\/index.php?rest_route=\/wp\/v2\/posts\/66596\/revisions"}],"predecessor-version":[{"id":66598,"href":"http:\/\/www.portalmantena.com.br\/novo\/index.php?rest_route=\/wp\/v2\/posts\/66596\/revisions\/66598"}],"wp:featuredmedia":[{"embeddable":true,"href":"http:\/\/www.portalmantena.com.br\/novo\/index.php?rest_route=\/wp\/v2\/media\/66597"}],"wp:attachment":[{"href":"http:\/\/www.portalmantena.com.br\/novo\/index.php?rest_route=%2Fwp%2Fv2%2Fmedia&parent=66596"}],"wp:term":[{"taxonomy":"category","embeddable":true,"href":"http:\/\/www.portalmantena.com.br\/novo\/index.php?rest_route=%2Fwp%2Fv2%2Fcategories&post=66596"},{"taxonomy":"post_tag","embeddable":true,"href":"http:\/\/www.portalmantena.com.br\/novo\/index.php?rest_route=%2Fwp%2Fv2%2Ftags&post=66596"}],"curies":[{"name":"wp","href":"https:\/\/api.w.org\/{rel}","templated":true}]}}