{"id":66581,"date":"2021-05-05T15:01:22","date_gmt":"2021-05-05T18:01:22","guid":{"rendered":"http:\/\/www.portalmantena.com.br\/novo\/?p=66581"},"modified":"2021-05-05T15:01:22","modified_gmt":"2021-05-05T18:01:22","slug":"mantena-boletim-registra-12-novos-casos-de-covid-em-24-hs","status":"publish","type":"post","link":"http:\/\/www.portalmantena.com.br\/novo\/?p=66581","title":{"rendered":"Mantena: Boletim registra 12 novos casos de covid em 24 hs"},"content":{"rendered":"<p><a href=\"http:\/\/www.portalmantena.com.br\/novo\/wp-content\/uploads\/2021\/05\/no050521covid.jpg\"><img loading=\"lazy\" class=\"alignnone size-full wp-image-66582\" src=\"http:\/\/www.portalmantena.com.br\/novo\/wp-content\/uploads\/2021\/05\/no050521covid.jpg\" alt=\"\" width=\"700\" height=\"450\" srcset=\"http:\/\/www.portalmantena.com.br\/novo\/wp-content\/uploads\/2021\/05\/no050521covid.jpg 700w, http:\/\/www.portalmantena.com.br\/novo\/wp-content\/uploads\/2021\/05\/no050521covid-300x193.jpg 300w, http:\/\/www.portalmantena.com.br\/novo\/wp-content\/uploads\/2021\/05\/no050521covid-696x447.jpg 696w, http:\/\/www.portalmantena.com.br\/novo\/wp-content\/uploads\/2021\/05\/no050521covid-653x420.jpg 653w\" sizes=\"(max-width: 700px) 100vw, 700px\" \/><\/a><\/p>\n<p><span style=\"font-size: 14pt;\">O boletim epidemiol\u00f3gico sobre o covid 19 no munic\u00edpio de Mantena registrou um novo \u00f3bito na tarde desta ter\u00e7a-feira dia 04 de maio, elevando infelizmente para 82 \u00f3bitos desde o in\u00edcio da Pandemia, sendo que, 81 \u00f3bitos foram confirmados e ainda existe um \u00f3bito em investiga\u00e7\u00e3o.<\/span><\/p>\n<p><span style=\"font-size: 14pt;\"> J\u00e1 os casos confirmados de Covid ultrapassaram a casa dos 2.800, chegando a 2.805 casos desde o in\u00edcio da Pandemia. <\/span><\/p>\n<p><span style=\"font-size: 18pt;\"><strong>Os casos suspeitos em investiga\u00e7\u00e3o est\u00e3o estabilizados, chegando nesta data a 59 pessoas em isolamento domiciliar. <\/strong><\/span><\/p>\n<p><span style=\"font-size: 14pt;\">J\u00e1 o total de casos ativos em Mantena subiu nas \u00faltimas 24 horas de 37 casos para 40 casos, sendo que deste total 29 pessoas est\u00e3o em isolamento domiciliar, 07 pessoas est\u00e3o internadas em ala de hospital e 4 pessoas em UTI. <\/span><\/p>\n<p><span style=\"font-size: 14pt;\">A informa\u00e7\u00e3o que tamb\u00e9m chegou a aten\u00e7\u00e3o na atualiza\u00e7\u00e3o do \u00faltimo boletim \u00e9 que foram confirmados 12 novos casos de covid nas \u00faltimas 24 hs em Mantena, ou seja, devemos continuar a proceder as formas de preven\u00e7\u00e3o, pois o v\u00edrus continua fazendo v\u00edtimas e infectando pessoas em nosso munic\u00edpio.<\/span><\/p>\n<p><a href=\"http:\/\/www.portalmantena.com.br\/novo\/\"><img loading=\"lazy\" class=\"alignnone size-full wp-image-37331\" src=\"http:\/\/www.portalmantena.com.br\/novo\/wp-content\/uploads\/2018\/05\/faixaportalnoticias5.jpg\" alt=\"\" width=\"700\" height=\"40\" srcset=\"http:\/\/www.portalmantena.com.br\/novo\/wp-content\/uploads\/2018\/05\/faixaportalnoticias5.jpg 700w, http:\/\/www.portalmantena.com.br\/novo\/wp-content\/uploads\/2018\/05\/faixaportalnoticias5-300x17.jpg 300w, http:\/\/www.portalmantena.com.br\/novo\/wp-content\/uploads\/2018\/05\/faixaportalnoticias5-696x40.jpg 696w\" sizes=\"(max-width: 700px) 100vw, 700px\" \/><\/a><\/p>\n<p><span style=\"font-size: 10pt;\">ESPA\u00c7O EMPRESARIAL<\/span><a href=\"http:\/\/www.portalmantena.com.br\/novo\/?p=53568\"><img loading=\"lazy\" class=\"alignnone size-full wp-image-54066\" src=\"http:\/\/www.portalmantena.com.br\/novo\/wp-content\/uploads\/2018\/05\/valenteapp.jpg\" alt=\"\" width=\"700\" height=\"150\" srcset=\"http:\/\/www.portalmantena.com.br\/novo\/wp-content\/uploads\/2018\/05\/valenteapp.jpg 700w, http:\/\/www.portalmantena.com.br\/novo\/wp-content\/uploads\/2018\/05\/valenteapp-300x64.jpg 300w, http:\/\/www.portalmantena.com.br\/novo\/wp-content\/uploads\/2018\/05\/valenteapp-696x150.jpg 696w\" sizes=\"(max-width: 700px) 100vw, 700px\" \/><\/a><\/p>\n","protected":false},"excerpt":{"rendered":"<p>O boletim epidemiol\u00f3gico sobre o covid 19 no munic\u00edpio de Mantena registrou um novo \u00f3bito na tarde desta ter\u00e7a-feira dia 04 de maio, elevando infelizmente para 82 \u00f3bitos desde o in\u00edcio da Pandemia, sendo que, 81 \u00f3bitos foram confirmados e ainda existe um \u00f3bito em investiga\u00e7\u00e3o. J\u00e1 os casos confirmados de Covid ultrapassaram a casa [&hellip;]<\/p>\n","protected":false},"author":1,"featured_media":66582,"comment_status":"open","ping_status":"open","sticky":false,"template":"","format":"standard","meta":[],"categories":[11],"tags":[],"_links":{"self":[{"href":"http:\/\/www.portalmantena.com.br\/novo\/index.php?rest_route=\/wp\/v2\/posts\/66581"}],"collection":[{"href":"http:\/\/www.portalmantena.com.br\/novo\/index.php?rest_route=\/wp\/v2\/posts"}],"about":[{"href":"http:\/\/www.portalmantena.com.br\/novo\/index.php?rest_route=\/wp\/v2\/types\/post"}],"author":[{"embeddable":true,"href":"http:\/\/www.portalmantena.com.br\/novo\/index.php?rest_route=\/wp\/v2\/users\/1"}],"replies":[{"embeddable":true,"href":"http:\/\/www.portalmantena.com.br\/novo\/index.php?rest_route=%2Fwp%2Fv2%2Fcomments&post=66581"}],"version-history":[{"count":1,"href":"http:\/\/www.portalmantena.com.br\/novo\/index.php?rest_route=\/wp\/v2\/posts\/66581\/revisions"}],"predecessor-version":[{"id":66583,"href":"http:\/\/www.portalmantena.com.br\/novo\/index.php?rest_route=\/wp\/v2\/posts\/66581\/revisions\/66583"}],"wp:featuredmedia":[{"embeddable":true,"href":"http:\/\/www.portalmantena.com.br\/novo\/index.php?rest_route=\/wp\/v2\/media\/66582"}],"wp:attachment":[{"href":"http:\/\/www.portalmantena.com.br\/novo\/index.php?rest_route=%2Fwp%2Fv2%2Fmedia&parent=66581"}],"wp:term":[{"taxonomy":"category","embeddable":true,"href":"http:\/\/www.portalmantena.com.br\/novo\/index.php?rest_route=%2Fwp%2Fv2%2Fcategories&post=66581"},{"taxonomy":"post_tag","embeddable":true,"href":"http:\/\/www.portalmantena.com.br\/novo\/index.php?rest_route=%2Fwp%2Fv2%2Ftags&post=66581"}],"curies":[{"name":"wp","href":"https:\/\/api.w.org\/{rel}","templated":true}]}}