{"id":66572,"date":"2021-05-05T09:30:50","date_gmt":"2021-05-05T12:30:50","guid":{"rendered":"http:\/\/www.portalmantena.com.br\/novo\/?p=66572"},"modified":"2021-05-05T09:41:08","modified_gmt":"2021-05-05T12:41:08","slug":"mantena-semana-de-vacinacao-contra-covid-veja-as-datas","status":"publish","type":"post","link":"http:\/\/www.portalmantena.com.br\/novo\/?p=66572","title":{"rendered":"Mantena: Semana de Vacina\u00e7\u00e3o contra covid, veja as datas"},"content":{"rendered":"<p><a href=\"http:\/\/www.portalmantena.com.br\/novo\/wp-content\/uploads\/2021\/05\/no050521vaina.jpg\"><img loading=\"lazy\" class=\"alignnone size-full wp-image-66573\" src=\"http:\/\/www.portalmantena.com.br\/novo\/wp-content\/uploads\/2021\/05\/no050521vaina.jpg\" alt=\"\" width=\"700\" height=\"450\" srcset=\"http:\/\/www.portalmantena.com.br\/novo\/wp-content\/uploads\/2021\/05\/no050521vaina.jpg 700w, http:\/\/www.portalmantena.com.br\/novo\/wp-content\/uploads\/2021\/05\/no050521vaina-300x193.jpg 300w, http:\/\/www.portalmantena.com.br\/novo\/wp-content\/uploads\/2021\/05\/no050521vaina-696x447.jpg 696w, http:\/\/www.portalmantena.com.br\/novo\/wp-content\/uploads\/2021\/05\/no050521vaina-653x420.jpg 653w\" sizes=\"(max-width: 700px) 100vw, 700px\" \/><\/a><\/p>\n<p><span style=\"font-size: 14pt;\">Acontece nesta quarta-feira dia 05 de maio mais uma etapa de vacina\u00e7\u00e3o contra o covid 19 em Mantena. <\/span><\/p>\n<p><span style=\"font-size: 14pt;\">Como foi anunciado pela secretaria municipal de sa\u00fade no in\u00edcio da semana, a faixa et\u00e1ria alcan\u00e7ada nesta data ser\u00e1 de pessoas com 61 anos. Estas pessoas ter\u00e3o \u00e0 sua disposi\u00e7\u00e3o tr\u00eas locais de vacina\u00e7\u00e3o, sendo eles: Quadra coberta da escola municipal Ant\u00f4nio Carlos, Tenda do Mamma mia, na pista de caminhada no bairro Vila Nova e no PSF do bairro Santo Ant\u00f4nio. <\/span><\/p>\n<p><span style=\"font-size: 18pt;\"><strong>O hor\u00e1rio de vacina\u00e7\u00e3o ser\u00e1 de 8 \u00e0s 14 horas. <\/strong><\/span><\/p>\n<p><span style=\"font-size: 14pt;\">Houve no entanto, uma altera\u00e7\u00e3o na programa\u00e7\u00e3o de vacina\u00e7\u00e3o para esta semana, a faixa et\u00e1ria de 60 anos que seria vacinada na quinta-feira dia 6 de Maio, foi transferida para a sexta-feira dia 7 de Maio. <\/span><\/p>\n<p><span style=\"font-size: 14pt;\">A altera\u00e7\u00e3o se deu em fun\u00e7\u00e3o da quantidade de vacinas recebidas nesta ter\u00e7a-feira. <\/span><\/p>\n<p><span style=\"font-size: 14pt;\">Lembrando que as pessoas que forem se vacinar devem levar documentos como o cart\u00e3o de vacina e documento com foto.<\/span><\/p>\n<p><a href=\"http:\/\/www.portalmantena.com.br\/novo\/\"><img loading=\"lazy\" class=\"alignnone size-full wp-image-37331\" src=\"http:\/\/www.portalmantena.com.br\/novo\/wp-content\/uploads\/2018\/05\/faixaportalnoticias5.jpg\" alt=\"\" width=\"700\" height=\"40\" srcset=\"http:\/\/www.portalmantena.com.br\/novo\/wp-content\/uploads\/2018\/05\/faixaportalnoticias5.jpg 700w, http:\/\/www.portalmantena.com.br\/novo\/wp-content\/uploads\/2018\/05\/faixaportalnoticias5-300x17.jpg 300w, http:\/\/www.portalmantena.com.br\/novo\/wp-content\/uploads\/2018\/05\/faixaportalnoticias5-696x40.jpg 696w\" sizes=\"(max-width: 700px) 100vw, 700px\" \/><\/a><\/p>\n<p><span style=\"font-size: 10pt;\">ESPA\u00c7O EMPRESARIAL<\/span><a href=\"https:\/\/www.facebook.com\/lojaeletrocellcelulares\/\"><img loading=\"lazy\" class=\"alignnone size-full wp-image-37660\" src=\"http:\/\/www.portalmantena.com.br\/novo\/wp-content\/uploads\/2018\/05\/eletrocel1.jpg\" alt=\"\" width=\"700\" height=\"150\" srcset=\"http:\/\/www.portalmantena.com.br\/novo\/wp-content\/uploads\/2018\/05\/eletrocel1.jpg 700w, http:\/\/www.portalmantena.com.br\/novo\/wp-content\/uploads\/2018\/05\/eletrocel1-300x64.jpg 300w, http:\/\/www.portalmantena.com.br\/novo\/wp-content\/uploads\/2018\/05\/eletrocel1-696x150.jpg 696w\" sizes=\"(max-width: 700px) 100vw, 700px\" \/><\/a><\/p>\n","protected":false},"excerpt":{"rendered":"<p>Acontece nesta quarta-feira dia 05 de maio mais uma etapa de vacina\u00e7\u00e3o contra o covid 19 em Mantena. Como foi anunciado pela secretaria municipal de sa\u00fade no in\u00edcio da semana, a faixa et\u00e1ria alcan\u00e7ada nesta data ser\u00e1 de pessoas com 61 anos. Estas pessoas ter\u00e3o \u00e0 sua disposi\u00e7\u00e3o tr\u00eas locais de vacina\u00e7\u00e3o, sendo eles: Quadra [&hellip;]<\/p>\n","protected":false},"author":1,"featured_media":66573,"comment_status":"open","ping_status":"open","sticky":false,"template":"","format":"standard","meta":[],"categories":[12],"tags":[],"_links":{"self":[{"href":"http:\/\/www.portalmantena.com.br\/novo\/index.php?rest_route=\/wp\/v2\/posts\/66572"}],"collection":[{"href":"http:\/\/www.portalmantena.com.br\/novo\/index.php?rest_route=\/wp\/v2\/posts"}],"about":[{"href":"http:\/\/www.portalmantena.com.br\/novo\/index.php?rest_route=\/wp\/v2\/types\/post"}],"author":[{"embeddable":true,"href":"http:\/\/www.portalmantena.com.br\/novo\/index.php?rest_route=\/wp\/v2\/users\/1"}],"replies":[{"embeddable":true,"href":"http:\/\/www.portalmantena.com.br\/novo\/index.php?rest_route=%2Fwp%2Fv2%2Fcomments&post=66572"}],"version-history":[{"count":2,"href":"http:\/\/www.portalmantena.com.br\/novo\/index.php?rest_route=\/wp\/v2\/posts\/66572\/revisions"}],"predecessor-version":[{"id":66575,"href":"http:\/\/www.portalmantena.com.br\/novo\/index.php?rest_route=\/wp\/v2\/posts\/66572\/revisions\/66575"}],"wp:featuredmedia":[{"embeddable":true,"href":"http:\/\/www.portalmantena.com.br\/novo\/index.php?rest_route=\/wp\/v2\/media\/66573"}],"wp:attachment":[{"href":"http:\/\/www.portalmantena.com.br\/novo\/index.php?rest_route=%2Fwp%2Fv2%2Fmedia&parent=66572"}],"wp:term":[{"taxonomy":"category","embeddable":true,"href":"http:\/\/www.portalmantena.com.br\/novo\/index.php?rest_route=%2Fwp%2Fv2%2Fcategories&post=66572"},{"taxonomy":"post_tag","embeddable":true,"href":"http:\/\/www.portalmantena.com.br\/novo\/index.php?rest_route=%2Fwp%2Fv2%2Ftags&post=66572"}],"curies":[{"name":"wp","href":"https:\/\/api.w.org\/{rel}","templated":true}]}}