{"id":66542,"date":"2021-05-04T09:40:43","date_gmt":"2021-05-04T12:40:43","guid":{"rendered":"http:\/\/www.portalmantena.com.br\/novo\/?p=66542"},"modified":"2021-05-04T09:40:43","modified_gmt":"2021-05-04T12:40:43","slug":"luto-faleceu-em-mantena-dona-mariquinha-aos-98-anos","status":"publish","type":"post","link":"http:\/\/www.portalmantena.com.br\/novo\/?p=66542","title":{"rendered":"Luto: Faleceu em Mantena dona Mariquinha aos 98 anos"},"content":{"rendered":"<p><a href=\"http:\/\/www.portalmantena.com.br\/novo\/wp-content\/uploads\/2021\/05\/no040521mariquinha.jpg\"><img loading=\"lazy\" class=\"alignnone size-full wp-image-66543\" src=\"http:\/\/www.portalmantena.com.br\/novo\/wp-content\/uploads\/2021\/05\/no040521mariquinha.jpg\" alt=\"\" width=\"700\" height=\"450\" srcset=\"http:\/\/www.portalmantena.com.br\/novo\/wp-content\/uploads\/2021\/05\/no040521mariquinha.jpg 700w, http:\/\/www.portalmantena.com.br\/novo\/wp-content\/uploads\/2021\/05\/no040521mariquinha-300x193.jpg 300w, http:\/\/www.portalmantena.com.br\/novo\/wp-content\/uploads\/2021\/05\/no040521mariquinha-696x447.jpg 696w, http:\/\/www.portalmantena.com.br\/novo\/wp-content\/uploads\/2021\/05\/no040521mariquinha-653x420.jpg 653w\" sizes=\"(max-width: 700px) 100vw, 700px\" \/><\/a><\/p>\n<p><span style=\"font-size: 14pt;\">Faleceu na madrugada desta ter\u00e7a-feira dia 04 de Maio, de morte natural aos 98 anos, a ilustre mantenense dona Maria Elmira de Oliveira, conhecida dona Mariquinha. <\/span><\/p>\n<p><span style=\"font-size: 14pt;\">Membro da Primeira Igreja Batista de Mantena, dona Mariquinha \u00e9 uma serva de Deus, que se alegrava muito em ir \u00e0 igreja cultuar ao salvador, e deixou bons exemplos de pessoa integra e temente a Deus. <\/span><\/p>\n<p><span style=\"font-size: 18pt;\"><strong>Dona Mariquinha \u00e9 m\u00e3e dos mantenenses Irani, Em\u00eddio, Ivair, Idevair, Paulinha e llma. <\/strong><\/span><\/p>\n<p><span style=\"font-size: 14pt;\">V\u00f3 e bisav\u00f3 muito querida, ela deixa 19 netos e 29 bisnetos. Seu corpo ser\u00e1 velado no templo da Primeira Igreja Batista de Mantena e sepultado no Cemit\u00e9rio do Centro, em hor\u00e1rio a ser confirmado pela fam\u00edlia nas pr\u00f3ximas horas. <\/span><\/p>\n<p><span style=\"font-size: 14pt;\">Fica aqui o profundo sentimento e as condol\u00eancias dos amigos e leitores do portalmantena \u00e0 fam\u00edlia enlutada, pedindo ao nosso Deus que conforte os cora\u00e7\u00f5es neste momento de dor e separa\u00e7\u00e3o.<\/span><\/p>\n<p>&nbsp;<\/p>\n<p><span style=\"font-size: 14pt;\"><strong>ACESSE\u00a0<a href=\"http:\/\/www.portalmantena.com.br\/novo\/?p=65270\">AQUI<\/a> O OBITU\u00c1RIO 2021<\/strong><\/span><\/p>\n<p><a href=\"http:\/\/www.portalmantena.com.br\/novo\/\"><img loading=\"lazy\" class=\"alignnone size-full wp-image-37331\" src=\"http:\/\/www.portalmantena.com.br\/novo\/wp-content\/uploads\/2018\/05\/faixaportalnoticias5.jpg\" alt=\"\" width=\"700\" height=\"40\" srcset=\"http:\/\/www.portalmantena.com.br\/novo\/wp-content\/uploads\/2018\/05\/faixaportalnoticias5.jpg 700w, http:\/\/www.portalmantena.com.br\/novo\/wp-content\/uploads\/2018\/05\/faixaportalnoticias5-300x17.jpg 300w, http:\/\/www.portalmantena.com.br\/novo\/wp-content\/uploads\/2018\/05\/faixaportalnoticias5-696x40.jpg 696w\" sizes=\"(max-width: 700px) 100vw, 700px\" \/><\/a><\/p>\n","protected":false},"excerpt":{"rendered":"<p>Faleceu na madrugada desta ter\u00e7a-feira dia 04 de Maio, de morte natural aos 98 anos, a ilustre mantenense dona Maria Elmira de Oliveira, conhecida dona Mariquinha. Membro da Primeira Igreja Batista de Mantena, dona Mariquinha \u00e9 uma serva de Deus, que se alegrava muito em ir \u00e0 igreja cultuar ao salvador, e deixou bons exemplos [&hellip;]<\/p>\n","protected":false},"author":1,"featured_media":66543,"comment_status":"open","ping_status":"open","sticky":false,"template":"","format":"standard","meta":[],"categories":[11],"tags":[],"_links":{"self":[{"href":"http:\/\/www.portalmantena.com.br\/novo\/index.php?rest_route=\/wp\/v2\/posts\/66542"}],"collection":[{"href":"http:\/\/www.portalmantena.com.br\/novo\/index.php?rest_route=\/wp\/v2\/posts"}],"about":[{"href":"http:\/\/www.portalmantena.com.br\/novo\/index.php?rest_route=\/wp\/v2\/types\/post"}],"author":[{"embeddable":true,"href":"http:\/\/www.portalmantena.com.br\/novo\/index.php?rest_route=\/wp\/v2\/users\/1"}],"replies":[{"embeddable":true,"href":"http:\/\/www.portalmantena.com.br\/novo\/index.php?rest_route=%2Fwp%2Fv2%2Fcomments&post=66542"}],"version-history":[{"count":1,"href":"http:\/\/www.portalmantena.com.br\/novo\/index.php?rest_route=\/wp\/v2\/posts\/66542\/revisions"}],"predecessor-version":[{"id":66544,"href":"http:\/\/www.portalmantena.com.br\/novo\/index.php?rest_route=\/wp\/v2\/posts\/66542\/revisions\/66544"}],"wp:featuredmedia":[{"embeddable":true,"href":"http:\/\/www.portalmantena.com.br\/novo\/index.php?rest_route=\/wp\/v2\/media\/66543"}],"wp:attachment":[{"href":"http:\/\/www.portalmantena.com.br\/novo\/index.php?rest_route=%2Fwp%2Fv2%2Fmedia&parent=66542"}],"wp:term":[{"taxonomy":"category","embeddable":true,"href":"http:\/\/www.portalmantena.com.br\/novo\/index.php?rest_route=%2Fwp%2Fv2%2Fcategories&post=66542"},{"taxonomy":"post_tag","embeddable":true,"href":"http:\/\/www.portalmantena.com.br\/novo\/index.php?rest_route=%2Fwp%2Fv2%2Ftags&post=66542"}],"curies":[{"name":"wp","href":"https:\/\/api.w.org\/{rel}","templated":true}]}}