{"id":66537,"date":"2021-05-04T09:13:20","date_gmt":"2021-05-04T12:13:20","guid":{"rendered":"http:\/\/www.portalmantena.com.br\/novo\/?p=66537"},"modified":"2021-05-05T09:41:36","modified_gmt":"2021-05-05T12:41:36","slug":"covid-mantena-ira-vacinar-pessoas-de-60-e-61-anos-esta-semana","status":"publish","type":"post","link":"http:\/\/www.portalmantena.com.br\/novo\/?p=66537","title":{"rendered":"Covid: Mantena ir\u00e1 vacinar pessoas de 60 e 61 anos"},"content":{"rendered":"<p><a href=\"http:\/\/www.portalmantena.com.br\/novo\/wp-content\/uploads\/2021\/05\/no040521vacina.jpg\"><img loading=\"lazy\" class=\"alignnone size-full wp-image-66538\" src=\"http:\/\/www.portalmantena.com.br\/novo\/wp-content\/uploads\/2021\/05\/no040521vacina.jpg\" alt=\"\" width=\"700\" height=\"450\" srcset=\"http:\/\/www.portalmantena.com.br\/novo\/wp-content\/uploads\/2021\/05\/no040521vacina.jpg 700w, http:\/\/www.portalmantena.com.br\/novo\/wp-content\/uploads\/2021\/05\/no040521vacina-300x193.jpg 300w, http:\/\/www.portalmantena.com.br\/novo\/wp-content\/uploads\/2021\/05\/no040521vacina-696x447.jpg 696w, http:\/\/www.portalmantena.com.br\/novo\/wp-content\/uploads\/2021\/05\/no040521vacina-653x420.jpg 653w\" sizes=\"(max-width: 700px) 100vw, 700px\" \/><\/a><\/p>\n<p><span style=\"font-size: 14pt;\">Esta semana que antecede o dia das m\u00e3es, ser\u00e1 de imuniza\u00e7\u00e3o para algumas faixas et\u00e1rias em Mantena contra o covid 19. <\/span><\/p>\n<p><span style=\"font-size: 14pt;\">De acordo com a secretaria municipal de sa\u00fade, nesta quarta-feira dia 05 de Maio, mantenenses com 61 anos ser\u00e3o vacinados, e na quinta-feira dia 06 de maio ser\u00e1 a vez da faixa et\u00e1ria de 60 anos. <\/span><\/p>\n<p><span style=\"font-size: 18pt;\"><strong>O hor\u00e1rio de vacina\u00e7\u00e3o ser\u00e1 de 8 \u00e0s 14 horas e desta vez realizada em tr\u00eas pontos distintos na cidade. <\/strong><\/span><\/p>\n<p><span style=\"font-size: 14pt;\">Um destes locais ser\u00e1 na quadra coberta da escola municipal Ant\u00f4nio Carlos, o outro no bairro Vila Nova no PSF (tenda do Mamma Mia).<\/span><\/p>\n<p><span style=\"font-size: 14pt;\"> J\u00e1 o terceiro local de vacina\u00e7\u00e3o ser\u00e1 no PSF do bairro Santo Ant\u00f4nio. Lembrando que as pessoas que foram receber a vacina devem levar o cart\u00e3o de vacina, cart\u00e3o do sus e CPF (documento com foto).<\/span><\/p>\n<p><a href=\"http:\/\/www.portalmantena.com.br\/novo\/\"><img loading=\"lazy\" class=\"alignnone size-full wp-image-37331\" src=\"http:\/\/www.portalmantena.com.br\/novo\/wp-content\/uploads\/2018\/05\/faixaportalnoticias5.jpg\" alt=\"\" width=\"700\" height=\"40\" srcset=\"http:\/\/www.portalmantena.com.br\/novo\/wp-content\/uploads\/2018\/05\/faixaportalnoticias5.jpg 700w, http:\/\/www.portalmantena.com.br\/novo\/wp-content\/uploads\/2018\/05\/faixaportalnoticias5-300x17.jpg 300w, http:\/\/www.portalmantena.com.br\/novo\/wp-content\/uploads\/2018\/05\/faixaportalnoticias5-696x40.jpg 696w\" sizes=\"(max-width: 700px) 100vw, 700px\" \/><\/a><\/p>\n<p><span style=\"font-size: 10pt;\">ESPA\u00c7O EMPRESARIAL<\/span><a href=\"https:\/\/www.facebook.com\/profile.php?id=100004934627949&amp;fref=ts\"><img loading=\"lazy\" class=\"alignnone size-full wp-image-59752\" src=\"http:\/\/www.portalmantena.com.br\/novo\/wp-content\/uploads\/2018\/05\/print150420.jpg\" alt=\"\" width=\"700\" height=\"150\" srcset=\"http:\/\/www.portalmantena.com.br\/novo\/wp-content\/uploads\/2018\/05\/print150420.jpg 700w, http:\/\/www.portalmantena.com.br\/novo\/wp-content\/uploads\/2018\/05\/print150420-300x64.jpg 300w, http:\/\/www.portalmantena.com.br\/novo\/wp-content\/uploads\/2018\/05\/print150420-696x150.jpg 696w\" sizes=\"(max-width: 700px) 100vw, 700px\" \/><\/a><\/p>\n","protected":false},"excerpt":{"rendered":"<p>Esta semana que antecede o dia das m\u00e3es, ser\u00e1 de imuniza\u00e7\u00e3o para algumas faixas et\u00e1rias em Mantena contra o covid 19. De acordo com a secretaria municipal de sa\u00fade, nesta quarta-feira dia 05 de Maio, mantenenses com 61 anos ser\u00e3o vacinados, e na quinta-feira dia 06 de maio ser\u00e1 a vez da faixa et\u00e1ria de [&hellip;]<\/p>\n","protected":false},"author":1,"featured_media":66538,"comment_status":"open","ping_status":"open","sticky":false,"template":"","format":"standard","meta":[],"categories":[11],"tags":[],"_links":{"self":[{"href":"http:\/\/www.portalmantena.com.br\/novo\/index.php?rest_route=\/wp\/v2\/posts\/66537"}],"collection":[{"href":"http:\/\/www.portalmantena.com.br\/novo\/index.php?rest_route=\/wp\/v2\/posts"}],"about":[{"href":"http:\/\/www.portalmantena.com.br\/novo\/index.php?rest_route=\/wp\/v2\/types\/post"}],"author":[{"embeddable":true,"href":"http:\/\/www.portalmantena.com.br\/novo\/index.php?rest_route=\/wp\/v2\/users\/1"}],"replies":[{"embeddable":true,"href":"http:\/\/www.portalmantena.com.br\/novo\/index.php?rest_route=%2Fwp%2Fv2%2Fcomments&post=66537"}],"version-history":[{"count":3,"href":"http:\/\/www.portalmantena.com.br\/novo\/index.php?rest_route=\/wp\/v2\/posts\/66537\/revisions"}],"predecessor-version":[{"id":66545,"href":"http:\/\/www.portalmantena.com.br\/novo\/index.php?rest_route=\/wp\/v2\/posts\/66537\/revisions\/66545"}],"wp:featuredmedia":[{"embeddable":true,"href":"http:\/\/www.portalmantena.com.br\/novo\/index.php?rest_route=\/wp\/v2\/media\/66538"}],"wp:attachment":[{"href":"http:\/\/www.portalmantena.com.br\/novo\/index.php?rest_route=%2Fwp%2Fv2%2Fmedia&parent=66537"}],"wp:term":[{"taxonomy":"category","embeddable":true,"href":"http:\/\/www.portalmantena.com.br\/novo\/index.php?rest_route=%2Fwp%2Fv2%2Fcategories&post=66537"},{"taxonomy":"post_tag","embeddable":true,"href":"http:\/\/www.portalmantena.com.br\/novo\/index.php?rest_route=%2Fwp%2Fv2%2Ftags&post=66537"}],"curies":[{"name":"wp","href":"https:\/\/api.w.org\/{rel}","templated":true}]}}