{"id":66534,"date":"2021-05-04T08:36:46","date_gmt":"2021-05-04T11:36:46","guid":{"rendered":"http:\/\/www.portalmantena.com.br\/novo\/?p=66534"},"modified":"2021-05-04T08:36:46","modified_gmt":"2021-05-04T11:36:46","slug":"covid-mantena-nao-registra-novos-obitos-ha-6-dias","status":"publish","type":"post","link":"http:\/\/www.portalmantena.com.br\/novo\/?p=66534","title":{"rendered":"Covid: Mantena n\u00e3o registra novos \u00f3bitos h\u00e1 6 dias"},"content":{"rendered":"<p><a href=\"http:\/\/www.portalmantena.com.br\/novo\/wp-content\/uploads\/2021\/05\/no040521covid.jpg\"><img loading=\"lazy\" class=\"alignnone size-full wp-image-66535\" src=\"http:\/\/www.portalmantena.com.br\/novo\/wp-content\/uploads\/2021\/05\/no040521covid.jpg\" alt=\"\" width=\"700\" height=\"450\" srcset=\"http:\/\/www.portalmantena.com.br\/novo\/wp-content\/uploads\/2021\/05\/no040521covid.jpg 700w, http:\/\/www.portalmantena.com.br\/novo\/wp-content\/uploads\/2021\/05\/no040521covid-300x193.jpg 300w, http:\/\/www.portalmantena.com.br\/novo\/wp-content\/uploads\/2021\/05\/no040521covid-696x447.jpg 696w, http:\/\/www.portalmantena.com.br\/novo\/wp-content\/uploads\/2021\/05\/no040521covid-653x420.jpg 653w\" sizes=\"(max-width: 700px) 100vw, 700px\" \/><\/a><\/p>\n<p><span style=\"font-size: 14pt;\">Foi divulgada uma \u00f3tima not\u00edcia para a popula\u00e7\u00e3o mantenense nestes tempos de preocupa\u00e7\u00e3o e tristezas com as mortes provocadas pelo covid 19 no munic\u00edpio. <\/span><\/p>\n<p><span style=\"font-size: 14pt;\">De acordo com o \u00faltimo boletim epidemiol\u00f3gico divulgado na noite desta segunda-feira dia 03 de maio, n\u00e3o foi registrado nenhum novo \u00f3bito nos \u00faltimos 6 dias. O \u00faltimo registro de \u00f3bito provocado por covid 19 no munic\u00edpio de Mantena ocorreu no boletim do \u00faltimo dia 27 de abril. <\/span><\/p>\n<p><span style=\"font-size: 14pt;\">O total de mortes desde o in\u00edcio da Pandemia em Mantena totaliza 81, sendo que 80 foram confirmados e 01 est\u00e1 ainda sob investiga\u00e7\u00e3o. <\/span><\/p>\n<p><span style=\"font-size: 18pt;\"><strong>J\u00e1 os casos suspeitos em investiga\u00e7\u00e3o totalizam nesta data 60, n\u00famero que tamb\u00e9m reflete uma queda significativa nos registros. <\/strong><\/span><\/p>\n<p><span style=\"font-size: 14pt;\">Os casos ativos somam 37, registros tamb\u00e9m em queda, sendo que deste total 29 pessoas est\u00e3o em isolamento domiciliar, 05 internados em UTI e 03 internados em Ala de hospital. <\/span><\/p>\n<p><span style=\"font-size: 14pt;\">S\u00e3o dados significativos mostrando uma redu\u00e7\u00e3o no casos registrados em Mantena, no entanto para que possamos voltar \u00e0 normalidade, ou pelo menos se aproximar dela \u00e9 necess\u00e1rio que todo cidad\u00e3o siga fazendo sua parte, evitando aglomera\u00e7\u00f5es, utilizando \u00e1lcool em gel, lavando as m\u00e3os com frequ\u00eancia e o principal seguir usando m\u00e1scaras.<\/span><\/p>\n<p><a href=\"http:\/\/www.portalmantena.com.br\/novo\/\"><img loading=\"lazy\" class=\"alignnone size-full wp-image-37331\" src=\"http:\/\/www.portalmantena.com.br\/novo\/wp-content\/uploads\/2018\/05\/faixaportalnoticias5.jpg\" alt=\"\" width=\"700\" height=\"40\" srcset=\"http:\/\/www.portalmantena.com.br\/novo\/wp-content\/uploads\/2018\/05\/faixaportalnoticias5.jpg 700w, http:\/\/www.portalmantena.com.br\/novo\/wp-content\/uploads\/2018\/05\/faixaportalnoticias5-300x17.jpg 300w, http:\/\/www.portalmantena.com.br\/novo\/wp-content\/uploads\/2018\/05\/faixaportalnoticias5-696x40.jpg 696w\" sizes=\"(max-width: 700px) 100vw, 700px\" \/><\/a><\/p>\n<p><span style=\"font-size: 10pt;\">ESPA\u00c7O EMPRESARIAL<\/span><a href=\"http:\/\/www.temposolar.com.br\/\"><img loading=\"lazy\" class=\"alignnone size-full wp-image-44084\" src=\"http:\/\/www.portalmantena.com.br\/novo\/wp-content\/uploads\/2018\/05\/temposolarbb.jpg\" alt=\"\" width=\"700\" height=\"150\" srcset=\"http:\/\/www.portalmantena.com.br\/novo\/wp-content\/uploads\/2018\/05\/temposolarbb.jpg 700w, http:\/\/www.portalmantena.com.br\/novo\/wp-content\/uploads\/2018\/05\/temposolarbb-300x64.jpg 300w, http:\/\/www.portalmantena.com.br\/novo\/wp-content\/uploads\/2018\/05\/temposolarbb-696x150.jpg 696w\" sizes=\"(max-width: 700px) 100vw, 700px\" \/><\/a><\/p>\n","protected":false},"excerpt":{"rendered":"<p>Foi divulgada uma \u00f3tima not\u00edcia para a popula\u00e7\u00e3o mantenense nestes tempos de preocupa\u00e7\u00e3o e tristezas com as mortes provocadas pelo covid 19 no munic\u00edpio. De acordo com o \u00faltimo boletim epidemiol\u00f3gico divulgado na noite desta segunda-feira dia 03 de maio, n\u00e3o foi registrado nenhum novo \u00f3bito nos \u00faltimos 6 dias. O \u00faltimo registro de \u00f3bito [&hellip;]<\/p>\n","protected":false},"author":1,"featured_media":66535,"comment_status":"open","ping_status":"open","sticky":false,"template":"","format":"standard","meta":[],"categories":[11],"tags":[],"_links":{"self":[{"href":"http:\/\/www.portalmantena.com.br\/novo\/index.php?rest_route=\/wp\/v2\/posts\/66534"}],"collection":[{"href":"http:\/\/www.portalmantena.com.br\/novo\/index.php?rest_route=\/wp\/v2\/posts"}],"about":[{"href":"http:\/\/www.portalmantena.com.br\/novo\/index.php?rest_route=\/wp\/v2\/types\/post"}],"author":[{"embeddable":true,"href":"http:\/\/www.portalmantena.com.br\/novo\/index.php?rest_route=\/wp\/v2\/users\/1"}],"replies":[{"embeddable":true,"href":"http:\/\/www.portalmantena.com.br\/novo\/index.php?rest_route=%2Fwp%2Fv2%2Fcomments&post=66534"}],"version-history":[{"count":1,"href":"http:\/\/www.portalmantena.com.br\/novo\/index.php?rest_route=\/wp\/v2\/posts\/66534\/revisions"}],"predecessor-version":[{"id":66536,"href":"http:\/\/www.portalmantena.com.br\/novo\/index.php?rest_route=\/wp\/v2\/posts\/66534\/revisions\/66536"}],"wp:featuredmedia":[{"embeddable":true,"href":"http:\/\/www.portalmantena.com.br\/novo\/index.php?rest_route=\/wp\/v2\/media\/66535"}],"wp:attachment":[{"href":"http:\/\/www.portalmantena.com.br\/novo\/index.php?rest_route=%2Fwp%2Fv2%2Fmedia&parent=66534"}],"wp:term":[{"taxonomy":"category","embeddable":true,"href":"http:\/\/www.portalmantena.com.br\/novo\/index.php?rest_route=%2Fwp%2Fv2%2Fcategories&post=66534"},{"taxonomy":"post_tag","embeddable":true,"href":"http:\/\/www.portalmantena.com.br\/novo\/index.php?rest_route=%2Fwp%2Fv2%2Ftags&post=66534"}],"curies":[{"name":"wp","href":"https:\/\/api.w.org\/{rel}","templated":true}]}}