{"id":66523,"date":"2021-05-03T11:52:38","date_gmt":"2021-05-03T14:52:38","guid":{"rendered":"http:\/\/www.portalmantena.com.br\/novo\/?p=66523"},"modified":"2021-05-10T09:59:06","modified_gmt":"2021-05-10T12:59:06","slug":"mantena-cestas-basicas-sao-doadas-pela-glmmg-e-loja-maconica","status":"publish","type":"post","link":"http:\/\/www.portalmantena.com.br\/novo\/?p=66523","title":{"rendered":"Mantena: Cestas b\u00e1sicas s\u00e3o doadas pela GLMMG e Loja Ma\u00e7\u00f4nica"},"content":{"rendered":"<p><a href=\"http:\/\/www.portalmantena.com.br\/novo\/wp-content\/uploads\/2021\/05\/no030521doacao2-1.jpg\"><img loading=\"lazy\" class=\"alignnone size-full wp-image-66524\" src=\"http:\/\/www.portalmantena.com.br\/novo\/wp-content\/uploads\/2021\/05\/no030521doacao2-1.jpg\" alt=\"\" width=\"700\" height=\"450\" srcset=\"http:\/\/www.portalmantena.com.br\/novo\/wp-content\/uploads\/2021\/05\/no030521doacao2-1.jpg 700w, http:\/\/www.portalmantena.com.br\/novo\/wp-content\/uploads\/2021\/05\/no030521doacao2-1-300x193.jpg 300w, http:\/\/www.portalmantena.com.br\/novo\/wp-content\/uploads\/2021\/05\/no030521doacao2-1-696x447.jpg 696w, http:\/\/www.portalmantena.com.br\/novo\/wp-content\/uploads\/2021\/05\/no030521doacao2-1-653x420.jpg 653w\" sizes=\"(max-width: 700px) 100vw, 700px\" \/><\/a><\/p>\n<p><span style=\"font-size: 14pt;\">No \u00faltimo s\u00e1bado dia 1\u00ba de Maio, foi conclu\u00edda a entrega de cestas b\u00e1sicas doadas pela Fraternidade feminina da GLMMG, sob a presid\u00eancia da cunhada Dejanira. <\/span><\/p>\n<p><span style=\"font-size: 14pt;\">Os beneficiados foram: Fam\u00edlia da Sra. Ruth Jeremias Mendes, moradora da rua Frei Gaspar,88 no bairro Vila Nova, que recebeu uma cesta b\u00e1sica e 04 fardos de fraldas doadas pelos ir. Ronaldo F\u00e9lix (foto), Dr. Davi, Dr. Marconi, Ricardo e Maycon. <\/span><\/p>\n<p><span style=\"font-size: 14pt;\">J\u00e1 o Lar Santo Ant\u00f4nio, representado pela irm\u00e3 Geralda e Sr. Ronaldo, e o Instituto Nossa Senhora de F\u00e1tima pelas irm\u00e3s Eunice e Angelina, tamb\u00e9m receberam doa\u00e7\u00f5es. <\/span><\/p>\n<p><span style=\"font-size: 14pt;\">Agradecemos aos motoristas Sr. Paulo Ramalho de Governador Valadares e taxista Israel pelo transporte gratuito das 10 cestas (BH\/GV\/Mantena).<\/span><\/p>\n<p><a href=\"http:\/\/www.portalmantena.com.br\/novo\/wp-content\/uploads\/2021\/05\/no030521doacao4.jpg\"><img loading=\"lazy\" class=\"alignnone size-full wp-image-66525\" src=\"http:\/\/www.portalmantena.com.br\/novo\/wp-content\/uploads\/2021\/05\/no030521doacao4.jpg\" alt=\"\" width=\"700\" height=\"450\" srcset=\"http:\/\/www.portalmantena.com.br\/novo\/wp-content\/uploads\/2021\/05\/no030521doacao4.jpg 700w, http:\/\/www.portalmantena.com.br\/novo\/wp-content\/uploads\/2021\/05\/no030521doacao4-300x193.jpg 300w, http:\/\/www.portalmantena.com.br\/novo\/wp-content\/uploads\/2021\/05\/no030521doacao4-696x447.jpg 696w, http:\/\/www.portalmantena.com.br\/novo\/wp-content\/uploads\/2021\/05\/no030521doacao4-653x420.jpg 653w\" sizes=\"(max-width: 700px) 100vw, 700px\" \/><\/a> <a href=\"http:\/\/www.portalmantena.com.br\/novo\/wp-content\/uploads\/2021\/05\/no030521doacao5.jpg\"><img loading=\"lazy\" class=\"alignnone size-full wp-image-66526\" src=\"http:\/\/www.portalmantena.com.br\/novo\/wp-content\/uploads\/2021\/05\/no030521doacao5.jpg\" alt=\"\" width=\"700\" height=\"450\" srcset=\"http:\/\/www.portalmantena.com.br\/novo\/wp-content\/uploads\/2021\/05\/no030521doacao5.jpg 700w, http:\/\/www.portalmantena.com.br\/novo\/wp-content\/uploads\/2021\/05\/no030521doacao5-300x193.jpg 300w, http:\/\/www.portalmantena.com.br\/novo\/wp-content\/uploads\/2021\/05\/no030521doacao5-696x447.jpg 696w, http:\/\/www.portalmantena.com.br\/novo\/wp-content\/uploads\/2021\/05\/no030521doacao5-653x420.jpg 653w\" sizes=\"(max-width: 700px) 100vw, 700px\" \/><\/a><\/p>\n<p><a href=\"http:\/\/www.portalmantena.com.br\/novo\/\"><img loading=\"lazy\" class=\"alignnone size-full wp-image-37331\" src=\"http:\/\/www.portalmantena.com.br\/novo\/wp-content\/uploads\/2018\/05\/faixaportalnoticias5.jpg\" alt=\"\" width=\"700\" height=\"40\" srcset=\"http:\/\/www.portalmantena.com.br\/novo\/wp-content\/uploads\/2018\/05\/faixaportalnoticias5.jpg 700w, http:\/\/www.portalmantena.com.br\/novo\/wp-content\/uploads\/2018\/05\/faixaportalnoticias5-300x17.jpg 300w, http:\/\/www.portalmantena.com.br\/novo\/wp-content\/uploads\/2018\/05\/faixaportalnoticias5-696x40.jpg 696w\" sizes=\"(max-width: 700px) 100vw, 700px\" \/><\/a><\/p>\n<p><span style=\"font-size: 10pt;\">ESPA\u00c7O EMPRESARIAL<\/span><a href=\"http:\/\/www.portalmantena.com.br\/novo\/wp-content\/uploads\/2018\/05\/higiclean.jpg\"><img loading=\"lazy\" class=\"alignnone size-full wp-image-66110\" src=\"http:\/\/www.portalmantena.com.br\/novo\/wp-content\/uploads\/2018\/05\/higiclean.jpg\" alt=\"\" width=\"700\" height=\"150\" srcset=\"http:\/\/www.portalmantena.com.br\/novo\/wp-content\/uploads\/2018\/05\/higiclean.jpg 700w, http:\/\/www.portalmantena.com.br\/novo\/wp-content\/uploads\/2018\/05\/higiclean-300x64.jpg 300w, http:\/\/www.portalmantena.com.br\/novo\/wp-content\/uploads\/2018\/05\/higiclean-696x150.jpg 696w\" sizes=\"(max-width: 700px) 100vw, 700px\" \/><\/a><\/p>\n","protected":false},"excerpt":{"rendered":"<p>No \u00faltimo s\u00e1bado dia 1\u00ba de Maio, foi conclu\u00edda a entrega de cestas b\u00e1sicas doadas pela Fraternidade feminina da GLMMG, sob a presid\u00eancia da cunhada Dejanira. Os beneficiados foram: Fam\u00edlia da Sra. Ruth Jeremias Mendes, moradora da rua Frei Gaspar,88 no bairro Vila Nova, que recebeu uma cesta b\u00e1sica e 04 fardos de fraldas doadas [&hellip;]<\/p>\n","protected":false},"author":1,"featured_media":66526,"comment_status":"open","ping_status":"open","sticky":false,"template":"","format":"standard","meta":[],"categories":[69],"tags":[],"_links":{"self":[{"href":"http:\/\/www.portalmantena.com.br\/novo\/index.php?rest_route=\/wp\/v2\/posts\/66523"}],"collection":[{"href":"http:\/\/www.portalmantena.com.br\/novo\/index.php?rest_route=\/wp\/v2\/posts"}],"about":[{"href":"http:\/\/www.portalmantena.com.br\/novo\/index.php?rest_route=\/wp\/v2\/types\/post"}],"author":[{"embeddable":true,"href":"http:\/\/www.portalmantena.com.br\/novo\/index.php?rest_route=\/wp\/v2\/users\/1"}],"replies":[{"embeddable":true,"href":"http:\/\/www.portalmantena.com.br\/novo\/index.php?rest_route=%2Fwp%2Fv2%2Fcomments&post=66523"}],"version-history":[{"count":2,"href":"http:\/\/www.portalmantena.com.br\/novo\/index.php?rest_route=\/wp\/v2\/posts\/66523\/revisions"}],"predecessor-version":[{"id":66530,"href":"http:\/\/www.portalmantena.com.br\/novo\/index.php?rest_route=\/wp\/v2\/posts\/66523\/revisions\/66530"}],"wp:featuredmedia":[{"embeddable":true,"href":"http:\/\/www.portalmantena.com.br\/novo\/index.php?rest_route=\/wp\/v2\/media\/66526"}],"wp:attachment":[{"href":"http:\/\/www.portalmantena.com.br\/novo\/index.php?rest_route=%2Fwp%2Fv2%2Fmedia&parent=66523"}],"wp:term":[{"taxonomy":"category","embeddable":true,"href":"http:\/\/www.portalmantena.com.br\/novo\/index.php?rest_route=%2Fwp%2Fv2%2Fcategories&post=66523"},{"taxonomy":"post_tag","embeddable":true,"href":"http:\/\/www.portalmantena.com.br\/novo\/index.php?rest_route=%2Fwp%2Fv2%2Ftags&post=66523"}],"curies":[{"name":"wp","href":"https:\/\/api.w.org\/{rel}","templated":true}]}}