{"id":66516,"date":"2021-05-03T09:34:50","date_gmt":"2021-05-03T12:34:50","guid":{"rendered":"http:\/\/www.portalmantena.com.br\/novo\/?p=66516"},"modified":"2021-05-03T09:36:30","modified_gmt":"2021-05-03T12:36:30","slug":"caso-de-malaria-e-diagnosticado-em-vila-pavao","status":"publish","type":"post","link":"http:\/\/www.portalmantena.com.br\/novo\/?p=66516","title":{"rendered":"Caso de Mal\u00e1ria \u00e9 diagnosticado em Vila Pav\u00e3o"},"content":{"rendered":"<p><a href=\"http:\/\/www.portalmantena.com.br\/novo\/wp-content\/uploads\/2021\/05\/no030521malaria.jpg\"><img loading=\"lazy\" class=\"alignnone size-full wp-image-66517\" src=\"http:\/\/www.portalmantena.com.br\/novo\/wp-content\/uploads\/2021\/05\/no030521malaria.jpg\" alt=\"\" width=\"700\" height=\"450\" srcset=\"http:\/\/www.portalmantena.com.br\/novo\/wp-content\/uploads\/2021\/05\/no030521malaria.jpg 700w, http:\/\/www.portalmantena.com.br\/novo\/wp-content\/uploads\/2021\/05\/no030521malaria-300x193.jpg 300w, http:\/\/www.portalmantena.com.br\/novo\/wp-content\/uploads\/2021\/05\/no030521malaria-696x447.jpg 696w, http:\/\/www.portalmantena.com.br\/novo\/wp-content\/uploads\/2021\/05\/no030521malaria-653x420.jpg 653w\" sizes=\"(max-width: 700px) 100vw, 700px\" \/><\/a><span style=\"font-size: 10pt;\">Foto: Sec.Sa\u00fade<\/span><\/p>\n<p><span style=\"font-size: 14pt;\">A Secretaria Municipal de Sa\u00fade diagnosticou recentemente um caso de mal\u00e1ria no distrito de Pra\u00e7a Rica, munic\u00edpio de Vila Pav\u00e3o.<\/span><\/p>\n<p><span style=\"font-size: 18pt;\"><strong> Trata-se de um homem que chegou ao munic\u00edpio proveniente da regi\u00e3o amaz\u00f4nica para trabalhar na colheita do caf\u00e9. <\/strong><\/span><\/p>\n<p><span style=\"font-size: 14pt;\">O tratamento do infectado e as a\u00e7\u00f5es de combate ao mosquito transmissor come\u00e7aram imediatamente ap\u00f3s a descoberta da doen\u00e7a. Nos meses de julho a setembro de 2018, a regi\u00e3o viveu um surto de mal\u00e1ria. <\/span><span style=\"font-size: 14pt;\">Conforme a Secretaria de Estado da Sa\u00fade (SESA), durante esse per\u00edodo,\u00a0<strong>Vila Pav\u00e3o<\/strong>\u00a0e Barra de S\u00e3o Francisco, registraram 2.300 casos suspeitos da doen\u00e7a. <\/span><span style=\"font-size: 14pt;\">Desses, 142 casos e um \u00f3bito foram confirmados. <\/span><\/p>\n<p><span style=\"font-size: 14pt;\">A mal\u00e1ria \u00e9 uma doen\u00e7a infecciosa transmitida atrav\u00e9s da picada da f\u00eamea do mosquito Anopheles infectada pelo protozo\u00e1rio do g\u00eanero Plasmodium, caracterizada por epis\u00f3dios de febre, calafrios e tremedeiras, sintomas que facilmente podem ser confundidos\u00a0com a dengue, chigunguya e agora at\u00e9 com a covid-19, por isso, \u00e9 importante procurar uma Unidade e Sa\u00fade aos primeiros sintomas. <\/span><\/p>\n<p><span style=\"font-size: 14pt;\">O agente de combate \u00e0s Endemias, Vilmar Rodrigues, refer\u00eancia \u00e0 mal\u00e1ria no munic\u00edpio, destaca que este \u00e9 um caso importado, uma vez que, a mal\u00e1ria est\u00e1 erradicada em Vila Pav\u00e3o, assim como, em todo o estado do Esp\u00edrito Santo, o que n\u00e3o significa que a regi\u00e3o est\u00e1 livre da doen\u00e7a. <\/span><\/p>\n<p><span style=\"font-size: 14pt;\">\u201cGeralmente ela chega ao munic\u00edpio atrav\u00e9s de pessoas que viajam para a regi\u00e3o Amaz\u00f4nica (Acre, Amap\u00e1, Amazonas, Maranh\u00e3o, Mato Grosso, Par\u00e1, Rond\u00f4nia, Roraima e Tocantins), \u00e1rea end\u00eamica, que, ao retornarem trazem a doen\u00e7a\u201d, explica. (fonte: ASCOM Pref. Vila Pav\u00e3o\/foto: Sec.Sa\u00fade).<\/span><\/p>\n<p><a href=\"http:\/\/www.portalmantena.com.br\/novo\/\"><img loading=\"lazy\" class=\"alignnone size-full wp-image-37331\" src=\"http:\/\/www.portalmantena.com.br\/novo\/wp-content\/uploads\/2018\/05\/faixaportalnoticias5.jpg\" alt=\"\" width=\"700\" height=\"40\" srcset=\"http:\/\/www.portalmantena.com.br\/novo\/wp-content\/uploads\/2018\/05\/faixaportalnoticias5.jpg 700w, http:\/\/www.portalmantena.com.br\/novo\/wp-content\/uploads\/2018\/05\/faixaportalnoticias5-300x17.jpg 300w, http:\/\/www.portalmantena.com.br\/novo\/wp-content\/uploads\/2018\/05\/faixaportalnoticias5-696x40.jpg 696w\" sizes=\"(max-width: 700px) 100vw, 700px\" \/><\/a><\/p>\n<p><span style=\"font-size: 10pt;\">ESPA\u00c7O EMPRESARIA<\/span><a href=\"https:\/\/www.facebook.com\/realcecosmeticosmantena\"><img loading=\"lazy\" class=\"alignnone size-full wp-image-64138\" src=\"http:\/\/www.portalmantena.com.br\/novo\/wp-content\/uploads\/2018\/05\/realcebanner.jpg\" alt=\"\" width=\"700\" height=\"150\" srcset=\"http:\/\/www.portalmantena.com.br\/novo\/wp-content\/uploads\/2018\/05\/realcebanner.jpg 700w, http:\/\/www.portalmantena.com.br\/novo\/wp-content\/uploads\/2018\/05\/realcebanner-300x64.jpg 300w, http:\/\/www.portalmantena.com.br\/novo\/wp-content\/uploads\/2018\/05\/realcebanner-696x150.jpg 696w\" sizes=\"(max-width: 700px) 100vw, 700px\" \/><\/a><\/p>\n","protected":false},"excerpt":{"rendered":"<p>Foto: Sec.Sa\u00fade A Secretaria Municipal de Sa\u00fade diagnosticou recentemente um caso de mal\u00e1ria no distrito de Pra\u00e7a Rica, munic\u00edpio de Vila Pav\u00e3o. Trata-se de um homem que chegou ao munic\u00edpio proveniente da regi\u00e3o amaz\u00f4nica para trabalhar na colheita do caf\u00e9. O tratamento do infectado e as a\u00e7\u00f5es de combate ao mosquito transmissor come\u00e7aram imediatamente ap\u00f3s [&hellip;]<\/p>\n","protected":false},"author":1,"featured_media":66517,"comment_status":"open","ping_status":"open","sticky":false,"template":"","format":"standard","meta":[],"categories":[12],"tags":[],"_links":{"self":[{"href":"http:\/\/www.portalmantena.com.br\/novo\/index.php?rest_route=\/wp\/v2\/posts\/66516"}],"collection":[{"href":"http:\/\/www.portalmantena.com.br\/novo\/index.php?rest_route=\/wp\/v2\/posts"}],"about":[{"href":"http:\/\/www.portalmantena.com.br\/novo\/index.php?rest_route=\/wp\/v2\/types\/post"}],"author":[{"embeddable":true,"href":"http:\/\/www.portalmantena.com.br\/novo\/index.php?rest_route=\/wp\/v2\/users\/1"}],"replies":[{"embeddable":true,"href":"http:\/\/www.portalmantena.com.br\/novo\/index.php?rest_route=%2Fwp%2Fv2%2Fcomments&post=66516"}],"version-history":[{"count":1,"href":"http:\/\/www.portalmantena.com.br\/novo\/index.php?rest_route=\/wp\/v2\/posts\/66516\/revisions"}],"predecessor-version":[{"id":66518,"href":"http:\/\/www.portalmantena.com.br\/novo\/index.php?rest_route=\/wp\/v2\/posts\/66516\/revisions\/66518"}],"wp:featuredmedia":[{"embeddable":true,"href":"http:\/\/www.portalmantena.com.br\/novo\/index.php?rest_route=\/wp\/v2\/media\/66517"}],"wp:attachment":[{"href":"http:\/\/www.portalmantena.com.br\/novo\/index.php?rest_route=%2Fwp%2Fv2%2Fmedia&parent=66516"}],"wp:term":[{"taxonomy":"category","embeddable":true,"href":"http:\/\/www.portalmantena.com.br\/novo\/index.php?rest_route=%2Fwp%2Fv2%2Fcategories&post=66516"},{"taxonomy":"post_tag","embeddable":true,"href":"http:\/\/www.portalmantena.com.br\/novo\/index.php?rest_route=%2Fwp%2Fv2%2Ftags&post=66516"}],"curies":[{"name":"wp","href":"https:\/\/api.w.org\/{rel}","templated":true}]}}