{"id":66511,"date":"2021-05-03T08:25:06","date_gmt":"2021-05-03T11:25:06","guid":{"rendered":"http:\/\/www.portalmantena.com.br\/novo\/?p=66511"},"modified":"2021-05-03T08:25:06","modified_gmt":"2021-05-03T11:25:06","slug":"regiao-disparos-de-arma-leva-pm-a-apreender-drogas","status":"publish","type":"post","link":"http:\/\/www.portalmantena.com.br\/novo\/?p=66511","title":{"rendered":"Regi\u00e3o: Disparos de arma leva PM a apreender drogas"},"content":{"rendered":"<p><a href=\"http:\/\/www.portalmantena.com.br\/novo\/wp-content\/uploads\/2021\/05\/no030521pm1.jpg\"><img loading=\"lazy\" class=\"alignnone size-full wp-image-66512\" src=\"http:\/\/www.portalmantena.com.br\/novo\/wp-content\/uploads\/2021\/05\/no030521pm1.jpg\" alt=\"\" width=\"700\" height=\"450\" srcset=\"http:\/\/www.portalmantena.com.br\/novo\/wp-content\/uploads\/2021\/05\/no030521pm1.jpg 700w, http:\/\/www.portalmantena.com.br\/novo\/wp-content\/uploads\/2021\/05\/no030521pm1-300x193.jpg 300w, http:\/\/www.portalmantena.com.br\/novo\/wp-content\/uploads\/2021\/05\/no030521pm1-696x447.jpg 696w, http:\/\/www.portalmantena.com.br\/novo\/wp-content\/uploads\/2021\/05\/no030521pm1-653x420.jpg 653w\" sizes=\"(max-width: 700px) 100vw, 700px\" \/><\/a><\/p>\n<p><span style=\"font-size: 14pt;\">Duas pessoas\u00a0foram apreendidas pela Pol\u00edcia Militar e outro suspeito est\u00e1 foragido, por suspeita de envolvimento em tiroteio\u00a0na madrugada da \u00faltima quarta-feira dia 27 de abril no bairro Oper\u00e1rios na cidade de Conselheiro Pena. <\/span><\/p>\n<p><span style=\"font-size: 14pt;\">A Pol\u00edcia Militar recebeu informa\u00e7\u00f5es\u00a0dando conta de que disparos de arma de fogo estariam ocorrendo em uma casa na rua Guapor\u00e9,\u00a0tendo um homem sido\u00a0socorrido por populares ao Hospital da cidade,\u00a0ap\u00f3s ter sido alvejado. <\/span><\/p>\n<p><span style=\"font-size: 14pt;\">Os militares iniciaram as dilig\u00eancias afim de obterem\u00a0informa\u00e7\u00f5es sobre os envolvidos no crime.\u00a0<\/span><\/p>\n<p><span style=\"font-size: 14pt;\">Segundo a PM, os suspeitos estava na casa da v\u00edtima,\u00a0e em determinado momento houve uma discuss\u00e3o por conta de d\u00edvida de drogas no que levou os envolvidos\u00a0a dispararem as armas entre si. <\/span><\/p>\n<p><span style=\"font-size: 18pt;\"><strong>A Pol\u00edcia informou que\u00a0tr\u00eas envolvidos, sendo\u00a0dois adolescentes, fugiram do local, mas que\u00a0foram localizados e apreendidos. <\/strong><\/span><\/p>\n<p><span style=\"font-size: 14pt;\">Com um dos adolescente suspeito foi apreendido uma Pistola Taurus Cal .380 com uma muni\u00e7\u00e3o na c\u00e2mara e uma motocicleta utilizada para fuga.\u00a0<\/span><\/p>\n<p><span style=\"font-size: 14pt;\">Na casa dele foi localizada ainda uma por\u00e7\u00e3o de maconha e 02 balan\u00e7as de precis\u00e3o. A Pol\u00edcia est\u00e1\u00a0\u00e0 procura do outro suspeito. (fonte\/foto:noticiasnoleste).<\/span><\/p>\n<p><a href=\"http:\/\/www.portalmantena.com.br\/novo\/wp-content\/uploads\/2021\/05\/no030521pm2.jpg\"><img loading=\"lazy\" class=\"alignnone size-full wp-image-66513\" src=\"http:\/\/www.portalmantena.com.br\/novo\/wp-content\/uploads\/2021\/05\/no030521pm2.jpg\" alt=\"\" width=\"700\" height=\"450\" srcset=\"http:\/\/www.portalmantena.com.br\/novo\/wp-content\/uploads\/2021\/05\/no030521pm2.jpg 700w, http:\/\/www.portalmantena.com.br\/novo\/wp-content\/uploads\/2021\/05\/no030521pm2-300x193.jpg 300w, http:\/\/www.portalmantena.com.br\/novo\/wp-content\/uploads\/2021\/05\/no030521pm2-696x447.jpg 696w, http:\/\/www.portalmantena.com.br\/novo\/wp-content\/uploads\/2021\/05\/no030521pm2-653x420.jpg 653w\" sizes=\"(max-width: 700px) 100vw, 700px\" \/><\/a><\/p>\n<p><a href=\"http:\/\/www.portalmantena.com.br\/novo\/\"><img loading=\"lazy\" class=\"alignnone size-full wp-image-37331\" src=\"http:\/\/www.portalmantena.com.br\/novo\/wp-content\/uploads\/2018\/05\/faixaportalnoticias5.jpg\" alt=\"\" width=\"700\" height=\"40\" srcset=\"http:\/\/www.portalmantena.com.br\/novo\/wp-content\/uploads\/2018\/05\/faixaportalnoticias5.jpg 700w, http:\/\/www.portalmantena.com.br\/novo\/wp-content\/uploads\/2018\/05\/faixaportalnoticias5-300x17.jpg 300w, http:\/\/www.portalmantena.com.br\/novo\/wp-content\/uploads\/2018\/05\/faixaportalnoticias5-696x40.jpg 696w\" sizes=\"(max-width: 700px) 100vw, 700px\" \/><\/a><\/p>\n<p><span style=\"font-size: 10pt;\">ESPA\u00c7O EMPRESARIAL<\/span><a href=\"http:\/\/www.portalmantena.com.br\/novo\/?p=53568\"><img loading=\"lazy\" class=\"alignnone size-full wp-image-54066\" src=\"http:\/\/www.portalmantena.com.br\/novo\/wp-content\/uploads\/2018\/05\/valenteapp.jpg\" alt=\"\" width=\"700\" height=\"150\" srcset=\"http:\/\/www.portalmantena.com.br\/novo\/wp-content\/uploads\/2018\/05\/valenteapp.jpg 700w, http:\/\/www.portalmantena.com.br\/novo\/wp-content\/uploads\/2018\/05\/valenteapp-300x64.jpg 300w, http:\/\/www.portalmantena.com.br\/novo\/wp-content\/uploads\/2018\/05\/valenteapp-696x150.jpg 696w\" sizes=\"(max-width: 700px) 100vw, 700px\" \/><\/a><\/p>\n","protected":false},"excerpt":{"rendered":"<p>Duas pessoas\u00a0foram apreendidas pela Pol\u00edcia Militar e outro suspeito est\u00e1 foragido, por suspeita de envolvimento em tiroteio\u00a0na madrugada da \u00faltima quarta-feira dia 27 de abril no bairro Oper\u00e1rios na cidade de Conselheiro Pena. A Pol\u00edcia Militar recebeu informa\u00e7\u00f5es\u00a0dando conta de que disparos de arma de fogo estariam ocorrendo em uma casa na rua Guapor\u00e9,\u00a0tendo um [&hellip;]<\/p>\n","protected":false},"author":1,"featured_media":66512,"comment_status":"open","ping_status":"open","sticky":false,"template":"","format":"standard","meta":[],"categories":[11,34],"tags":[],"_links":{"self":[{"href":"http:\/\/www.portalmantena.com.br\/novo\/index.php?rest_route=\/wp\/v2\/posts\/66511"}],"collection":[{"href":"http:\/\/www.portalmantena.com.br\/novo\/index.php?rest_route=\/wp\/v2\/posts"}],"about":[{"href":"http:\/\/www.portalmantena.com.br\/novo\/index.php?rest_route=\/wp\/v2\/types\/post"}],"author":[{"embeddable":true,"href":"http:\/\/www.portalmantena.com.br\/novo\/index.php?rest_route=\/wp\/v2\/users\/1"}],"replies":[{"embeddable":true,"href":"http:\/\/www.portalmantena.com.br\/novo\/index.php?rest_route=%2Fwp%2Fv2%2Fcomments&post=66511"}],"version-history":[{"count":1,"href":"http:\/\/www.portalmantena.com.br\/novo\/index.php?rest_route=\/wp\/v2\/posts\/66511\/revisions"}],"predecessor-version":[{"id":66514,"href":"http:\/\/www.portalmantena.com.br\/novo\/index.php?rest_route=\/wp\/v2\/posts\/66511\/revisions\/66514"}],"wp:featuredmedia":[{"embeddable":true,"href":"http:\/\/www.portalmantena.com.br\/novo\/index.php?rest_route=\/wp\/v2\/media\/66512"}],"wp:attachment":[{"href":"http:\/\/www.portalmantena.com.br\/novo\/index.php?rest_route=%2Fwp%2Fv2%2Fmedia&parent=66511"}],"wp:term":[{"taxonomy":"category","embeddable":true,"href":"http:\/\/www.portalmantena.com.br\/novo\/index.php?rest_route=%2Fwp%2Fv2%2Fcategories&post=66511"},{"taxonomy":"post_tag","embeddable":true,"href":"http:\/\/www.portalmantena.com.br\/novo\/index.php?rest_route=%2Fwp%2Fv2%2Ftags&post=66511"}],"curies":[{"name":"wp","href":"https:\/\/api.w.org\/{rel}","templated":true}]}}