{"id":66487,"date":"2021-04-29T10:21:51","date_gmt":"2021-04-29T13:21:51","guid":{"rendered":"http:\/\/www.portalmantena.com.br\/novo\/?p=66487"},"modified":"2021-04-29T10:30:53","modified_gmt":"2021-04-29T13:30:53","slug":"mantena-geracao-de-energia-solar-avanca-nas-propriedades-rurais","status":"publish","type":"post","link":"http:\/\/www.portalmantena.com.br\/novo\/?p=66487","title":{"rendered":"Mantena: Gera\u00e7\u00e3o de energia solar avan\u00e7a nas propriedades rurais"},"content":{"rendered":"<p><a href=\"http:\/\/www.portalmantena.com.br\/novo\/wp-content\/uploads\/2021\/04\/no290421solar1.jpg\"><img loading=\"lazy\" class=\"alignnone size-full wp-image-66488\" src=\"http:\/\/www.portalmantena.com.br\/novo\/wp-content\/uploads\/2021\/04\/no290421solar1.jpg\" alt=\"\" width=\"700\" height=\"450\" srcset=\"http:\/\/www.portalmantena.com.br\/novo\/wp-content\/uploads\/2021\/04\/no290421solar1.jpg 700w, http:\/\/www.portalmantena.com.br\/novo\/wp-content\/uploads\/2021\/04\/no290421solar1-300x193.jpg 300w, http:\/\/www.portalmantena.com.br\/novo\/wp-content\/uploads\/2021\/04\/no290421solar1-696x447.jpg 696w, http:\/\/www.portalmantena.com.br\/novo\/wp-content\/uploads\/2021\/04\/no290421solar1-653x420.jpg 653w\" sizes=\"(max-width: 700px) 100vw, 700px\" \/><\/a><\/p>\n<p><span style=\"font-size: 14pt;\">A procura pela aquisi\u00e7\u00e3o de uma usina de gera\u00e7\u00e3o de energia solar vem crescendo na regi\u00e3o, e a empresa Tempo Solar vem se solidificando junto \u00e0 clientela regional atendendo a cada dia mais clientes. <\/span><\/p>\n<p><span style=\"font-size: 14pt;\">E as inova\u00e7\u00f5es tamb\u00e9m acompanham o crescimento da empresa neste seguimento. Uma usina foi instalada em uma fazenda da regi\u00e3o, sobre uma laje de rocha. <\/span><\/p>\n<p><span style=\"font-size: 14pt;\">O propriet\u00e1rio rural e m\u00e9dico mantenense Dr. Ronaldson ficou bastante satisfeito com o investimento, pois sua usina ir\u00e1 gerar cerca de 3.000 kwh, uma economia significativa atendendo todas atividades produzidas e todas as depend\u00eancias da propriedade. <\/span><\/p>\n<p><span style=\"font-size: 18pt;\"><strong>Ali\u00e1s, esta \u00e9 a segunda usina que ele adquire, mostrando que o investimento adotado deu resultado e ele resolveu ampliar. <\/strong><\/span><\/p>\n<p><span style=\"font-size: 14pt;\">Voc\u00ea que tem interesse em saber mais sobre a gera\u00e7\u00e3o de energia solar, fa\u00e7a contado com a empresa Tempo Solar em Mantena, solicite uma visita e um or\u00e7amento sem compromisso com o representante\u00a0<strong>Emerson Alves, atrav\u00e9s do telefone: (33) 9 8864-0218 (Whatsapp).<\/strong><\/span><\/p>\n<p><a href=\"http:\/\/www.portalmantena.com.br\/novo\/wp-content\/uploads\/2021\/04\/no290421solar2.jpg\"><img loading=\"lazy\" class=\"alignnone size-full wp-image-66489\" src=\"http:\/\/www.portalmantena.com.br\/novo\/wp-content\/uploads\/2021\/04\/no290421solar2.jpg\" alt=\"\" width=\"700\" height=\"450\" srcset=\"http:\/\/www.portalmantena.com.br\/novo\/wp-content\/uploads\/2021\/04\/no290421solar2.jpg 700w, http:\/\/www.portalmantena.com.br\/novo\/wp-content\/uploads\/2021\/04\/no290421solar2-300x193.jpg 300w, http:\/\/www.portalmantena.com.br\/novo\/wp-content\/uploads\/2021\/04\/no290421solar2-696x447.jpg 696w, http:\/\/www.portalmantena.com.br\/novo\/wp-content\/uploads\/2021\/04\/no290421solar2-653x420.jpg 653w\" sizes=\"(max-width: 700px) 100vw, 700px\" \/><\/a> <a href=\"http:\/\/www.portalmantena.com.br\/novo\/wp-content\/uploads\/2021\/04\/no290421solar3.jpg\"><img loading=\"lazy\" class=\"alignnone size-full wp-image-66490\" src=\"http:\/\/www.portalmantena.com.br\/novo\/wp-content\/uploads\/2021\/04\/no290421solar3.jpg\" alt=\"\" width=\"700\" height=\"450\" srcset=\"http:\/\/www.portalmantena.com.br\/novo\/wp-content\/uploads\/2021\/04\/no290421solar3.jpg 700w, http:\/\/www.portalmantena.com.br\/novo\/wp-content\/uploads\/2021\/04\/no290421solar3-300x193.jpg 300w, http:\/\/www.portalmantena.com.br\/novo\/wp-content\/uploads\/2021\/04\/no290421solar3-696x447.jpg 696w, http:\/\/www.portalmantena.com.br\/novo\/wp-content\/uploads\/2021\/04\/no290421solar3-653x420.jpg 653w\" sizes=\"(max-width: 700px) 100vw, 700px\" \/><\/a> <a href=\"http:\/\/www.portalmantena.com.br\/novo\/wp-content\/uploads\/2021\/04\/no290421solar4.jpg\"><img loading=\"lazy\" class=\"alignnone size-full wp-image-66491\" src=\"http:\/\/www.portalmantena.com.br\/novo\/wp-content\/uploads\/2021\/04\/no290421solar4.jpg\" alt=\"\" width=\"700\" height=\"450\" srcset=\"http:\/\/www.portalmantena.com.br\/novo\/wp-content\/uploads\/2021\/04\/no290421solar4.jpg 700w, http:\/\/www.portalmantena.com.br\/novo\/wp-content\/uploads\/2021\/04\/no290421solar4-300x193.jpg 300w, http:\/\/www.portalmantena.com.br\/novo\/wp-content\/uploads\/2021\/04\/no290421solar4-696x447.jpg 696w, http:\/\/www.portalmantena.com.br\/novo\/wp-content\/uploads\/2021\/04\/no290421solar4-653x420.jpg 653w\" sizes=\"(max-width: 700px) 100vw, 700px\" \/><\/a> <a href=\"http:\/\/www.portalmantena.com.br\/novo\/wp-content\/uploads\/2021\/04\/no290421solar5.jpg\"><img loading=\"lazy\" class=\"alignnone size-full wp-image-66492\" src=\"http:\/\/www.portalmantena.com.br\/novo\/wp-content\/uploads\/2021\/04\/no290421solar5.jpg\" alt=\"\" width=\"700\" height=\"450\" srcset=\"http:\/\/www.portalmantena.com.br\/novo\/wp-content\/uploads\/2021\/04\/no290421solar5.jpg 700w, http:\/\/www.portalmantena.com.br\/novo\/wp-content\/uploads\/2021\/04\/no290421solar5-300x193.jpg 300w, http:\/\/www.portalmantena.com.br\/novo\/wp-content\/uploads\/2021\/04\/no290421solar5-696x447.jpg 696w, http:\/\/www.portalmantena.com.br\/novo\/wp-content\/uploads\/2021\/04\/no290421solar5-653x420.jpg 653w\" sizes=\"(max-width: 700px) 100vw, 700px\" \/><\/a> <a href=\"http:\/\/www.portalmantena.com.br\/novo\/wp-content\/uploads\/2021\/04\/no290421solar6.jpg\"><img loading=\"lazy\" class=\"alignnone size-full wp-image-66493\" src=\"http:\/\/www.portalmantena.com.br\/novo\/wp-content\/uploads\/2021\/04\/no290421solar6.jpg\" alt=\"\" width=\"700\" height=\"450\" srcset=\"http:\/\/www.portalmantena.com.br\/novo\/wp-content\/uploads\/2021\/04\/no290421solar6.jpg 700w, http:\/\/www.portalmantena.com.br\/novo\/wp-content\/uploads\/2021\/04\/no290421solar6-300x193.jpg 300w, http:\/\/www.portalmantena.com.br\/novo\/wp-content\/uploads\/2021\/04\/no290421solar6-696x447.jpg 696w, http:\/\/www.portalmantena.com.br\/novo\/wp-content\/uploads\/2021\/04\/no290421solar6-653x420.jpg 653w\" sizes=\"(max-width: 700px) 100vw, 700px\" \/><\/a> <a href=\"http:\/\/www.portalmantena.com.br\/novo\/wp-content\/uploads\/2021\/04\/no290421solar7.jpg\"><img loading=\"lazy\" class=\"alignnone size-full wp-image-66494\" src=\"http:\/\/www.portalmantena.com.br\/novo\/wp-content\/uploads\/2021\/04\/no290421solar7.jpg\" alt=\"\" width=\"700\" height=\"450\" srcset=\"http:\/\/www.portalmantena.com.br\/novo\/wp-content\/uploads\/2021\/04\/no290421solar7.jpg 700w, http:\/\/www.portalmantena.com.br\/novo\/wp-content\/uploads\/2021\/04\/no290421solar7-300x193.jpg 300w, http:\/\/www.portalmantena.com.br\/novo\/wp-content\/uploads\/2021\/04\/no290421solar7-696x447.jpg 696w, http:\/\/www.portalmantena.com.br\/novo\/wp-content\/uploads\/2021\/04\/no290421solar7-653x420.jpg 653w\" sizes=\"(max-width: 700px) 100vw, 700px\" \/><\/a><\/p>\n<p><a href=\"http:\/\/www.portalmantena.com.br\/novo\/\"><img loading=\"lazy\" class=\"alignnone size-full wp-image-37331\" src=\"http:\/\/www.portalmantena.com.br\/novo\/wp-content\/uploads\/2018\/05\/faixaportalnoticias5.jpg\" alt=\"\" width=\"700\" height=\"40\" srcset=\"http:\/\/www.portalmantena.com.br\/novo\/wp-content\/uploads\/2018\/05\/faixaportalnoticias5.jpg 700w, http:\/\/www.portalmantena.com.br\/novo\/wp-content\/uploads\/2018\/05\/faixaportalnoticias5-300x17.jpg 300w, http:\/\/www.portalmantena.com.br\/novo\/wp-content\/uploads\/2018\/05\/faixaportalnoticias5-696x40.jpg 696w\" sizes=\"(max-width: 700px) 100vw, 700px\" \/><\/a><\/p>\n<p><span style=\"font-size: 10pt;\">ESPA\u00c7O EMPRESARIAL<\/span><a href=\"http:\/\/www.temposolar.com.br\/\"><img loading=\"lazy\" class=\"alignnone size-full wp-image-44084\" src=\"http:\/\/www.portalmantena.com.br\/novo\/wp-content\/uploads\/2018\/05\/temposolarbb.jpg\" alt=\"\" width=\"700\" height=\"150\" srcset=\"http:\/\/www.portalmantena.com.br\/novo\/wp-content\/uploads\/2018\/05\/temposolarbb.jpg 700w, http:\/\/www.portalmantena.com.br\/novo\/wp-content\/uploads\/2018\/05\/temposolarbb-300x64.jpg 300w, http:\/\/www.portalmantena.com.br\/novo\/wp-content\/uploads\/2018\/05\/temposolarbb-696x150.jpg 696w\" sizes=\"(max-width: 700px) 100vw, 700px\" \/><\/a><\/p>\n","protected":false},"excerpt":{"rendered":"<p>A procura pela aquisi\u00e7\u00e3o de uma usina de gera\u00e7\u00e3o de energia solar vem crescendo na regi\u00e3o, e a empresa Tempo Solar vem se solidificando junto \u00e0 clientela regional atendendo a cada dia mais clientes. E as inova\u00e7\u00f5es tamb\u00e9m acompanham o crescimento da empresa neste seguimento. Uma usina foi instalada em uma fazenda da regi\u00e3o, sobre [&hellip;]<\/p>\n","protected":false},"author":1,"featured_media":66493,"comment_status":"open","ping_status":"open","sticky":false,"template":"","format":"standard","meta":[],"categories":[11],"tags":[],"_links":{"self":[{"href":"http:\/\/www.portalmantena.com.br\/novo\/index.php?rest_route=\/wp\/v2\/posts\/66487"}],"collection":[{"href":"http:\/\/www.portalmantena.com.br\/novo\/index.php?rest_route=\/wp\/v2\/posts"}],"about":[{"href":"http:\/\/www.portalmantena.com.br\/novo\/index.php?rest_route=\/wp\/v2\/types\/post"}],"author":[{"embeddable":true,"href":"http:\/\/www.portalmantena.com.br\/novo\/index.php?rest_route=\/wp\/v2\/users\/1"}],"replies":[{"embeddable":true,"href":"http:\/\/www.portalmantena.com.br\/novo\/index.php?rest_route=%2Fwp%2Fv2%2Fcomments&post=66487"}],"version-history":[{"count":3,"href":"http:\/\/www.portalmantena.com.br\/novo\/index.php?rest_route=\/wp\/v2\/posts\/66487\/revisions"}],"predecessor-version":[{"id":66497,"href":"http:\/\/www.portalmantena.com.br\/novo\/index.php?rest_route=\/wp\/v2\/posts\/66487\/revisions\/66497"}],"wp:featuredmedia":[{"embeddable":true,"href":"http:\/\/www.portalmantena.com.br\/novo\/index.php?rest_route=\/wp\/v2\/media\/66493"}],"wp:attachment":[{"href":"http:\/\/www.portalmantena.com.br\/novo\/index.php?rest_route=%2Fwp%2Fv2%2Fmedia&parent=66487"}],"wp:term":[{"taxonomy":"category","embeddable":true,"href":"http:\/\/www.portalmantena.com.br\/novo\/index.php?rest_route=%2Fwp%2Fv2%2Fcategories&post=66487"},{"taxonomy":"post_tag","embeddable":true,"href":"http:\/\/www.portalmantena.com.br\/novo\/index.php?rest_route=%2Fwp%2Fv2%2Ftags&post=66487"}],"curies":[{"name":"wp","href":"https:\/\/api.w.org\/{rel}","templated":true}]}}