{"id":66483,"date":"2021-04-29T09:44:38","date_gmt":"2021-04-29T12:44:38","guid":{"rendered":"http:\/\/www.portalmantena.com.br\/novo\/?p=66483"},"modified":"2021-04-29T09:58:11","modified_gmt":"2021-04-29T12:58:11","slug":"covid-mantena-17-novos-casos-confirmados-em-24-hs","status":"publish","type":"post","link":"http:\/\/www.portalmantena.com.br\/novo\/?p=66483","title":{"rendered":"Covid\/Mantena: 17 novos casos confirmados em 24 hs"},"content":{"rendered":"<p><a href=\"http:\/\/www.portalmantena.com.br\/novo\/wp-content\/uploads\/2021\/04\/no290421covid.jpg\"><img loading=\"lazy\" class=\"alignnone size-full wp-image-66484\" src=\"http:\/\/www.portalmantena.com.br\/novo\/wp-content\/uploads\/2021\/04\/no290421covid.jpg\" alt=\"\" width=\"700\" height=\"450\" srcset=\"http:\/\/www.portalmantena.com.br\/novo\/wp-content\/uploads\/2021\/04\/no290421covid.jpg 700w, http:\/\/www.portalmantena.com.br\/novo\/wp-content\/uploads\/2021\/04\/no290421covid-300x193.jpg 300w, http:\/\/www.portalmantena.com.br\/novo\/wp-content\/uploads\/2021\/04\/no290421covid-696x447.jpg 696w, http:\/\/www.portalmantena.com.br\/novo\/wp-content\/uploads\/2021\/04\/no290421covid-653x420.jpg 653w\" sizes=\"(max-width: 700px) 100vw, 700px\" \/><\/a><\/p>\n<p><span style=\"font-size: 14pt;\">O boletim epidemiol\u00f3gico sobre o covid 19 no munic\u00edpio de Mantena atualizado na tarde desta quarta-feira dia 28 de abril, tr\u00e1s informa\u00e7\u00f5es importantes como a queda no n\u00famero de casos suspeitos em investiga\u00e7\u00e3o, que continua caindo. <\/span><\/p>\n<p><span style=\"font-size: 14pt;\">No boletim do dia 27 de abril o total de casos era 114, e nesta quarta-feira dia 28, totalizou 78 casos. J\u00e1 os casos ativos infelizmente subiram nas \u00faltimas 24 horas, passando de 44 para 48 casos, sendo que deste total 35 pessoas est\u00e3o em isolamento domiciliar, 7 pacientes internados em UTI e 06 internados em Ala de hospital. <\/span><\/p>\n<p><span style=\"font-size: 18pt;\"><strong>Outra informa\u00e7\u00e3o que tamb\u00e9m deixa em Alerta \u00e9 que nas \u00faltimas 24 horas os casos confirmados desde o in\u00edcio da Pandemia subiram de 2.758 para 2.775 ou seja, 17 novos casos confirmados. <\/strong><\/span><\/p>\n<p><span style=\"font-size: 14pt;\">O n\u00famero de \u00f3bitos em Mantena segue com o total de 81, sendo que 80 \u00f3bitos foram confirmados e 01 segue sob investiga\u00e7\u00e3o. <\/span><\/p>\n<p><span style=\"font-size: 14pt;\">Aproveitamos para insistir com a popula\u00e7\u00e3o para que mantenha o distanciamento social, evite aglomera\u00e7\u00f5es, use sempre m\u00e1scara e utilize o \u00e1lcool em gel, al\u00e9m de lavar regularmente as m\u00e3os.<\/span><\/p>\n<p><a href=\"http:\/\/www.portalmantena.com.br\/novo\/\"><img loading=\"lazy\" class=\"alignnone size-full wp-image-37331\" src=\"http:\/\/www.portalmantena.com.br\/novo\/wp-content\/uploads\/2018\/05\/faixaportalnoticias5.jpg\" alt=\"\" width=\"700\" height=\"40\" srcset=\"http:\/\/www.portalmantena.com.br\/novo\/wp-content\/uploads\/2018\/05\/faixaportalnoticias5.jpg 700w, http:\/\/www.portalmantena.com.br\/novo\/wp-content\/uploads\/2018\/05\/faixaportalnoticias5-300x17.jpg 300w, http:\/\/www.portalmantena.com.br\/novo\/wp-content\/uploads\/2018\/05\/faixaportalnoticias5-696x40.jpg 696w\" sizes=\"(max-width: 700px) 100vw, 700px\" \/><\/a><\/p>\n<p><span style=\"font-size: 10pt;\">ESPA\u00c7O EMPRESARIAL<\/span><a href=\"http:\/\/www.portalmantena.com.br\/novo\/wp-content\/uploads\/2018\/05\/postoterraboa.jpg\"><img loading=\"lazy\" class=\"alignnone size-full wp-image-29172\" src=\"http:\/\/www.portalmantena.com.br\/novo\/wp-content\/uploads\/2018\/05\/postoterraboa.jpg\" alt=\"\" width=\"700\" height=\"150\" srcset=\"http:\/\/www.portalmantena.com.br\/novo\/wp-content\/uploads\/2018\/05\/postoterraboa.jpg 700w, http:\/\/www.portalmantena.com.br\/novo\/wp-content\/uploads\/2018\/05\/postoterraboa-300x64.jpg 300w, http:\/\/www.portalmantena.com.br\/novo\/wp-content\/uploads\/2018\/05\/postoterraboa-696x150.jpg 696w\" sizes=\"(max-width: 700px) 100vw, 700px\" \/><\/a><\/p>\n","protected":false},"excerpt":{"rendered":"<p>O boletim epidemiol\u00f3gico sobre o covid 19 no munic\u00edpio de Mantena atualizado na tarde desta quarta-feira dia 28 de abril, tr\u00e1s informa\u00e7\u00f5es importantes como a queda no n\u00famero de casos suspeitos em investiga\u00e7\u00e3o, que continua caindo. No boletim do dia 27 de abril o total de casos era 114, e nesta quarta-feira dia 28, totalizou [&hellip;]<\/p>\n","protected":false},"author":1,"featured_media":66484,"comment_status":"open","ping_status":"open","sticky":false,"template":"","format":"standard","meta":[],"categories":[12],"tags":[],"_links":{"self":[{"href":"http:\/\/www.portalmantena.com.br\/novo\/index.php?rest_route=\/wp\/v2\/posts\/66483"}],"collection":[{"href":"http:\/\/www.portalmantena.com.br\/novo\/index.php?rest_route=\/wp\/v2\/posts"}],"about":[{"href":"http:\/\/www.portalmantena.com.br\/novo\/index.php?rest_route=\/wp\/v2\/types\/post"}],"author":[{"embeddable":true,"href":"http:\/\/www.portalmantena.com.br\/novo\/index.php?rest_route=\/wp\/v2\/users\/1"}],"replies":[{"embeddable":true,"href":"http:\/\/www.portalmantena.com.br\/novo\/index.php?rest_route=%2Fwp%2Fv2%2Fcomments&post=66483"}],"version-history":[{"count":1,"href":"http:\/\/www.portalmantena.com.br\/novo\/index.php?rest_route=\/wp\/v2\/posts\/66483\/revisions"}],"predecessor-version":[{"id":66485,"href":"http:\/\/www.portalmantena.com.br\/novo\/index.php?rest_route=\/wp\/v2\/posts\/66483\/revisions\/66485"}],"wp:featuredmedia":[{"embeddable":true,"href":"http:\/\/www.portalmantena.com.br\/novo\/index.php?rest_route=\/wp\/v2\/media\/66484"}],"wp:attachment":[{"href":"http:\/\/www.portalmantena.com.br\/novo\/index.php?rest_route=%2Fwp%2Fv2%2Fmedia&parent=66483"}],"wp:term":[{"taxonomy":"category","embeddable":true,"href":"http:\/\/www.portalmantena.com.br\/novo\/index.php?rest_route=%2Fwp%2Fv2%2Fcategories&post=66483"},{"taxonomy":"post_tag","embeddable":true,"href":"http:\/\/www.portalmantena.com.br\/novo\/index.php?rest_route=%2Fwp%2Fv2%2Ftags&post=66483"}],"curies":[{"name":"wp","href":"https:\/\/api.w.org\/{rel}","templated":true}]}}