{"id":66396,"date":"2021-04-23T11:27:47","date_gmt":"2021-04-23T14:27:47","guid":{"rendered":"http:\/\/www.portalmantena.com.br\/novo\/?p=66396"},"modified":"2021-04-23T11:27:47","modified_gmt":"2021-04-23T14:27:47","slug":"covid-mantena-chega-ha-78-obitos-confirmados","status":"publish","type":"post","link":"http:\/\/www.portalmantena.com.br\/novo\/?p=66396","title":{"rendered":"Covid: Mantena chega h\u00e1 78 \u00f3bitos confirmados"},"content":{"rendered":"<p><a href=\"http:\/\/www.portalmantena.com.br\/novo\/wp-content\/uploads\/2021\/04\/no230421covid.jpg\"><img loading=\"lazy\" class=\"alignnone size-full wp-image-66397\" src=\"http:\/\/www.portalmantena.com.br\/novo\/wp-content\/uploads\/2021\/04\/no230421covid.jpg\" alt=\"\" width=\"700\" height=\"450\" srcset=\"http:\/\/www.portalmantena.com.br\/novo\/wp-content\/uploads\/2021\/04\/no230421covid.jpg 700w, http:\/\/www.portalmantena.com.br\/novo\/wp-content\/uploads\/2021\/04\/no230421covid-300x193.jpg 300w, http:\/\/www.portalmantena.com.br\/novo\/wp-content\/uploads\/2021\/04\/no230421covid-696x447.jpg 696w, http:\/\/www.portalmantena.com.br\/novo\/wp-content\/uploads\/2021\/04\/no230421covid-653x420.jpg 653w\" sizes=\"(max-width: 700px) 100vw, 700px\" \/><\/a><\/p>\n<p><span style=\"font-size: 14pt;\">Mesmo com uma queda observada nos casos suspeitos em investiga\u00e7\u00e3o em Mantena nos \u00faltimos dias, o boletim epidemiol\u00f3gico sobre o covid 19, registrou nesta quinta-feira dia 22 de abril, mais um \u00f3bito, infelizmente chegando h\u00e1 78 \u00f3bitos registrados e 01 \u00f3bito ainda em investiga\u00e7\u00e3o desde o in\u00edcio da Pandemia. <\/span><\/p>\n<p><span style=\"font-size: 14pt;\">O boletim apresenta ainda 53 casos ativos da doen\u00e7a em Mantena, sendo que deste total 41 pessoas est\u00e3o em isolamento domiciliar, 07 pacientes internados em Ala de hospital e 05 pacientes internados em UTI. <\/span><\/p>\n<p><span style=\"font-size: 14pt;\">Os casos confirmados da doen\u00e7a desde o in\u00edcio da Pandemia totalizam nesta data 2.724 sendo que deste total 2.593 pessoas j\u00e1 se curaram da doen\u00e7a.<\/span><\/p>\n<p><a href=\"http:\/\/www.portalmantena.com.br\/novo\/\"><img loading=\"lazy\" class=\"alignnone size-full wp-image-37331\" src=\"http:\/\/www.portalmantena.com.br\/novo\/wp-content\/uploads\/2018\/05\/faixaportalnoticias5.jpg\" alt=\"\" width=\"700\" height=\"40\" srcset=\"http:\/\/www.portalmantena.com.br\/novo\/wp-content\/uploads\/2018\/05\/faixaportalnoticias5.jpg 700w, http:\/\/www.portalmantena.com.br\/novo\/wp-content\/uploads\/2018\/05\/faixaportalnoticias5-300x17.jpg 300w, http:\/\/www.portalmantena.com.br\/novo\/wp-content\/uploads\/2018\/05\/faixaportalnoticias5-696x40.jpg 696w\" sizes=\"(max-width: 700px) 100vw, 700px\" \/><\/a><\/p>\n<p><span style=\"font-size: 10pt;\">ESPA\u00c7O EMPRESARIAL<\/span><a href=\"https:\/\/www.facebook.com\/avenidanovasapataria\"><img loading=\"lazy\" class=\"alignnone size-full wp-image-65888\" src=\"http:\/\/www.portalmantena.com.br\/novo\/wp-content\/uploads\/2018\/05\/avenida090321b.jpg\" alt=\"\" width=\"700\" height=\"150\" srcset=\"http:\/\/www.portalmantena.com.br\/novo\/wp-content\/uploads\/2018\/05\/avenida090321b.jpg 700w, http:\/\/www.portalmantena.com.br\/novo\/wp-content\/uploads\/2018\/05\/avenida090321b-300x64.jpg 300w, http:\/\/www.portalmantena.com.br\/novo\/wp-content\/uploads\/2018\/05\/avenida090321b-696x150.jpg 696w\" sizes=\"(max-width: 700px) 100vw, 700px\" \/><\/a><\/p>\n","protected":false},"excerpt":{"rendered":"<p>Mesmo com uma queda observada nos casos suspeitos em investiga\u00e7\u00e3o em Mantena nos \u00faltimos dias, o boletim epidemiol\u00f3gico sobre o covid 19, registrou nesta quinta-feira dia 22 de abril, mais um \u00f3bito, infelizmente chegando h\u00e1 78 \u00f3bitos registrados e 01 \u00f3bito ainda em investiga\u00e7\u00e3o desde o in\u00edcio da Pandemia. O boletim apresenta ainda 53 casos [&hellip;]<\/p>\n","protected":false},"author":1,"featured_media":66397,"comment_status":"open","ping_status":"open","sticky":false,"template":"","format":"standard","meta":[],"categories":[11],"tags":[],"_links":{"self":[{"href":"http:\/\/www.portalmantena.com.br\/novo\/index.php?rest_route=\/wp\/v2\/posts\/66396"}],"collection":[{"href":"http:\/\/www.portalmantena.com.br\/novo\/index.php?rest_route=\/wp\/v2\/posts"}],"about":[{"href":"http:\/\/www.portalmantena.com.br\/novo\/index.php?rest_route=\/wp\/v2\/types\/post"}],"author":[{"embeddable":true,"href":"http:\/\/www.portalmantena.com.br\/novo\/index.php?rest_route=\/wp\/v2\/users\/1"}],"replies":[{"embeddable":true,"href":"http:\/\/www.portalmantena.com.br\/novo\/index.php?rest_route=%2Fwp%2Fv2%2Fcomments&post=66396"}],"version-history":[{"count":1,"href":"http:\/\/www.portalmantena.com.br\/novo\/index.php?rest_route=\/wp\/v2\/posts\/66396\/revisions"}],"predecessor-version":[{"id":66398,"href":"http:\/\/www.portalmantena.com.br\/novo\/index.php?rest_route=\/wp\/v2\/posts\/66396\/revisions\/66398"}],"wp:featuredmedia":[{"embeddable":true,"href":"http:\/\/www.portalmantena.com.br\/novo\/index.php?rest_route=\/wp\/v2\/media\/66397"}],"wp:attachment":[{"href":"http:\/\/www.portalmantena.com.br\/novo\/index.php?rest_route=%2Fwp%2Fv2%2Fmedia&parent=66396"}],"wp:term":[{"taxonomy":"category","embeddable":true,"href":"http:\/\/www.portalmantena.com.br\/novo\/index.php?rest_route=%2Fwp%2Fv2%2Fcategories&post=66396"},{"taxonomy":"post_tag","embeddable":true,"href":"http:\/\/www.portalmantena.com.br\/novo\/index.php?rest_route=%2Fwp%2Fv2%2Ftags&post=66396"}],"curies":[{"name":"wp","href":"https:\/\/api.w.org\/{rel}","templated":true}]}}