{"id":66392,"date":"2021-04-23T11:12:28","date_gmt":"2021-04-23T14:12:28","guid":{"rendered":"http:\/\/www.portalmantena.com.br\/novo\/?p=66392"},"modified":"2021-04-23T11:15:24","modified_gmt":"2021-04-23T14:15:24","slug":"covid-vacinacao-as-pessoas-de-64-anos-segue-em-mantena","status":"publish","type":"post","link":"http:\/\/www.portalmantena.com.br\/novo\/?p=66392","title":{"rendered":"Covid: Vacina\u00e7\u00e3o \u00e0s pessoas de 64 anos segue em Mantena"},"content":{"rendered":"<p><a href=\"http:\/\/www.portalmantena.com.br\/novo\/wp-content\/uploads\/2021\/04\/no230421vacina.jpg\"><img loading=\"lazy\" class=\"alignnone size-full wp-image-66393\" src=\"http:\/\/www.portalmantena.com.br\/novo\/wp-content\/uploads\/2021\/04\/no230421vacina.jpg\" alt=\"\" width=\"700\" height=\"450\" srcset=\"http:\/\/www.portalmantena.com.br\/novo\/wp-content\/uploads\/2021\/04\/no230421vacina.jpg 700w, http:\/\/www.portalmantena.com.br\/novo\/wp-content\/uploads\/2021\/04\/no230421vacina-300x193.jpg 300w, http:\/\/www.portalmantena.com.br\/novo\/wp-content\/uploads\/2021\/04\/no230421vacina-696x447.jpg 696w, http:\/\/www.portalmantena.com.br\/novo\/wp-content\/uploads\/2021\/04\/no230421vacina-653x420.jpg 653w\" sizes=\"(max-width: 700px) 100vw, 700px\" \/><\/a><\/p>\n<p><span style=\"font-size: 14pt;\">Em Mantena, a vacina\u00e7\u00e3o contra o covid 19 alcan\u00e7ou mais uma faixa et\u00e1ria nesta quinta-feira dia 22 de abril. <\/span><\/p>\n<p><span style=\"font-size: 14pt;\">Nesta data foram vacinadas pessoas com 64 anos. <\/span><\/p>\n<p><span style=\"font-size: 14pt;\">De acordo com a coordena\u00e7\u00e3o da campanha, a vacina\u00e7\u00e3o desta faixa et\u00e1ria segue nesta sexta-feira dia 23 de abril por\u00e9m sendo realizada em apenas um local, no Centro de Sa\u00fade, situado no centro da cidade, atr\u00e1s do F\u00f3rum. <\/span><\/p>\n<p><span style=\"font-size: 14pt;\">\u00c9 importante lembrar que as pessoas nesta faixa et\u00e1ria que ainda n\u00e3o tomaram a primeira dose, devem se dirigir ao centro de sa\u00fade levando os documentos necess\u00e1rios: cart\u00e3o do SUS, Cart\u00e3o de Vacina e o CPF. <\/span><\/p>\n<p><span style=\"font-size: 14pt;\">J\u00e1 as pessoas que j\u00e1 foram vacinadas com a primeira dose, aproveite para conferir a data no seu cart\u00e3o de vacina\u00e7\u00e3o para n\u00e3o perder a 2\u00aa dose.<\/span><\/p>\n<p><a href=\"http:\/\/www.portalmantena.com.br\/novo\/\"><img loading=\"lazy\" class=\"alignnone size-full wp-image-37331\" src=\"http:\/\/www.portalmantena.com.br\/novo\/wp-content\/uploads\/2018\/05\/faixaportalnoticias5.jpg\" alt=\"\" width=\"700\" height=\"40\" srcset=\"http:\/\/www.portalmantena.com.br\/novo\/wp-content\/uploads\/2018\/05\/faixaportalnoticias5.jpg 700w, http:\/\/www.portalmantena.com.br\/novo\/wp-content\/uploads\/2018\/05\/faixaportalnoticias5-300x17.jpg 300w, http:\/\/www.portalmantena.com.br\/novo\/wp-content\/uploads\/2018\/05\/faixaportalnoticias5-696x40.jpg 696w\" sizes=\"(max-width: 700px) 100vw, 700px\" \/><\/a><\/p>\n<p><span style=\"font-size: 10pt;\">ESPA\u00c7O EMPRESARIAL<\/span><a href=\"http:\/\/www.portalmantena.com.br\/novo\/wp-content\/uploads\/2018\/05\/postoterraboa.jpg\"><img loading=\"lazy\" class=\"alignnone size-full wp-image-29172\" src=\"http:\/\/www.portalmantena.com.br\/novo\/wp-content\/uploads\/2018\/05\/postoterraboa.jpg\" alt=\"\" width=\"700\" height=\"150\" srcset=\"http:\/\/www.portalmantena.com.br\/novo\/wp-content\/uploads\/2018\/05\/postoterraboa.jpg 700w, http:\/\/www.portalmantena.com.br\/novo\/wp-content\/uploads\/2018\/05\/postoterraboa-300x64.jpg 300w, http:\/\/www.portalmantena.com.br\/novo\/wp-content\/uploads\/2018\/05\/postoterraboa-696x150.jpg 696w\" sizes=\"(max-width: 700px) 100vw, 700px\" \/><\/a><\/p>\n","protected":false},"excerpt":{"rendered":"<p>Em Mantena, a vacina\u00e7\u00e3o contra o covid 19 alcan\u00e7ou mais uma faixa et\u00e1ria nesta quinta-feira dia 22 de abril. Nesta data foram vacinadas pessoas com 64 anos. De acordo com a coordena\u00e7\u00e3o da campanha, a vacina\u00e7\u00e3o desta faixa et\u00e1ria segue nesta sexta-feira dia 23 de abril por\u00e9m sendo realizada em apenas um local, no Centro [&hellip;]<\/p>\n","protected":false},"author":1,"featured_media":66393,"comment_status":"open","ping_status":"open","sticky":false,"template":"","format":"standard","meta":[],"categories":[11],"tags":[],"_links":{"self":[{"href":"http:\/\/www.portalmantena.com.br\/novo\/index.php?rest_route=\/wp\/v2\/posts\/66392"}],"collection":[{"href":"http:\/\/www.portalmantena.com.br\/novo\/index.php?rest_route=\/wp\/v2\/posts"}],"about":[{"href":"http:\/\/www.portalmantena.com.br\/novo\/index.php?rest_route=\/wp\/v2\/types\/post"}],"author":[{"embeddable":true,"href":"http:\/\/www.portalmantena.com.br\/novo\/index.php?rest_route=\/wp\/v2\/users\/1"}],"replies":[{"embeddable":true,"href":"http:\/\/www.portalmantena.com.br\/novo\/index.php?rest_route=%2Fwp%2Fv2%2Fcomments&post=66392"}],"version-history":[{"count":2,"href":"http:\/\/www.portalmantena.com.br\/novo\/index.php?rest_route=\/wp\/v2\/posts\/66392\/revisions"}],"predecessor-version":[{"id":66395,"href":"http:\/\/www.portalmantena.com.br\/novo\/index.php?rest_route=\/wp\/v2\/posts\/66392\/revisions\/66395"}],"wp:featuredmedia":[{"embeddable":true,"href":"http:\/\/www.portalmantena.com.br\/novo\/index.php?rest_route=\/wp\/v2\/media\/66393"}],"wp:attachment":[{"href":"http:\/\/www.portalmantena.com.br\/novo\/index.php?rest_route=%2Fwp%2Fv2%2Fmedia&parent=66392"}],"wp:term":[{"taxonomy":"category","embeddable":true,"href":"http:\/\/www.portalmantena.com.br\/novo\/index.php?rest_route=%2Fwp%2Fv2%2Fcategories&post=66392"},{"taxonomy":"post_tag","embeddable":true,"href":"http:\/\/www.portalmantena.com.br\/novo\/index.php?rest_route=%2Fwp%2Fv2%2Ftags&post=66392"}],"curies":[{"name":"wp","href":"https:\/\/api.w.org\/{rel}","templated":true}]}}