{"id":66249,"date":"2021-04-12T11:14:27","date_gmt":"2021-04-12T14:14:27","guid":{"rendered":"http:\/\/www.portalmantena.com.br\/novo\/?p=66249"},"modified":"2021-04-12T11:14:27","modified_gmt":"2021-04-12T14:14:27","slug":"covid-mantena-ultrapassa-70-obitos-nesta-pandemia","status":"publish","type":"post","link":"http:\/\/www.portalmantena.com.br\/novo\/?p=66249","title":{"rendered":"Covid: Mantena ultrapassa 70 \u00f3bitos nesta Pandemia"},"content":{"rendered":"<p><a href=\"http:\/\/www.portalmantena.com.br\/novo\/wp-content\/uploads\/2021\/04\/no120421covid.jpg\"><img loading=\"lazy\" class=\"alignnone size-full wp-image-66250\" src=\"http:\/\/www.portalmantena.com.br\/novo\/wp-content\/uploads\/2021\/04\/no120421covid.jpg\" alt=\"\" width=\"700\" height=\"450\" srcset=\"http:\/\/www.portalmantena.com.br\/novo\/wp-content\/uploads\/2021\/04\/no120421covid.jpg 700w, http:\/\/www.portalmantena.com.br\/novo\/wp-content\/uploads\/2021\/04\/no120421covid-300x193.jpg 300w, http:\/\/www.portalmantena.com.br\/novo\/wp-content\/uploads\/2021\/04\/no120421covid-696x447.jpg 696w, http:\/\/www.portalmantena.com.br\/novo\/wp-content\/uploads\/2021\/04\/no120421covid-653x420.jpg 653w\" sizes=\"(max-width: 700px) 100vw, 700px\" \/><\/a><\/p>\n<p><span style=\"font-size: 14pt;\">Os dados atualizados na \u00faltima sexta-feira dia 09 de abril, sobre a covid 19 no munic\u00edpio de Mantena, trouxe infelizmente que o munic\u00edpio ultrapassou 70 casos de \u00f3bitos registrados pela doen\u00e7a. <\/span><\/p>\n<p><span style=\"font-size: 14pt;\">O boletim informa que desde o in\u00edcio da Pandemia Mantena registrou 71 \u00f3bitos, sendo que 70 mortes foram confirmadas e um \u00f3bito est\u00e1 em investiga\u00e7\u00e3o. <\/span><\/p>\n<p><span style=\"font-size: 14pt;\">Nesta data, Mantena registra 159 casos ativos da doen\u00e7a, sendo que deste total 140 pessoas est\u00e3o em isolamento domiciliar, 15 internados em Ala e 04 internados em UTI. <\/span><\/p>\n<p><span style=\"font-size: 18pt;\"><strong>Somando-se os casos ativos e casos suspeitos em investiga\u00e7\u00e3o, nesta data Mantena tem 362 pessoas em isolamento domiciliar. <\/strong><\/span><\/p>\n<p><span style=\"font-size: 14pt;\">Desde o in\u00edcio da Pandemia Mantena j\u00e1 registrou 2.611 casos confirmados sendo que 2.383 pessoas j\u00e1 se curaram da doen\u00e7a.<\/span><\/p>\n<p><a href=\"http:\/\/www.portalmantena.com.br\/novo\/\"><img loading=\"lazy\" class=\"alignnone size-full wp-image-37331\" src=\"http:\/\/www.portalmantena.com.br\/novo\/wp-content\/uploads\/2018\/05\/faixaportalnoticias5.jpg\" alt=\"\" width=\"700\" height=\"40\" srcset=\"http:\/\/www.portalmantena.com.br\/novo\/wp-content\/uploads\/2018\/05\/faixaportalnoticias5.jpg 700w, http:\/\/www.portalmantena.com.br\/novo\/wp-content\/uploads\/2018\/05\/faixaportalnoticias5-300x17.jpg 300w, http:\/\/www.portalmantena.com.br\/novo\/wp-content\/uploads\/2018\/05\/faixaportalnoticias5-696x40.jpg 696w\" sizes=\"(max-width: 700px) 100vw, 700px\" \/><\/a><\/p>\n<p><span style=\"font-size: 10pt;\">ESPA\u00c7O EMPRESARIAL<\/span><a href=\"http:\/\/www.temposolar.com.br\/\"><img loading=\"lazy\" class=\"alignnone size-full wp-image-44084\" src=\"http:\/\/www.portalmantena.com.br\/novo\/wp-content\/uploads\/2018\/05\/temposolarbb.jpg\" alt=\"\" width=\"700\" height=\"150\" srcset=\"http:\/\/www.portalmantena.com.br\/novo\/wp-content\/uploads\/2018\/05\/temposolarbb.jpg 700w, http:\/\/www.portalmantena.com.br\/novo\/wp-content\/uploads\/2018\/05\/temposolarbb-300x64.jpg 300w, http:\/\/www.portalmantena.com.br\/novo\/wp-content\/uploads\/2018\/05\/temposolarbb-696x150.jpg 696w\" sizes=\"(max-width: 700px) 100vw, 700px\" \/><\/a><\/p>\n","protected":false},"excerpt":{"rendered":"<p>Os dados atualizados na \u00faltima sexta-feira dia 09 de abril, sobre a covid 19 no munic\u00edpio de Mantena, trouxe infelizmente que o munic\u00edpio ultrapassou 70 casos de \u00f3bitos registrados pela doen\u00e7a. O boletim informa que desde o in\u00edcio da Pandemia Mantena registrou 71 \u00f3bitos, sendo que 70 mortes foram confirmadas e um \u00f3bito est\u00e1 em [&hellip;]<\/p>\n","protected":false},"author":1,"featured_media":66250,"comment_status":"open","ping_status":"open","sticky":false,"template":"","format":"standard","meta":[],"categories":[11],"tags":[],"_links":{"self":[{"href":"http:\/\/www.portalmantena.com.br\/novo\/index.php?rest_route=\/wp\/v2\/posts\/66249"}],"collection":[{"href":"http:\/\/www.portalmantena.com.br\/novo\/index.php?rest_route=\/wp\/v2\/posts"}],"about":[{"href":"http:\/\/www.portalmantena.com.br\/novo\/index.php?rest_route=\/wp\/v2\/types\/post"}],"author":[{"embeddable":true,"href":"http:\/\/www.portalmantena.com.br\/novo\/index.php?rest_route=\/wp\/v2\/users\/1"}],"replies":[{"embeddable":true,"href":"http:\/\/www.portalmantena.com.br\/novo\/index.php?rest_route=%2Fwp%2Fv2%2Fcomments&post=66249"}],"version-history":[{"count":1,"href":"http:\/\/www.portalmantena.com.br\/novo\/index.php?rest_route=\/wp\/v2\/posts\/66249\/revisions"}],"predecessor-version":[{"id":66251,"href":"http:\/\/www.portalmantena.com.br\/novo\/index.php?rest_route=\/wp\/v2\/posts\/66249\/revisions\/66251"}],"wp:featuredmedia":[{"embeddable":true,"href":"http:\/\/www.portalmantena.com.br\/novo\/index.php?rest_route=\/wp\/v2\/media\/66250"}],"wp:attachment":[{"href":"http:\/\/www.portalmantena.com.br\/novo\/index.php?rest_route=%2Fwp%2Fv2%2Fmedia&parent=66249"}],"wp:term":[{"taxonomy":"category","embeddable":true,"href":"http:\/\/www.portalmantena.com.br\/novo\/index.php?rest_route=%2Fwp%2Fv2%2Fcategories&post=66249"},{"taxonomy":"post_tag","embeddable":true,"href":"http:\/\/www.portalmantena.com.br\/novo\/index.php?rest_route=%2Fwp%2Fv2%2Ftags&post=66249"}],"curies":[{"name":"wp","href":"https:\/\/api.w.org\/{rel}","templated":true}]}}