{"id":66166,"date":"2021-04-06T11:22:43","date_gmt":"2021-04-06T14:22:43","guid":{"rendered":"http:\/\/www.portalmantena.com.br\/novo\/?p=66166"},"modified":"2021-04-06T11:22:43","modified_gmt":"2021-04-06T14:22:43","slug":"mais-um-mantenense-chega-a-jovem-barra-fm","status":"publish","type":"post","link":"http:\/\/www.portalmantena.com.br\/novo\/?p=66166","title":{"rendered":"Mais um mantenense chega \u00e0 Jovem Barra FM"},"content":{"rendered":"<p><a href=\"http:\/\/www.portalmantena.com.br\/novo\/wp-content\/uploads\/2021\/04\/vi060421ceara.jpg\"><img loading=\"lazy\" class=\"alignnone size-full wp-image-66167\" src=\"http:\/\/www.portalmantena.com.br\/novo\/wp-content\/uploads\/2021\/04\/vi060421ceara.jpg\" alt=\"\" width=\"700\" height=\"450\" srcset=\"http:\/\/www.portalmantena.com.br\/novo\/wp-content\/uploads\/2021\/04\/vi060421ceara.jpg 700w, http:\/\/www.portalmantena.com.br\/novo\/wp-content\/uploads\/2021\/04\/vi060421ceara-300x193.jpg 300w, http:\/\/www.portalmantena.com.br\/novo\/wp-content\/uploads\/2021\/04\/vi060421ceara-696x447.jpg 696w, http:\/\/www.portalmantena.com.br\/novo\/wp-content\/uploads\/2021\/04\/vi060421ceara-653x420.jpg 653w\" sizes=\"(max-width: 700px) 100vw, 700px\" \/><\/a><\/p>\n<p><span style=\"font-size: 14pt;\">A r\u00e1dio Jovem Barra FM ( de Barra de S\u00e3o Francisco), em sua nova grade de programa\u00e7\u00e3o 2021, tr\u00e1s para seus ouvintes muito mais diversidade, conte\u00fado e variedades, e na tarde desta segunda-feira dia 05 de abril, estreou um novo programa.<\/span><\/p>\n<p><span style=\"font-size: 14pt;\"> O radialista mantenense e esportista Reginaldo Monteiro (conhecido Cear\u00e1), estreou no comando do programa &#8220;Giro Esportivo&#8221;, um quadro que ele domina nos bons tempos do r\u00e1dio esportivo que sempre foi um forte em Mantena e regi\u00e3o.<\/span><\/p>\n<p><span style=\"font-size: 14pt;\"> O programa que vai ao ar de 13 \u00e0s 14 hs, e deve ser di\u00e1rio, trar\u00e1 um conte\u00fado abordando o esporte, n\u00e3o apenas o futebol. <\/span><\/p>\n<p><span style=\"font-size: 14pt;\">E a estr\u00e9ia foi um sucesso, com muitos ouvintes participando e levando aquela palavra de apoio e satisfa\u00e7\u00e3o por este novo conte\u00fado de entretenimento no r\u00e1dio. <\/span><\/p>\n<p><span style=\"font-size: 14pt;\">Parab\u00e9ns Reginaldo por mais esta conquista e este desafio em sua vida, desejamos muito sucesso e a certeza que ter\u00e1 novamente destaque na regi\u00e3o. <\/span><\/p>\n<p><span style=\"font-size: 14pt;\">Reginaldo \u00e9 mais um radialista mantenense que \u00e9 abra\u00e7ado pela r\u00e1dio Jovem Barra FM, pois l\u00e1 j\u00e1 comunicam os radialista Dem\u00e9trio Silva, Wanderson Correia, Roberto Gomes e agora Reginaldo Monteiro (Cear\u00e1).<\/span><\/p>\n<p><a href=\"http:\/\/www.portalmantena.com.br\/novo\/\"><img loading=\"lazy\" class=\"alignnone size-full wp-image-37296\" src=\"http:\/\/www.portalmantena.com.br\/novo\/wp-content\/uploads\/2018\/05\/faixavitrine2.jpg\" alt=\"\" width=\"700\" height=\"40\" srcset=\"http:\/\/www.portalmantena.com.br\/novo\/wp-content\/uploads\/2018\/05\/faixavitrine2.jpg 700w, http:\/\/www.portalmantena.com.br\/novo\/wp-content\/uploads\/2018\/05\/faixavitrine2-300x17.jpg 300w, http:\/\/www.portalmantena.com.br\/novo\/wp-content\/uploads\/2018\/05\/faixavitrine2-696x40.jpg 696w\" sizes=\"(max-width: 700px) 100vw, 700px\" \/><\/a><\/p>\n<p><span style=\"font-size: 10pt;\">ESPA\u00c7O EMPRESARIAL<\/span><a href=\"https:\/\/www.facebook.com\/lojaeletrocellcelulares\/\"><img loading=\"lazy\" class=\"alignnone size-full wp-image-37660\" src=\"http:\/\/www.portalmantena.com.br\/novo\/wp-content\/uploads\/2018\/05\/eletrocel1.jpg\" alt=\"\" width=\"700\" height=\"150\" srcset=\"http:\/\/www.portalmantena.com.br\/novo\/wp-content\/uploads\/2018\/05\/eletrocel1.jpg 700w, http:\/\/www.portalmantena.com.br\/novo\/wp-content\/uploads\/2018\/05\/eletrocel1-300x64.jpg 300w, http:\/\/www.portalmantena.com.br\/novo\/wp-content\/uploads\/2018\/05\/eletrocel1-696x150.jpg 696w\" sizes=\"(max-width: 700px) 100vw, 700px\" \/><\/a><\/p>\n","protected":false},"excerpt":{"rendered":"<p>A r\u00e1dio Jovem Barra FM ( de Barra de S\u00e3o Francisco), em sua nova grade de programa\u00e7\u00e3o 2021, tr\u00e1s para seus ouvintes muito mais diversidade, conte\u00fado e variedades, e na tarde desta segunda-feira dia 05 de abril, estreou um novo programa. O radialista mantenense e esportista Reginaldo Monteiro (conhecido Cear\u00e1), estreou no comando do programa [&hellip;]<\/p>\n","protected":false},"author":1,"featured_media":66167,"comment_status":"open","ping_status":"open","sticky":false,"template":"","format":"standard","meta":[],"categories":[7],"tags":[],"_links":{"self":[{"href":"http:\/\/www.portalmantena.com.br\/novo\/index.php?rest_route=\/wp\/v2\/posts\/66166"}],"collection":[{"href":"http:\/\/www.portalmantena.com.br\/novo\/index.php?rest_route=\/wp\/v2\/posts"}],"about":[{"href":"http:\/\/www.portalmantena.com.br\/novo\/index.php?rest_route=\/wp\/v2\/types\/post"}],"author":[{"embeddable":true,"href":"http:\/\/www.portalmantena.com.br\/novo\/index.php?rest_route=\/wp\/v2\/users\/1"}],"replies":[{"embeddable":true,"href":"http:\/\/www.portalmantena.com.br\/novo\/index.php?rest_route=%2Fwp%2Fv2%2Fcomments&post=66166"}],"version-history":[{"count":1,"href":"http:\/\/www.portalmantena.com.br\/novo\/index.php?rest_route=\/wp\/v2\/posts\/66166\/revisions"}],"predecessor-version":[{"id":66168,"href":"http:\/\/www.portalmantena.com.br\/novo\/index.php?rest_route=\/wp\/v2\/posts\/66166\/revisions\/66168"}],"wp:featuredmedia":[{"embeddable":true,"href":"http:\/\/www.portalmantena.com.br\/novo\/index.php?rest_route=\/wp\/v2\/media\/66167"}],"wp:attachment":[{"href":"http:\/\/www.portalmantena.com.br\/novo\/index.php?rest_route=%2Fwp%2Fv2%2Fmedia&parent=66166"}],"wp:term":[{"taxonomy":"category","embeddable":true,"href":"http:\/\/www.portalmantena.com.br\/novo\/index.php?rest_route=%2Fwp%2Fv2%2Fcategories&post=66166"},{"taxonomy":"post_tag","embeddable":true,"href":"http:\/\/www.portalmantena.com.br\/novo\/index.php?rest_route=%2Fwp%2Fv2%2Ftags&post=66166"}],"curies":[{"name":"wp","href":"https:\/\/api.w.org\/{rel}","templated":true}]}}