{"id":65869,"date":"2021-03-10T13:30:22","date_gmt":"2021-03-10T16:30:22","guid":{"rendered":"http:\/\/www.portalmantena.com.br\/novo\/?p=65869"},"modified":"2021-03-10T13:32:23","modified_gmt":"2021-03-10T16:32:23","slug":"covid-mantena-tem-178-pessoas-em-isolamento-domiciliar","status":"publish","type":"post","link":"http:\/\/www.portalmantena.com.br\/novo\/?p=65869","title":{"rendered":"Covid: Mantena tem 178 pessoas em isolamento domiciliar"},"content":{"rendered":"<p><a href=\"http:\/\/www.portalmantena.com.br\/novo\/wp-content\/uploads\/2021\/03\/no100320covid.jpg\"><img loading=\"lazy\" class=\"alignnone size-full wp-image-65865\" src=\"http:\/\/www.portalmantena.com.br\/novo\/wp-content\/uploads\/2021\/03\/no100320covid.jpg\" alt=\"\" width=\"700\" height=\"450\" srcset=\"http:\/\/www.portalmantena.com.br\/novo\/wp-content\/uploads\/2021\/03\/no100320covid.jpg 700w, http:\/\/www.portalmantena.com.br\/novo\/wp-content\/uploads\/2021\/03\/no100320covid-300x193.jpg 300w, http:\/\/www.portalmantena.com.br\/novo\/wp-content\/uploads\/2021\/03\/no100320covid-696x447.jpg 696w, http:\/\/www.portalmantena.com.br\/novo\/wp-content\/uploads\/2021\/03\/no100320covid-653x420.jpg 653w\" sizes=\"(max-width: 700px) 100vw, 700px\" \/><\/a><\/p>\n<p><span style=\"font-size: 14pt;\">A prefeitura municipal de Mantena alterou o formato do boletim epidemiol\u00f3gico sobre o covid 19 no munic\u00edpio. <\/span><\/p>\n<p><span style=\"font-size: 14pt;\">O boletim atualizado nesta segunda-feira dia 08 de mar\u00e7o j\u00e1 tr\u00e1s novidades como um quadro onde aparece informa\u00e7\u00f5es sobre o n\u00famero de doses da vacina contra o covid 19, aplicadas no munic\u00edpio. <\/span><\/p>\n<p><span style=\"font-size: 14pt;\">J\u00e1 as informa\u00e7\u00f5es sobre os casos da doen\u00e7a seguem no mesmo padr\u00e3o. Nesta data, dia 09 de Mar\u00e7o, o munic\u00edpio registra 1.863 casos registrados da doen\u00e7a desde o in\u00edcio da Pandemia, com 1.792 pacientes j\u00e1 curados.<\/span><\/p>\n<p><span style=\"font-size: 18pt;\"><strong> Nesta data, em Mantena existem 29 casos ativos da doen\u00e7a, sendo que deste total 10 pacientes est\u00e3o internados em Ala, 03 em UTI e 16 em isolamento domiciliar. <\/strong><\/span><\/p>\n<p><span style=\"font-size: 14pt;\">Temos acompanhado os \u00faltimos boletins e estes n\u00fameros vem crescendo. <\/span><\/p>\n<p><span style=\"font-size: 14pt;\">Se somarmos os casos confirmados e casos suspeitos em investiga\u00e7\u00e3o, nesta data Mantena tem registrado 178 pessoas em isolamento domiciliar. <\/span><\/p>\n<p><span style=\"font-size: 14pt;\">J\u00e1 o n\u00famero de \u00f3bitos chega ao n\u00famero de 42 pessoas que morreram em fun\u00e7\u00e3o da doen\u00e7a desde o in\u00edcio da Pandemia.<\/span><\/p>\n<p><a href=\"http:\/\/www.portalmantena.com.br\/novo\/\"><img loading=\"lazy\" class=\"alignnone size-full wp-image-37331\" src=\"http:\/\/www.portalmantena.com.br\/novo\/wp-content\/uploads\/2018\/05\/faixaportalnoticias5.jpg\" alt=\"\" width=\"700\" height=\"40\" srcset=\"http:\/\/www.portalmantena.com.br\/novo\/wp-content\/uploads\/2018\/05\/faixaportalnoticias5.jpg 700w, http:\/\/www.portalmantena.com.br\/novo\/wp-content\/uploads\/2018\/05\/faixaportalnoticias5-300x17.jpg 300w, http:\/\/www.portalmantena.com.br\/novo\/wp-content\/uploads\/2018\/05\/faixaportalnoticias5-696x40.jpg 696w\" sizes=\"(max-width: 700px) 100vw, 700px\" \/><\/a><\/p>\n<p><span style=\"font-size: 10pt;\">ESPA\u00c7O EMPRESARIAL<\/span><a href=\"http:\/\/www.portalmantena.com.br\/novo\/wp-content\/uploads\/2018\/05\/postoterraboa.jpg\"><img loading=\"lazy\" class=\"alignnone size-full wp-image-29172\" src=\"http:\/\/www.portalmantena.com.br\/novo\/wp-content\/uploads\/2018\/05\/postoterraboa.jpg\" alt=\"\" width=\"700\" height=\"150\" srcset=\"http:\/\/www.portalmantena.com.br\/novo\/wp-content\/uploads\/2018\/05\/postoterraboa.jpg 700w, http:\/\/www.portalmantena.com.br\/novo\/wp-content\/uploads\/2018\/05\/postoterraboa-300x64.jpg 300w, http:\/\/www.portalmantena.com.br\/novo\/wp-content\/uploads\/2018\/05\/postoterraboa-696x150.jpg 696w\" sizes=\"(max-width: 700px) 100vw, 700px\" \/><\/a><\/p>\n","protected":false},"excerpt":{"rendered":"<p>A prefeitura municipal de Mantena alterou o formato do boletim epidemiol\u00f3gico sobre o covid 19 no munic\u00edpio. O boletim atualizado nesta segunda-feira dia 08 de mar\u00e7o j\u00e1 tr\u00e1s novidades como um quadro onde aparece informa\u00e7\u00f5es sobre o n\u00famero de doses da vacina contra o covid 19, aplicadas no munic\u00edpio. J\u00e1 as informa\u00e7\u00f5es sobre os casos [&hellip;]<\/p>\n","protected":false},"author":1,"featured_media":65870,"comment_status":"open","ping_status":"open","sticky":false,"template":"","format":"standard","meta":[],"categories":[12],"tags":[],"_links":{"self":[{"href":"http:\/\/www.portalmantena.com.br\/novo\/index.php?rest_route=\/wp\/v2\/posts\/65869"}],"collection":[{"href":"http:\/\/www.portalmantena.com.br\/novo\/index.php?rest_route=\/wp\/v2\/posts"}],"about":[{"href":"http:\/\/www.portalmantena.com.br\/novo\/index.php?rest_route=\/wp\/v2\/types\/post"}],"author":[{"embeddable":true,"href":"http:\/\/www.portalmantena.com.br\/novo\/index.php?rest_route=\/wp\/v2\/users\/1"}],"replies":[{"embeddable":true,"href":"http:\/\/www.portalmantena.com.br\/novo\/index.php?rest_route=%2Fwp%2Fv2%2Fcomments&post=65869"}],"version-history":[{"count":1,"href":"http:\/\/www.portalmantena.com.br\/novo\/index.php?rest_route=\/wp\/v2\/posts\/65869\/revisions"}],"predecessor-version":[{"id":65871,"href":"http:\/\/www.portalmantena.com.br\/novo\/index.php?rest_route=\/wp\/v2\/posts\/65869\/revisions\/65871"}],"wp:featuredmedia":[{"embeddable":true,"href":"http:\/\/www.portalmantena.com.br\/novo\/index.php?rest_route=\/wp\/v2\/media\/65870"}],"wp:attachment":[{"href":"http:\/\/www.portalmantena.com.br\/novo\/index.php?rest_route=%2Fwp%2Fv2%2Fmedia&parent=65869"}],"wp:term":[{"taxonomy":"category","embeddable":true,"href":"http:\/\/www.portalmantena.com.br\/novo\/index.php?rest_route=%2Fwp%2Fv2%2Fcategories&post=65869"},{"taxonomy":"post_tag","embeddable":true,"href":"http:\/\/www.portalmantena.com.br\/novo\/index.php?rest_route=%2Fwp%2Fv2%2Ftags&post=65869"}],"curies":[{"name":"wp","href":"https:\/\/api.w.org\/{rel}","templated":true}]}}