{"id":65858,"date":"2021-03-09T14:05:09","date_gmt":"2021-03-09T17:05:09","guid":{"rendered":"http:\/\/www.portalmantena.com.br\/novo\/?p=65858"},"modified":"2021-03-09T14:12:10","modified_gmt":"2021-03-09T17:12:10","slug":"covid-mantena-vacinacao-nesta-quarta-feira-de-8-as-14hs","status":"publish","type":"post","link":"http:\/\/www.portalmantena.com.br\/novo\/?p=65858","title":{"rendered":"Covid\/Mantena: Vacina\u00e7\u00e3o nesta quarta-feira de 8 \u00e0s 14hs"},"content":{"rendered":"<p><a href=\"http:\/\/www.portalmantena.com.br\/novo\/wp-content\/uploads\/2021\/03\/no090321vacina.jpg\"><img loading=\"lazy\" class=\"alignnone size-full wp-image-65859\" src=\"http:\/\/www.portalmantena.com.br\/novo\/wp-content\/uploads\/2021\/03\/no090321vacina.jpg\" alt=\"\" width=\"700\" height=\"450\" srcset=\"http:\/\/www.portalmantena.com.br\/novo\/wp-content\/uploads\/2021\/03\/no090321vacina.jpg 700w, http:\/\/www.portalmantena.com.br\/novo\/wp-content\/uploads\/2021\/03\/no090321vacina-300x193.jpg 300w, http:\/\/www.portalmantena.com.br\/novo\/wp-content\/uploads\/2021\/03\/no090321vacina-696x447.jpg 696w, http:\/\/www.portalmantena.com.br\/novo\/wp-content\/uploads\/2021\/03\/no090321vacina-653x420.jpg 653w\" sizes=\"(max-width: 700px) 100vw, 700px\" \/><\/a><\/p>\n<p><span style=\"font-size: 14pt;\">A secretaria municipal de sa\u00fade de Mantena informa que a vacina\u00e7\u00e3o contra o covid 19 segue esta semana, para idosos com idade entre 80 e 84 anos. <\/span><\/p>\n<p><span style=\"font-size: 14pt;\">A vacina\u00e7\u00e3o ir\u00e1 acontecer nesta quarta-feira dia 10 de mar\u00e7o nos hor\u00e1rios de 8 \u00e0s 14 horas nos seguintes locais: <span style=\"font-size: 18pt;\"><strong>Centro de Sa\u00fade (centro); PSF do bairro Treze de Junho <\/strong>e<strong> Tenda do MAMMA MIA na Pra\u00e7a de Recrea\u00e7\u00e3o no bairro Vila Nova (antigo campo de avia\u00e7\u00e3o). <\/strong><\/span><\/span><\/p>\n<p><span style=\"font-size: 14pt;\">As pessoas que ir\u00e3o se vacinar devem ir aos locais utilizando m\u00e1scara e levando o cart\u00e3o de vacina, cart\u00e3o do SUS e CPF. <\/span><\/p>\n<p><span style=\"font-size: 14pt;\">Para os idosos de 85 a 89 anos continua a vacina\u00e7\u00e3o.<\/span><\/p>\n<p><a href=\"http:\/\/www.portalmantena.com.br\/novo\/\"><img loading=\"lazy\" class=\"alignnone size-full wp-image-37331\" src=\"http:\/\/www.portalmantena.com.br\/novo\/wp-content\/uploads\/2018\/05\/faixaportalnoticias5.jpg\" alt=\"\" width=\"700\" height=\"40\" srcset=\"http:\/\/www.portalmantena.com.br\/novo\/wp-content\/uploads\/2018\/05\/faixaportalnoticias5.jpg 700w, http:\/\/www.portalmantena.com.br\/novo\/wp-content\/uploads\/2018\/05\/faixaportalnoticias5-300x17.jpg 300w, http:\/\/www.portalmantena.com.br\/novo\/wp-content\/uploads\/2018\/05\/faixaportalnoticias5-696x40.jpg 696w\" sizes=\"(max-width: 700px) 100vw, 700px\" \/><\/a><\/p>\n<p><span style=\"font-size: 10pt;\">ESPA\u00c7O EMPRESARIAL<\/span><a href=\"http:\/\/www.portalmantena.com.br\/novo\/wp-content\/uploads\/2018\/05\/postoterraboa.jpg\"><img loading=\"lazy\" class=\"alignnone size-full wp-image-29172\" src=\"http:\/\/www.portalmantena.com.br\/novo\/wp-content\/uploads\/2018\/05\/postoterraboa.jpg\" alt=\"\" width=\"700\" height=\"150\" srcset=\"http:\/\/www.portalmantena.com.br\/novo\/wp-content\/uploads\/2018\/05\/postoterraboa.jpg 700w, http:\/\/www.portalmantena.com.br\/novo\/wp-content\/uploads\/2018\/05\/postoterraboa-300x64.jpg 300w, http:\/\/www.portalmantena.com.br\/novo\/wp-content\/uploads\/2018\/05\/postoterraboa-696x150.jpg 696w\" sizes=\"(max-width: 700px) 100vw, 700px\" \/><\/a><\/p>\n","protected":false},"excerpt":{"rendered":"<p>A secretaria municipal de sa\u00fade de Mantena informa que a vacina\u00e7\u00e3o contra o covid 19 segue esta semana, para idosos com idade entre 80 e 84 anos. A vacina\u00e7\u00e3o ir\u00e1 acontecer nesta quarta-feira dia 10 de mar\u00e7o nos hor\u00e1rios de 8 \u00e0s 14 horas nos seguintes locais: Centro de Sa\u00fade (centro); PSF do bairro Treze [&hellip;]<\/p>\n","protected":false},"author":1,"featured_media":65859,"comment_status":"open","ping_status":"open","sticky":false,"template":"","format":"standard","meta":[],"categories":[12],"tags":[],"_links":{"self":[{"href":"http:\/\/www.portalmantena.com.br\/novo\/index.php?rest_route=\/wp\/v2\/posts\/65858"}],"collection":[{"href":"http:\/\/www.portalmantena.com.br\/novo\/index.php?rest_route=\/wp\/v2\/posts"}],"about":[{"href":"http:\/\/www.portalmantena.com.br\/novo\/index.php?rest_route=\/wp\/v2\/types\/post"}],"author":[{"embeddable":true,"href":"http:\/\/www.portalmantena.com.br\/novo\/index.php?rest_route=\/wp\/v2\/users\/1"}],"replies":[{"embeddable":true,"href":"http:\/\/www.portalmantena.com.br\/novo\/index.php?rest_route=%2Fwp%2Fv2%2Fcomments&post=65858"}],"version-history":[{"count":1,"href":"http:\/\/www.portalmantena.com.br\/novo\/index.php?rest_route=\/wp\/v2\/posts\/65858\/revisions"}],"predecessor-version":[{"id":65860,"href":"http:\/\/www.portalmantena.com.br\/novo\/index.php?rest_route=\/wp\/v2\/posts\/65858\/revisions\/65860"}],"wp:featuredmedia":[{"embeddable":true,"href":"http:\/\/www.portalmantena.com.br\/novo\/index.php?rest_route=\/wp\/v2\/media\/65859"}],"wp:attachment":[{"href":"http:\/\/www.portalmantena.com.br\/novo\/index.php?rest_route=%2Fwp%2Fv2%2Fmedia&parent=65858"}],"wp:term":[{"taxonomy":"category","embeddable":true,"href":"http:\/\/www.portalmantena.com.br\/novo\/index.php?rest_route=%2Fwp%2Fv2%2Fcategories&post=65858"},{"taxonomy":"post_tag","embeddable":true,"href":"http:\/\/www.portalmantena.com.br\/novo\/index.php?rest_route=%2Fwp%2Fv2%2Ftags&post=65858"}],"curies":[{"name":"wp","href":"https:\/\/api.w.org\/{rel}","templated":true}]}}