{"id":65818,"date":"2021-03-05T14:04:31","date_gmt":"2021-03-05T17:04:31","guid":{"rendered":"http:\/\/www.portalmantena.com.br\/novo\/?p=65818"},"modified":"2021-03-05T14:12:41","modified_gmt":"2021-03-05T17:12:41","slug":"covid-mantena-registra-o-42o-obito-e-16-casos-ativos","status":"publish","type":"post","link":"http:\/\/www.portalmantena.com.br\/novo\/?p=65818","title":{"rendered":"Covid: Mantena registra o 42\u00ba \u00f3bito e 16 casos ativos"},"content":{"rendered":"<p><a href=\"http:\/\/www.portalmantena.com.br\/novo\/wp-content\/uploads\/2021\/03\/no050321covid.jpg\"><img loading=\"lazy\" class=\"alignnone size-full wp-image-65819\" src=\"http:\/\/www.portalmantena.com.br\/novo\/wp-content\/uploads\/2021\/03\/no050321covid.jpg\" alt=\"\" width=\"700\" height=\"450\" srcset=\"http:\/\/www.portalmantena.com.br\/novo\/wp-content\/uploads\/2021\/03\/no050321covid.jpg 700w, http:\/\/www.portalmantena.com.br\/novo\/wp-content\/uploads\/2021\/03\/no050321covid-300x193.jpg 300w, http:\/\/www.portalmantena.com.br\/novo\/wp-content\/uploads\/2021\/03\/no050321covid-696x447.jpg 696w, http:\/\/www.portalmantena.com.br\/novo\/wp-content\/uploads\/2021\/03\/no050321covid-653x420.jpg 653w\" sizes=\"(max-width: 700px) 100vw, 700px\" \/><\/a><\/p>\n<p><span style=\"font-size: 14pt;\">O Boletim epidemiol\u00f3gico do munic\u00edpio de Mantena sobre o covid 19, divulgado na tarde desta quinta-feira dia 04 de mar\u00e7o, tr\u00e1s informa\u00e7\u00f5es relevantes sobre o avan\u00e7o da doen\u00e7a no munic\u00edpio. <\/span><\/p>\n<p><span style=\"font-size: 14pt;\">Um dos registros que se deve observar \u00e9 que o n\u00famero de casos suspeitos em investiga\u00e7\u00e3o aumentaram significativamente desde o \u00faltimo dia 1\u00ba de Mar\u00e7o (segunda-feira). <\/span><\/p>\n<p><span style=\"font-size: 18pt;\"><strong>Naquela data Mantena registrou 61 casos suspeitos em investiga\u00e7\u00e3o, e nesta quinta-feira surge com 106 casos. <\/strong><\/span><\/p>\n<p><span style=\"font-size: 14pt;\">J\u00e1 as pessoas em isolamento domiciliar (somando os casos suspeitos e os casos confirmados), totalizavam na segunda-feira 70 casos, e nesta quinta-feira o n\u00famero subiu para 122, ou seja, em um espa\u00e7o de 3 dias as proje\u00e7\u00f5es est\u00e3o se elevando rapidamente para casos suspeitos se tornarem confirmados. <\/span><\/p>\n<p><span style=\"font-size: 14pt;\">Mantena registra nesta quinta-feira 16 casos ativos, sendo que deste total 3 pacientes est\u00e3o internados em Ala, 03 internados em UTI e 10 pessoas em isolamento domiciliar. <\/span><\/p>\n<p><span style=\"font-size: 14pt;\">Infelizmente, tamb\u00e9m nesta data, Mantena registra mais um \u00f3bito, totalizando 42 mortes por covid 19 desde o in\u00edcio da Pandemia. <\/span><\/p>\n<p><span style=\"font-size: 14pt;\">Desta forma, seguimos alertando para que o cidad\u00e3o siga se prevenindo contra a infec\u00e7\u00e3o, evite aglomera\u00e7\u00f5es, use frequentemente m\u00e1scara e lave sempre as m\u00e3os. <\/span><\/p>\n<p><span style=\"font-size: 14pt;\">O momento \u00e9 delicado, com os casos de covid se multiplicando pelo pa\u00eds, e Mantena n\u00e3o est\u00e1 fora, se a popula\u00e7\u00e3o relaxar nos cuidados e preven\u00e7\u00e3o, os casos naturalmente ir\u00e3o subir e afetar novamente a toda popula\u00e7\u00e3o.<\/span><\/p>\n<p><a href=\"http:\/\/www.portalmantena.com.br\/novo\/\"><img loading=\"lazy\" class=\"alignnone size-full wp-image-37331\" src=\"http:\/\/www.portalmantena.com.br\/novo\/wp-content\/uploads\/2018\/05\/faixaportalnoticias5.jpg\" alt=\"\" width=\"700\" height=\"40\" srcset=\"http:\/\/www.portalmantena.com.br\/novo\/wp-content\/uploads\/2018\/05\/faixaportalnoticias5.jpg 700w, http:\/\/www.portalmantena.com.br\/novo\/wp-content\/uploads\/2018\/05\/faixaportalnoticias5-300x17.jpg 300w, http:\/\/www.portalmantena.com.br\/novo\/wp-content\/uploads\/2018\/05\/faixaportalnoticias5-696x40.jpg 696w\" sizes=\"(max-width: 700px) 100vw, 700px\" \/><\/a><\/p>\n<p><span style=\"font-size: 10pt;\">ESPA\u00c7O EMPRESARIAL<\/span><a href=\"https:\/\/www.facebook.com\/redecasasdastintas\/?__xts__[0]=68.ARBvBkEV-xf0LmeoVmLkmSNYi2fkJzyH_VdImjnJBqA-OJQ8WAGhfxFzuODZeXT97StHLCU2lui2hNiBS9juZZIIH59sSIfo9vM1711g7hmVObiniGMIKpCnGYGx_YmAkGj8o0shglKSje-m1cISUC5fXmbbIDZHgBn9rbll8J1_u-sWBptuc70mqMQ5dXSVaEbLcv7md0y1MndLTPX1QVF6vv_p8UwvHEYJiMzOeJ27-SNULvH_Ia_jzPUIPLemEjFfBOB1GDY2bKOl-hHJ82NDCthVWvRTDkLv5Ac-BJxkK8AMjv3yPHiiz_fTfCghxAzXR4kngL0HN5fNO2PSBWMM9g&amp;__tn__=HHH-R\"><img loading=\"lazy\" class=\"alignnone size-full wp-image-45727\" src=\"http:\/\/www.portalmantena.com.br\/novo\/wp-content\/uploads\/2018\/05\/casatintas120419.jpg\" alt=\"\" width=\"700\" height=\"150\" srcset=\"http:\/\/www.portalmantena.com.br\/novo\/wp-content\/uploads\/2018\/05\/casatintas120419.jpg 700w, http:\/\/www.portalmantena.com.br\/novo\/wp-content\/uploads\/2018\/05\/casatintas120419-300x64.jpg 300w, http:\/\/www.portalmantena.com.br\/novo\/wp-content\/uploads\/2018\/05\/casatintas120419-696x150.jpg 696w\" sizes=\"(max-width: 700px) 100vw, 700px\" \/><\/a><\/p>\n","protected":false},"excerpt":{"rendered":"<p>O Boletim epidemiol\u00f3gico do munic\u00edpio de Mantena sobre o covid 19, divulgado na tarde desta quinta-feira dia 04 de mar\u00e7o, tr\u00e1s informa\u00e7\u00f5es relevantes sobre o avan\u00e7o da doen\u00e7a no munic\u00edpio. Um dos registros que se deve observar \u00e9 que o n\u00famero de casos suspeitos em investiga\u00e7\u00e3o aumentaram significativamente desde o \u00faltimo dia 1\u00ba de Mar\u00e7o [&hellip;]<\/p>\n","protected":false},"author":1,"featured_media":65819,"comment_status":"open","ping_status":"open","sticky":false,"template":"","format":"standard","meta":[],"categories":[12],"tags":[],"_links":{"self":[{"href":"http:\/\/www.portalmantena.com.br\/novo\/index.php?rest_route=\/wp\/v2\/posts\/65818"}],"collection":[{"href":"http:\/\/www.portalmantena.com.br\/novo\/index.php?rest_route=\/wp\/v2\/posts"}],"about":[{"href":"http:\/\/www.portalmantena.com.br\/novo\/index.php?rest_route=\/wp\/v2\/types\/post"}],"author":[{"embeddable":true,"href":"http:\/\/www.portalmantena.com.br\/novo\/index.php?rest_route=\/wp\/v2\/users\/1"}],"replies":[{"embeddable":true,"href":"http:\/\/www.portalmantena.com.br\/novo\/index.php?rest_route=%2Fwp%2Fv2%2Fcomments&post=65818"}],"version-history":[{"count":1,"href":"http:\/\/www.portalmantena.com.br\/novo\/index.php?rest_route=\/wp\/v2\/posts\/65818\/revisions"}],"predecessor-version":[{"id":65820,"href":"http:\/\/www.portalmantena.com.br\/novo\/index.php?rest_route=\/wp\/v2\/posts\/65818\/revisions\/65820"}],"wp:featuredmedia":[{"embeddable":true,"href":"http:\/\/www.portalmantena.com.br\/novo\/index.php?rest_route=\/wp\/v2\/media\/65819"}],"wp:attachment":[{"href":"http:\/\/www.portalmantena.com.br\/novo\/index.php?rest_route=%2Fwp%2Fv2%2Fmedia&parent=65818"}],"wp:term":[{"taxonomy":"category","embeddable":true,"href":"http:\/\/www.portalmantena.com.br\/novo\/index.php?rest_route=%2Fwp%2Fv2%2Fcategories&post=65818"},{"taxonomy":"post_tag","embeddable":true,"href":"http:\/\/www.portalmantena.com.br\/novo\/index.php?rest_route=%2Fwp%2Fv2%2Ftags&post=65818"}],"curies":[{"name":"wp","href":"https:\/\/api.w.org\/{rel}","templated":true}]}}