{"id":65813,"date":"2021-03-05T11:17:12","date_gmt":"2021-03-05T14:17:12","guid":{"rendered":"http:\/\/www.portalmantena.com.br\/novo\/?p=65813"},"modified":"2021-03-05T11:18:15","modified_gmt":"2021-03-05T14:18:15","slug":"vice-prefeito-de-mantena-dr-ronaldson-faz-aniversario","status":"publish","type":"post","link":"http:\/\/www.portalmantena.com.br\/novo\/?p=65813","title":{"rendered":"Parab\u00e9ns ao Vice prefeito de Mantena Dr. Ronaldson"},"content":{"rendered":"<p><a href=\"http:\/\/www.portalmantena.com.br\/novo\/wp-content\/uploads\/2021\/03\/vi050321niver3.jpg\"><img loading=\"lazy\" class=\"alignnone size-full wp-image-65811\" src=\"http:\/\/www.portalmantena.com.br\/novo\/wp-content\/uploads\/2021\/03\/vi050321niver3.jpg\" alt=\"\" width=\"700\" height=\"450\" srcset=\"http:\/\/www.portalmantena.com.br\/novo\/wp-content\/uploads\/2021\/03\/vi050321niver3.jpg 700w, http:\/\/www.portalmantena.com.br\/novo\/wp-content\/uploads\/2021\/03\/vi050321niver3-300x193.jpg 300w, http:\/\/www.portalmantena.com.br\/novo\/wp-content\/uploads\/2021\/03\/vi050321niver3-696x447.jpg 696w, http:\/\/www.portalmantena.com.br\/novo\/wp-content\/uploads\/2021\/03\/vi050321niver3-653x420.jpg 653w\" sizes=\"(max-width: 700px) 100vw, 700px\" \/><\/a><\/p>\n<p><span style=\"font-size: 14pt;\">Quem sopra velinhas nesta sexta-feira dia 05 de mar\u00e7o, \u00e9 o nosso amigo, o vice prefeito e m\u00e9dico mantenense Dr. Ronaldson Souza Ferreira. <\/span><\/p>\n<p><span style=\"font-size: 14pt;\">Ele que mesmo antes de entrar para a pol\u00edtica j\u00e1 era muito conhecido na cidade pelos servi\u00e7os prestados, e agora \u00e9 uma refer\u00eancia tamb\u00e9m no atual governo, assumindo um cargo pela primeira vez no mais alto escal\u00e3o do governo municipal. <\/span><\/p>\n<p><span style=\"font-size: 14pt;\">O momento \u00e9 de alegria e gratid\u00e3o por sua vida, desta forma, estamos felizes por mais um ano de vida deste amigo e cidad\u00e3o mantenense que tanto tem feito para o desenvolvimento de nossa comunidade. <\/span><\/p>\n<p><span style=\"font-size: 14pt;\">Parab\u00e9ns Dr. Ronaldson, desejamos muita sa\u00fade, paz e felicidades e que o nosso Deus ilumine sempre sua vida, lhe protegendo e aben\u00e7oando, tanto a voc\u00ea o aniversariante do dia, bem como \u00e0 toda sua fam\u00edlia.<\/span><\/p>\n<p><a href=\"http:\/\/www.portalmantena.com.br\/novo\/wp-content\/uploads\/2021\/03\/vi050321niver2.jpg\"><img loading=\"lazy\" class=\"alignnone size-full wp-image-65810\" src=\"http:\/\/www.portalmantena.com.br\/novo\/wp-content\/uploads\/2021\/03\/vi050321niver2.jpg\" alt=\"\" width=\"700\" height=\"450\" srcset=\"http:\/\/www.portalmantena.com.br\/novo\/wp-content\/uploads\/2021\/03\/vi050321niver2.jpg 700w, http:\/\/www.portalmantena.com.br\/novo\/wp-content\/uploads\/2021\/03\/vi050321niver2-300x193.jpg 300w, http:\/\/www.portalmantena.com.br\/novo\/wp-content\/uploads\/2021\/03\/vi050321niver2-696x447.jpg 696w, http:\/\/www.portalmantena.com.br\/novo\/wp-content\/uploads\/2021\/03\/vi050321niver2-653x420.jpg 653w\" sizes=\"(max-width: 700px) 100vw, 700px\" \/><\/a> <a href=\"http:\/\/www.portalmantena.com.br\/novo\/wp-content\/uploads\/2021\/03\/vi050321niver1.jpg\"><img loading=\"lazy\" class=\"alignnone size-full wp-image-65809\" src=\"http:\/\/www.portalmantena.com.br\/novo\/wp-content\/uploads\/2021\/03\/vi050321niver1.jpg\" alt=\"\" width=\"700\" height=\"450\" srcset=\"http:\/\/www.portalmantena.com.br\/novo\/wp-content\/uploads\/2021\/03\/vi050321niver1.jpg 700w, http:\/\/www.portalmantena.com.br\/novo\/wp-content\/uploads\/2021\/03\/vi050321niver1-300x193.jpg 300w, http:\/\/www.portalmantena.com.br\/novo\/wp-content\/uploads\/2021\/03\/vi050321niver1-696x447.jpg 696w, http:\/\/www.portalmantena.com.br\/novo\/wp-content\/uploads\/2021\/03\/vi050321niver1-653x420.jpg 653w\" sizes=\"(max-width: 700px) 100vw, 700px\" \/><\/a><\/p>\n<p><a href=\"http:\/\/www.portalmantena.com.br\/novo\/\"><img loading=\"lazy\" class=\"alignnone size-full wp-image-37296\" src=\"http:\/\/www.portalmantena.com.br\/novo\/wp-content\/uploads\/2018\/05\/faixavitrine2.jpg\" alt=\"\" width=\"700\" height=\"40\" srcset=\"http:\/\/www.portalmantena.com.br\/novo\/wp-content\/uploads\/2018\/05\/faixavitrine2.jpg 700w, http:\/\/www.portalmantena.com.br\/novo\/wp-content\/uploads\/2018\/05\/faixavitrine2-300x17.jpg 300w, http:\/\/www.portalmantena.com.br\/novo\/wp-content\/uploads\/2018\/05\/faixavitrine2-696x40.jpg 696w\" sizes=\"(max-width: 700px) 100vw, 700px\" \/><\/a><\/p>\n<p><span style=\"font-size: 10pt;\">ESPA\u00c7O EMPRESARIAL<\/span><a href=\"http:\/\/www.portalmantena.com.br\/novo\/wp-content\/uploads\/2018\/05\/siqueira020321.jpg\"><img loading=\"lazy\" class=\"alignnone size-full wp-image-65773\" src=\"http:\/\/www.portalmantena.com.br\/novo\/wp-content\/uploads\/2018\/05\/siqueira020321.jpg\" alt=\"\" width=\"700\" height=\"150\" srcset=\"http:\/\/www.portalmantena.com.br\/novo\/wp-content\/uploads\/2018\/05\/siqueira020321.jpg 700w, http:\/\/www.portalmantena.com.br\/novo\/wp-content\/uploads\/2018\/05\/siqueira020321-300x64.jpg 300w, http:\/\/www.portalmantena.com.br\/novo\/wp-content\/uploads\/2018\/05\/siqueira020321-696x150.jpg 696w\" sizes=\"(max-width: 700px) 100vw, 700px\" \/><\/a><\/p>\n","protected":false},"excerpt":{"rendered":"<p>Quem sopra velinhas nesta sexta-feira dia 05 de mar\u00e7o, \u00e9 o nosso amigo, o vice prefeito e m\u00e9dico mantenense Dr. Ronaldson Souza Ferreira. Ele que mesmo antes de entrar para a pol\u00edtica j\u00e1 era muito conhecido na cidade pelos servi\u00e7os prestados, e agora \u00e9 uma refer\u00eancia tamb\u00e9m no atual governo, assumindo um cargo pela primeira [&hellip;]<\/p>\n","protected":false},"author":1,"featured_media":65811,"comment_status":"open","ping_status":"open","sticky":false,"template":"","format":"standard","meta":[],"categories":[7],"tags":[],"_links":{"self":[{"href":"http:\/\/www.portalmantena.com.br\/novo\/index.php?rest_route=\/wp\/v2\/posts\/65813"}],"collection":[{"href":"http:\/\/www.portalmantena.com.br\/novo\/index.php?rest_route=\/wp\/v2\/posts"}],"about":[{"href":"http:\/\/www.portalmantena.com.br\/novo\/index.php?rest_route=\/wp\/v2\/types\/post"}],"author":[{"embeddable":true,"href":"http:\/\/www.portalmantena.com.br\/novo\/index.php?rest_route=\/wp\/v2\/users\/1"}],"replies":[{"embeddable":true,"href":"http:\/\/www.portalmantena.com.br\/novo\/index.php?rest_route=%2Fwp%2Fv2%2Fcomments&post=65813"}],"version-history":[{"count":2,"href":"http:\/\/www.portalmantena.com.br\/novo\/index.php?rest_route=\/wp\/v2\/posts\/65813\/revisions"}],"predecessor-version":[{"id":65815,"href":"http:\/\/www.portalmantena.com.br\/novo\/index.php?rest_route=\/wp\/v2\/posts\/65813\/revisions\/65815"}],"wp:featuredmedia":[{"embeddable":true,"href":"http:\/\/www.portalmantena.com.br\/novo\/index.php?rest_route=\/wp\/v2\/media\/65811"}],"wp:attachment":[{"href":"http:\/\/www.portalmantena.com.br\/novo\/index.php?rest_route=%2Fwp%2Fv2%2Fmedia&parent=65813"}],"wp:term":[{"taxonomy":"category","embeddable":true,"href":"http:\/\/www.portalmantena.com.br\/novo\/index.php?rest_route=%2Fwp%2Fv2%2Fcategories&post=65813"},{"taxonomy":"post_tag","embeddable":true,"href":"http:\/\/www.portalmantena.com.br\/novo\/index.php?rest_route=%2Fwp%2Fv2%2Ftags&post=65813"}],"curies":[{"name":"wp","href":"https:\/\/api.w.org\/{rel}","templated":true}]}}