{"id":65807,"date":"2021-03-05T11:03:57","date_gmt":"2021-03-05T14:03:57","guid":{"rendered":"http:\/\/www.portalmantena.com.br\/novo\/?p=65807"},"modified":"2021-03-05T11:03:57","modified_gmt":"2021-03-05T14:03:57","slug":"ilustre-mantenense-sr-geraldo-vaz-soprando-velinhas","status":"publish","type":"post","link":"http:\/\/www.portalmantena.com.br\/novo\/?p=65807","title":{"rendered":"Ilustre mantenense Sr. Geraldo Vaz soprando velinhas"},"content":{"rendered":"<p><a href=\"http:\/\/www.portalmantena.com.br\/novo\/wp-content\/uploads\/2021\/03\/vi050321niver.jpg\"><img loading=\"lazy\" class=\"alignnone size-full wp-image-65808\" src=\"http:\/\/www.portalmantena.com.br\/novo\/wp-content\/uploads\/2021\/03\/vi050321niver.jpg\" alt=\"\" width=\"700\" height=\"450\" srcset=\"http:\/\/www.portalmantena.com.br\/novo\/wp-content\/uploads\/2021\/03\/vi050321niver.jpg 700w, http:\/\/www.portalmantena.com.br\/novo\/wp-content\/uploads\/2021\/03\/vi050321niver-300x193.jpg 300w, http:\/\/www.portalmantena.com.br\/novo\/wp-content\/uploads\/2021\/03\/vi050321niver-696x447.jpg 696w, http:\/\/www.portalmantena.com.br\/novo\/wp-content\/uploads\/2021\/03\/vi050321niver-653x420.jpg 653w\" sizes=\"(max-width: 700px) 100vw, 700px\" \/><\/a><\/p>\n<p><span style=\"font-size: 14pt;\">Quem soprou velinhas esta semana foi o ilustre mantenense Sr. Geraldo Vaz, pai da vereadora Maria do Moreno. <\/span><\/p>\n<p><span style=\"font-size: 14pt;\">Completando seus 93 anos de vida, foi momento de muita alegria para a fam\u00edlia que se reuniu para levar aquele carinho ao patriarca.<\/span><\/p>\n<p><span style=\"font-size: 14pt;\"> Aproveitamos a oportunidade para tamb\u00e9m desejar as mais ricas b\u00ean\u00e7\u00e3os do nosso DEUS ao aniversariante, pedindo sempre prote\u00e7\u00e3o para sua vida, bem como para sua fam\u00edlia, parab\u00e9ns.<\/span><\/p>\n<p><a href=\"http:\/\/www.portalmantena.com.br\/novo\/\"><img loading=\"lazy\" class=\"alignnone size-full wp-image-37296\" src=\"http:\/\/www.portalmantena.com.br\/novo\/wp-content\/uploads\/2018\/05\/faixavitrine2.jpg\" alt=\"\" width=\"700\" height=\"40\" srcset=\"http:\/\/www.portalmantena.com.br\/novo\/wp-content\/uploads\/2018\/05\/faixavitrine2.jpg 700w, http:\/\/www.portalmantena.com.br\/novo\/wp-content\/uploads\/2018\/05\/faixavitrine2-300x17.jpg 300w, http:\/\/www.portalmantena.com.br\/novo\/wp-content\/uploads\/2018\/05\/faixavitrine2-696x40.jpg 696w\" sizes=\"(max-width: 700px) 100vw, 700px\" \/><\/a><\/p>\n<p><span style=\"font-size: 10pt;\">ESPA\u00c7O EMPRESARIAL<\/span><a href=\"https:\/\/www.facebook.com\/1148561818529027\/posts\/3085046094880580?d=w\"><img loading=\"lazy\" class=\"alignnone size-full wp-image-65103\" src=\"http:\/\/www.portalmantena.com.br\/novo\/wp-content\/uploads\/2018\/05\/tekolbasic010121.jpg\" alt=\"\" width=\"700\" height=\"150\" srcset=\"http:\/\/www.portalmantena.com.br\/novo\/wp-content\/uploads\/2018\/05\/tekolbasic010121.jpg 700w, http:\/\/www.portalmantena.com.br\/novo\/wp-content\/uploads\/2018\/05\/tekolbasic010121-300x64.jpg 300w, http:\/\/www.portalmantena.com.br\/novo\/wp-content\/uploads\/2018\/05\/tekolbasic010121-696x150.jpg 696w\" sizes=\"(max-width: 700px) 100vw, 700px\" \/><\/a><\/p>\n","protected":false},"excerpt":{"rendered":"<p>Quem soprou velinhas esta semana foi o ilustre mantenense Sr. Geraldo Vaz, pai da vereadora Maria do Moreno. Completando seus 93 anos de vida, foi momento de muita alegria para a fam\u00edlia que se reuniu para levar aquele carinho ao patriarca. Aproveitamos a oportunidade para tamb\u00e9m desejar as mais ricas b\u00ean\u00e7\u00e3os do nosso DEUS ao [&hellip;]<\/p>\n","protected":false},"author":1,"featured_media":65808,"comment_status":"open","ping_status":"open","sticky":false,"template":"","format":"standard","meta":[],"categories":[7],"tags":[],"_links":{"self":[{"href":"http:\/\/www.portalmantena.com.br\/novo\/index.php?rest_route=\/wp\/v2\/posts\/65807"}],"collection":[{"href":"http:\/\/www.portalmantena.com.br\/novo\/index.php?rest_route=\/wp\/v2\/posts"}],"about":[{"href":"http:\/\/www.portalmantena.com.br\/novo\/index.php?rest_route=\/wp\/v2\/types\/post"}],"author":[{"embeddable":true,"href":"http:\/\/www.portalmantena.com.br\/novo\/index.php?rest_route=\/wp\/v2\/users\/1"}],"replies":[{"embeddable":true,"href":"http:\/\/www.portalmantena.com.br\/novo\/index.php?rest_route=%2Fwp%2Fv2%2Fcomments&post=65807"}],"version-history":[{"count":1,"href":"http:\/\/www.portalmantena.com.br\/novo\/index.php?rest_route=\/wp\/v2\/posts\/65807\/revisions"}],"predecessor-version":[{"id":65812,"href":"http:\/\/www.portalmantena.com.br\/novo\/index.php?rest_route=\/wp\/v2\/posts\/65807\/revisions\/65812"}],"wp:featuredmedia":[{"embeddable":true,"href":"http:\/\/www.portalmantena.com.br\/novo\/index.php?rest_route=\/wp\/v2\/media\/65808"}],"wp:attachment":[{"href":"http:\/\/www.portalmantena.com.br\/novo\/index.php?rest_route=%2Fwp%2Fv2%2Fmedia&parent=65807"}],"wp:term":[{"taxonomy":"category","embeddable":true,"href":"http:\/\/www.portalmantena.com.br\/novo\/index.php?rest_route=%2Fwp%2Fv2%2Fcategories&post=65807"},{"taxonomy":"post_tag","embeddable":true,"href":"http:\/\/www.portalmantena.com.br\/novo\/index.php?rest_route=%2Fwp%2Fv2%2Ftags&post=65807"}],"curies":[{"name":"wp","href":"https:\/\/api.w.org\/{rel}","templated":true}]}}